{"id":8383,"date":"2018-10-20T11:42:43","date_gmt":"2018-10-20T09:42:43","guid":{"rendered":"https:\/\/www.elturistatranquil.com\/?p=8383"},"modified":"2025-08-04T19:41:24","modified_gmt":"2025-08-04T17:41:24","slug":"poblat-iber-turo-rodo","status":"publish","type":"post","link":"https:\/\/www.elturistatranquil.com\/ca\/poblat-iber-turo-rodo\/","title":{"rendered":"Poblat iber Tur\u00f3 Rod\u00f3 (Girona)"},"content":{"rendered":"\t\t<div data-elementor-type=\"wp-post\" data-elementor-id=\"8383\" class=\"elementor elementor-8383 elementor-8334 elementor-bc-flex-widget\" data-elementor-post-type=\"post\">\n\t\t\t\t\t\t<section class=\"elementor-section elementor-top-section elementor-element elementor-element-6069a99d elementor-section-boxed elementor-section-height-default elementor-section-height-default\" data-id=\"6069a99d\" data-element_type=\"section\" data-e-type=\"section\">\n\t\t\t\t\t\t<div class=\"elementor-container elementor-column-gap-default\">\n\t\t\t\t\t<div class=\"elementor-column elementor-col-100 elementor-top-column elementor-element elementor-element-63562e0b\" data-id=\"63562e0b\" data-element_type=\"column\" data-e-type=\"column\">\n\t\t\t<div class=\"elementor-widget-wrap elementor-element-populated\">\n\t\t\t\t\t\t<section class=\"elementor-section elementor-inner-section elementor-element elementor-element-6fa223ee elementor-section-content-middle elementor-section-boxed elementor-section-height-default elementor-section-height-default\" data-id=\"6fa223ee\" data-element_type=\"section\" data-e-type=\"section\">\n\t\t\t\t\t\t<div class=\"elementor-container elementor-column-gap-default\">\n\t\t\t\t\t<div class=\"elementor-column elementor-col-100 elementor-inner-column elementor-element elementor-element-2f39d3b3\" data-id=\"2f39d3b3\" data-element_type=\"column\" data-e-type=\"column\">\n\t\t\t<div class=\"elementor-widget-wrap elementor-element-populated\">\n\t\t\t\t\t\t<div class=\"elementor-element elementor-element-29dbba1c elementor-widget elementor-widget-text-editor\" data-id=\"29dbba1c\" data-element_type=\"widget\" data-e-type=\"widget\" data-widget_type=\"text-editor.default\">\n\t\t\t\t<div class=\"elementor-widget-container\">\n\t\t\t\t\t\t\t\t\t<p>El Post sobre el <em>Poblat iber de Tur\u00f3 Rod\u00f3<\/em> (Lloret de Mar, Girona) te el seu inter\u00e8s en que ens permetr\u00e0 veure un habitatge iber reconstru\u00eft <em>in situ<\/em>. \u00c9s tamb\u00e9 un exemple de l\u2019elecci\u00f3 dels empla\u00e7aments en la l\u00ednia de costa.<\/p>\t\t\t\t\t\t\t\t<\/div>\n\t\t\t\t<\/div>\n\t\t\t\t\t<\/div>\n\t\t<\/div>\n\t\t\t\t\t<\/div>\n\t\t<\/section>\n\t\t\t\t<div class=\"elementor-element elementor-element-569b9452 elementor-widget elementor-widget-heading\" data-id=\"569b9452\" data-element_type=\"widget\" data-e-type=\"widget\" data-widget_type=\"heading.default\">\n\t\t\t\t<div class=\"elementor-widget-container\">\n\t\t\t\t\t<h1 class=\"elementor-heading-title elementor-size-default\">Poblat iber Tur\u00f3 Rod\u00f3<\/h1>\t\t\t\t<\/div>\n\t\t\t\t<\/div>\n\t\t\t\t\t<\/div>\n\t\t<\/div>\n\t\t\t\t\t<\/div>\n\t\t<\/section>\n\t\t\t\t<section class=\"elementor-section elementor-top-section elementor-element elementor-element-9a267e1 elementor-section-boxed elementor-section-height-default elementor-section-height-default\" data-id=\"9a267e1\" data-element_type=\"section\" data-e-type=\"section\">\n\t\t\t\t\t\t<div class=\"elementor-container elementor-column-gap-default\">\n\t\t\t\t\t<div class=\"elementor-column elementor-col-100 elementor-top-column elementor-element elementor-element-301e5ded\" data-id=\"301e5ded\" data-element_type=\"column\" data-e-type=\"column\">\n\t\t\t<div class=\"elementor-widget-wrap elementor-element-populated\">\n\t\t\t\t\t\t<div class=\"elementor-element elementor-element-1b50a524 elementor-widget elementor-widget-image\" data-id=\"1b50a524\" data-element_type=\"widget\" data-e-type=\"widget\" data-widget_type=\"image.default\">\n\t\t\t\t<div class=\"elementor-widget-container\">\n\t\t\t\t\t\t\t\t\t\t\t\t<figure class=\"wp-caption\">\n\t\t\t\t\t\t\t\t\t\t<img fetchpriority=\"high\" decoding=\"async\" width=\"800\" height=\"533\" src=\"https:\/\/www.elturistatranquil.com\/wp-content\/uploads\/F01-Poblat-Iber-de-Tur\u00f3-Rod\u00f3-Google-earth-2018-10-12-1.jpg\" class=\"attachment-large size-large wp-image-8385\" alt=\"\" srcset=\"https:\/\/www.elturistatranquil.com\/wp-content\/uploads\/F01-Poblat-Iber-de-Tur\u00f3-Rod\u00f3-Google-earth-2018-10-12-1.jpg 800w, https:\/\/www.elturistatranquil.com\/wp-content\/uploads\/F01-Poblat-Iber-de-Tur\u00f3-Rod\u00f3-Google-earth-2018-10-12-1-768x512.jpg 768w\" sizes=\"(max-width: 800px) 100vw, 800px\" \/>\t\t\t\t\t\t\t\t\t\t\t<figcaption class=\"widget-image-caption wp-caption-text\">Poblat iber de Tur\u00f3 Rod\u00f3 (Google earth 2018-09-14)<\/figcaption>\n\t\t\t\t\t\t\t\t\t\t<\/figure>\n\t\t\t\t\t\t\t\t\t<\/div>\n\t\t\t\t<\/div>\n\t\t\t\t<div class=\"elementor-element elementor-element-3de02318 elementor-widget elementor-widget-spacer\" data-id=\"3de02318\" data-element_type=\"widget\" data-e-type=\"widget\" data-widget_type=\"spacer.default\">\n\t\t\t\t<div class=\"elementor-widget-container\">\n\t\t\t\t\t\t\t<div class=\"elementor-spacer\">\n\t\t\t<div class=\"elementor-spacer-inner\"><\/div>\n\t\t<\/div>\n\t\t\t\t\t\t<\/div>\n\t\t\t\t<\/div>\n\t\t\t\t<div class=\"elementor-element elementor-element-71cb2a54 elementor-widget elementor-widget-heading\" data-id=\"71cb2a54\" data-element_type=\"widget\" data-e-type=\"widget\" data-widget_type=\"heading.default\">\n\t\t\t\t<div class=\"elementor-widget-container\">\n\t\t\t\t\t<h2 class=\"elementor-heading-title elementor-size-default\">Poblat iber Tur\u00f3 Rod\u00f3 (La Selva)<\/h2>\t\t\t\t<\/div>\n\t\t\t\t<\/div>\n\t\t\t\t<section class=\"elementor-section elementor-inner-section elementor-element elementor-element-61c618c4 elementor-section-boxed elementor-section-height-default elementor-section-height-default\" data-id=\"61c618c4\" data-element_type=\"section\" data-e-type=\"section\" data-settings=\"{&quot;background_background&quot;:&quot;classic&quot;}\">\n\t\t\t\t\t\t\t<div class=\"elementor-background-overlay\"><\/div>\n\t\t\t\t\t\t\t<div class=\"elementor-container elementor-column-gap-default\">\n\t\t\t\t\t<div class=\"elementor-column elementor-col-100 elementor-inner-column elementor-element elementor-element-175ff217\" data-id=\"175ff217\" data-element_type=\"column\" data-e-type=\"column\" data-settings=\"{&quot;background_background&quot;:&quot;classic&quot;}\">\n\t\t\t<div class=\"elementor-widget-wrap elementor-element-populated\">\n\t\t\t\t\t\t<div class=\"elementor-element elementor-element-6c54c5a0 elementor-widget elementor-widget-text-editor\" data-id=\"6c54c5a0\" data-element_type=\"widget\" data-e-type=\"widget\" data-widget_type=\"text-editor.default\">\n\t\t\t\t<div class=\"elementor-widget-container\">\n\t\t\t\t\t\t\t\t\t<p>Municipi: Lloret de Mar. Comarca: La Selva. Prov\u00edncia: Girona. Com. Aut\u00f2noma: Catalunya<\/p>\t\t\t\t\t\t\t\t<\/div>\n\t\t\t\t<\/div>\n\t\t\t\t<div class=\"elementor-element elementor-element-7955a864 elementor-widget elementor-widget-text-editor\" data-id=\"7955a864\" data-element_type=\"widget\" data-e-type=\"widget\" data-widget_type=\"text-editor.default\">\n\t\t\t\t<div class=\"elementor-widget-container\">\n\t\t\t\t\t\t\t\t\t<p>Coordenades: 41<sup>0<\/sup> 41\u201959\u201dN 2<sup>o<\/sup> 51\u201936\u201dE<\/p>\t\t\t\t\t\t\t\t<\/div>\n\t\t\t\t<\/div>\n\t\t\t\t<div class=\"elementor-element elementor-element-1251959 elementor-widget elementor-widget-text-editor\" data-id=\"1251959\" data-element_type=\"widget\" data-e-type=\"widget\" data-widget_type=\"text-editor.default\">\n\t\t\t\t<div class=\"elementor-widget-container\">\n\t\t\t\t\t\t\t\t\t<p>Web. <a href=\"http:\/\/patrimoni.lloret.cat\/es\/moll-museo-abierto-de-lloret\/poblado-iberico-turo-rodo\" target=\"_blank\" rel=\"noopener\">Patrimoni Lloret<\/a><\/p>\t\t\t\t\t\t\t\t<\/div>\n\t\t\t\t<\/div>\n\t\t\t\t<div class=\"elementor-element elementor-element-166a8a9c elementor-widget elementor-widget-text-editor\" data-id=\"166a8a9c\" data-element_type=\"widget\" data-e-type=\"widget\" data-widget_type=\"text-editor.default\">\n\t\t\t\t<div class=\"elementor-widget-container\">\n\t\t\t\t\t\t\t\t\t<p>Visita: 2018<\/p>\t\t\t\t\t\t\t\t<\/div>\n\t\t\t\t<\/div>\n\t\t\t\t\t<\/div>\n\t\t<\/div>\n\t\t\t\t\t<\/div>\n\t\t<\/section>\n\t\t\t\t<div class=\"elementor-element elementor-element-44ad4ba1 elementor-widget elementor-widget-image\" data-id=\"44ad4ba1\" data-element_type=\"widget\" data-e-type=\"widget\" data-widget_type=\"image.default\">\n\t\t\t\t<div class=\"elementor-widget-container\">\n\t\t\t\t\t\t\t\t\t\t\t\t<figure class=\"wp-caption\">\n\t\t\t\t\t\t\t\t\t\t<img decoding=\"async\" width=\"768\" height=\"511\" src=\"https:\/\/www.elturistatranquil.com\/wp-content\/uploads\/Poblats-visitats-768x511.jpg\" class=\"attachment-medium_large size-medium_large wp-image-8435\" alt=\"Poblats visitats\" srcset=\"https:\/\/www.elturistatranquil.com\/wp-content\/uploads\/Poblats-visitats-768x511.jpg 768w, https:\/\/www.elturistatranquil.com\/wp-content\/uploads\/Poblats-visitats.jpg 800w\" sizes=\"(max-width: 768px) 100vw, 768px\" \/>\t\t\t\t\t\t\t\t\t\t\t<figcaption class=\"widget-image-caption wp-caption-text\">Posici\u00f3n del poblado ibero de Tur\u00f3 Rod\u00f3 <\/figcaption>\n\t\t\t\t\t\t\t\t\t\t<\/figure>\n\t\t\t\t\t\t\t\t\t<\/div>\n\t\t\t\t<\/div>\n\t\t\t\t<div class=\"elementor-element elementor-element-4418bc7f elementor-widget elementor-widget-menu-anchor\" data-id=\"4418bc7f\" data-element_type=\"widget\" data-e-type=\"widget\" data-widget_type=\"menu-anchor.default\">\n\t\t\t\t<div class=\"elementor-widget-container\">\n\t\t\t\t\t\t\t<div class=\"elementor-menu-anchor\" id=\"b2201\"><\/div>\n\t\t\t\t\t\t<\/div>\n\t\t\t\t<\/div>\n\t\t\t\t<section class=\"elementor-section elementor-inner-section elementor-element elementor-element-4fffbd12 elementor-section-boxed elementor-section-height-default elementor-section-height-default\" data-id=\"4fffbd12\" data-element_type=\"section\" data-e-type=\"section\" data-settings=\"{&quot;background_background&quot;:&quot;classic&quot;}\">\n\t\t\t\t\t\t<div class=\"elementor-container elementor-column-gap-default\">\n\t\t\t\t\t<div class=\"elementor-column elementor-col-100 elementor-inner-column elementor-element elementor-element-391ddbcf\" data-id=\"391ddbcf\" data-element_type=\"column\" data-e-type=\"column\">\n\t\t\t<div class=\"elementor-widget-wrap elementor-element-populated\">\n\t\t\t\t\t\t<div class=\"elementor-element elementor-element-5d98d827 elementor-widget elementor-widget-text-editor\" data-id=\"5d98d827\" data-element_type=\"widget\" data-e-type=\"widget\" data-widget_type=\"text-editor.default\">\n\t\t\t\t<div class=\"elementor-widget-container\">\n\t\t\t\t\t\t\t\t\t<p><strong>\u00cdndex<\/strong><\/p>\t\t\t\t\t\t\t\t<\/div>\n\t\t\t\t<\/div>\n\t\t\t\t<div class=\"elementor-element elementor-element-23a2a439 elementor-widget elementor-widget-text-editor\" data-id=\"23a2a439\" data-element_type=\"widget\" data-e-type=\"widget\" data-widget_type=\"text-editor.default\">\n\t\t\t\t<div class=\"elementor-widget-container\">\n\t\t\t\t\t\t\t\t\t<p><a href=\"https:\/\/www.elturistatranquil.com\/ca\/poblat-iber-turo-rodo\/#b2201\">Poblat iber de Tur\u00f3 Rod\u00f3 (La Selva, Girona)<\/a><\/p>\t\t\t\t\t\t\t\t<\/div>\n\t\t\t\t<\/div>\n\t\t\t\t<div class=\"elementor-element elementor-element-4aed8a51 elementor-widget elementor-widget-text-editor\" data-id=\"4aed8a51\" data-element_type=\"widget\" data-e-type=\"widget\" data-widget_type=\"text-editor.default\">\n\t\t\t\t<div class=\"elementor-widget-container\">\n\t\t\t\t\t\t\t\t\t<p><a href=\"https:\/\/www.elturistatranquil.com\/ca\/poblat-iber-turo-rodo\/#b2202\">El sistema defensiu<\/a><\/p>\t\t\t\t\t\t\t\t<\/div>\n\t\t\t\t<\/div>\n\t\t\t\t<div class=\"elementor-element elementor-element-259d1294 elementor-widget elementor-widget-text-editor\" data-id=\"259d1294\" data-element_type=\"widget\" data-e-type=\"widget\" data-widget_type=\"text-editor.default\">\n\t\t\t\t<div class=\"elementor-widget-container\">\n\t\t\t\t\t\t\t\t\t<p><a href=\"https:\/\/www.elturistatranquil.com\/ca\/poblat-iber-turo-rodo\/#b2203\">Les cases<\/a><\/p>\t\t\t\t\t\t\t\t<\/div>\n\t\t\t\t<\/div>\n\t\t\t\t<div class=\"elementor-element elementor-element-c6381bf elementor-widget elementor-widget-text-editor\" data-id=\"c6381bf\" data-element_type=\"widget\" data-e-type=\"widget\" data-widget_type=\"text-editor.default\">\n\t\t\t\t<div class=\"elementor-widget-container\">\n\t\t\t\t\t\t\t\t\t<p><a href=\"https:\/\/www.elturistatranquil.com\/ca\/poblat-iber-turo-rodo\/#b2204\">Reconstrucci\u00f3 d&#8217;una casa ibera<\/a><\/p>\t\t\t\t\t\t\t\t<\/div>\n\t\t\t\t<\/div>\n\t\t\t\t<div class=\"elementor-element elementor-element-db53eb1 elementor-widget elementor-widget-text-editor\" data-id=\"db53eb1\" data-element_type=\"widget\" data-e-type=\"widget\" data-widget_type=\"text-editor.default\">\n\t\t\t\t<div class=\"elementor-widget-container\">\n\t\t\t\t\t\t\t\t\t<p><a href=\"https:\/\/www.elturistatranquil.com\/ca\/poblat-iber-turo-rodo\/#b2205\">Abandonament del poblat<\/a><\/p>\t\t\t\t\t\t\t\t<\/div>\n\t\t\t\t<\/div>\n\t\t\t\t<div class=\"elementor-element elementor-element-6e874581 elementor-widget elementor-widget-text-editor\" data-id=\"6e874581\" data-element_type=\"widget\" data-e-type=\"widget\" data-widget_type=\"text-editor.default\">\n\t\t\t\t<div class=\"elementor-widget-container\">\n\t\t\t\t\t\t\t\t\t<p><a href=\"https:\/\/www.elturistatranquil.com\/ca\/poblat-iber-turo-rodo\/#b2206\">Bases d\u2019informaci\u00f3<\/a><\/p>\t\t\t\t\t\t\t\t<\/div>\n\t\t\t\t<\/div>\n\t\t\t\t\t<\/div>\n\t\t<\/div>\n\t\t\t\t\t<\/div>\n\t\t<\/section>\n\t\t\t\t<div class=\"elementor-element elementor-element-6a898f93 elementor-widget elementor-widget-spacer\" data-id=\"6a898f93\" data-element_type=\"widget\" data-e-type=\"widget\" data-widget_type=\"spacer.default\">\n\t\t\t\t<div class=\"elementor-widget-container\">\n\t\t\t\t\t\t\t<div class=\"elementor-spacer\">\n\t\t\t<div class=\"elementor-spacer-inner\"><\/div>\n\t\t<\/div>\n\t\t\t\t\t\t<\/div>\n\t\t\t\t<\/div>\n\t\t\t\t<div class=\"elementor-element elementor-element-7b3ea4f5 elementor-widget elementor-widget-menu-anchor\" data-id=\"7b3ea4f5\" data-element_type=\"widget\" data-e-type=\"widget\" data-widget_type=\"menu-anchor.default\">\n\t\t\t\t<div class=\"elementor-widget-container\">\n\t\t\t\t\t\t\t<div class=\"elementor-menu-anchor\" id=\"a0101-EnlaceaunpuntodentrodelPost\"><\/div>\n\t\t\t\t\t\t<\/div>\n\t\t\t\t<\/div>\n\t\t\t\t<div class=\"elementor-element elementor-element-7458c5e3 elementor-widget elementor-widget-heading\" data-id=\"7458c5e3\" data-element_type=\"widget\" data-e-type=\"widget\" data-widget_type=\"heading.default\">\n\t\t\t\t<div class=\"elementor-widget-container\">\n\t\t\t\t\t<h2 class=\"elementor-heading-title elementor-size-default\">Poblat iber Tur\u00f3 Rod\u00f3 (La Selva, Girona)<\/h2>\t\t\t\t<\/div>\n\t\t\t\t<\/div>\n\t\t\t\t<div class=\"elementor-element elementor-element-464d1ec elementor-widget elementor-widget-text-editor\" data-id=\"464d1ec\" data-element_type=\"widget\" data-e-type=\"widget\" data-widget_type=\"text-editor.default\">\n\t\t\t\t<div class=\"elementor-widget-container\">\n\t\t\t\t\t\t\t\t\t<p>Enlla\u00e7 amb el <em>Post<\/em>: <a href=\"https:\/\/www.elturistatranquil.com\/ca\/els-pobles-ibers\/\" target=\"_blank\" rel=\"noopener\"><strong>Els pobles ibers<\/strong><\/a><\/p>\t\t\t\t\t\t\t\t<\/div>\n\t\t\t\t<\/div>\n\t\t\t\t<div class=\"elementor-element elementor-element-14f94570 elementor-widget elementor-widget-text-editor\" data-id=\"14f94570\" data-element_type=\"widget\" data-e-type=\"widget\" data-widget_type=\"text-editor.default\">\n\t\t\t\t<div class=\"elementor-widget-container\">\n\t\t\t\t\t\t\t\t\t<p>Al <strong>Tur\u00f3 Rod\u00f3<\/strong>, a Lloret de Mar, es situa aproximadament el l\u00edmit sud del domini dels Indigets.<\/p><p>L\u2019inter\u00e8s de la visita rau en que es possible observar la reconstrucci\u00f3 d\u2019una casa ibera i ens acosta a com devien viure en aquells moments.<\/p><p>El poblat ib\u00e8ric del Tur\u00f3 Rod\u00f3 est\u00e0 situat sobre el promontori de 40 metres al\u00e7ada que s&#8217;aboca directament al mar per llevant i per migdia; a ponent els seus vessants moren a la platja de Sa Caleta i pel nord es troba unit a terra ferma mitjan\u00e7ant un istme d&#8217;uns 50 metres d&#8217;amplada.<\/p><p>La seva evoluci\u00f3 hist\u00f2rica s&#8217;est\u00e9n des de finals del segle III aC fins a les primeres d\u00e8cades del segle I aC. Es tracta d&#8217;un assentament costaner del tipus \u201cbarrera\u201d, situat en un esper\u00f3 sobresortint, abocat el penya-segat en gran part del seu per\u00edmetre i defensat per una\u00a0 muralla a tramuntana i a llevant.<\/p><p>El jaciment est\u00e0 format per quatre zones diferenciades: el sistema defensiu i d\u2019acc\u00e9s al recinte, l\u2019\u00e0rea oberta central, les set cases adossades a la part interior de la muralla nord i tres petites estances a la banda sud.<\/p><p>Des d&#8217;aquest punt es domina la visi\u00f3 de tota la platja de Lloret.<\/p>\t\t\t\t\t\t\t\t<\/div>\n\t\t\t\t<\/div>\n\t\t\t\t<div class=\"elementor-element elementor-element-f8acffa elementor-widget elementor-widget-image\" data-id=\"f8acffa\" data-element_type=\"widget\" data-e-type=\"widget\" data-widget_type=\"image.default\">\n\t\t\t\t<div class=\"elementor-widget-container\">\n\t\t\t\t\t\t\t\t\t\t\t\t<figure class=\"wp-caption\">\n\t\t\t\t\t\t\t\t\t\t<img decoding=\"async\" width=\"800\" height=\"534\" src=\"https:\/\/www.elturistatranquil.com\/wp-content\/uploads\/F03-Jaciment-iber-de-Turo-Rodo-Google-maps-2018-10-17-1.jpg\" class=\"attachment-large size-large wp-image-8389\" alt=\"\" srcset=\"https:\/\/www.elturistatranquil.com\/wp-content\/uploads\/F03-Jaciment-iber-de-Turo-Rodo-Google-maps-2018-10-17-1.jpg 800w, https:\/\/www.elturistatranquil.com\/wp-content\/uploads\/F03-Jaciment-iber-de-Turo-Rodo-Google-maps-2018-10-17-1-768x513.jpg 768w\" sizes=\"(max-width: 800px) 100vw, 800px\" \/>\t\t\t\t\t\t\t\t\t\t\t<figcaption class=\"widget-image-caption wp-caption-text\">El poblat ib\u00e8ric de Tur\u00f3 Rod\u00f3 dominant sobre una ampla platja a l\u2019extrem sud del mass\u00eds de Les Cadiretes, que forma una escarpada costa (Costa Brava) <\/figcaption>\n\t\t\t\t\t\t\t\t\t\t<\/figure>\n\t\t\t\t\t\t\t\t\t<\/div>\n\t\t\t\t<\/div>\n\t\t\t\t<div class=\"elementor-element elementor-element-7a8f21ab elementor-widget elementor-widget-menu-anchor\" data-id=\"7a8f21ab\" data-element_type=\"widget\" data-e-type=\"widget\" data-widget_type=\"menu-anchor.default\">\n\t\t\t\t<div class=\"elementor-widget-container\">\n\t\t\t\t\t\t\t<div class=\"elementor-menu-anchor\" id=\"b2202\"><\/div>\n\t\t\t\t\t\t<\/div>\n\t\t\t\t<\/div>\n\t\t\t\t<div class=\"elementor-element elementor-element-361a18f elementor-widget elementor-widget-image\" data-id=\"361a18f\" data-element_type=\"widget\" data-e-type=\"widget\" data-widget_type=\"image.default\">\n\t\t\t\t<div class=\"elementor-widget-container\">\n\t\t\t\t\t\t\t\t\t\t\t\t\t\t\t<img loading=\"lazy\" decoding=\"async\" width=\"800\" height=\"533\" src=\"https:\/\/www.elturistatranquil.com\/wp-content\/uploads\/F63-Jaciment-iber-de-Turo-Rodo-1.jpg\" class=\"attachment-large size-large wp-image-8391\" alt=\"\" srcset=\"https:\/\/www.elturistatranquil.com\/wp-content\/uploads\/F63-Jaciment-iber-de-Turo-Rodo-1.jpg 800w, https:\/\/www.elturistatranquil.com\/wp-content\/uploads\/F63-Jaciment-iber-de-Turo-Rodo-1-768x512.jpg 768w\" sizes=\"(max-width: 800px) 100vw, 800px\" \/>\t\t\t\t\t\t\t\t\t\t\t\t\t\t\t<\/div>\n\t\t\t\t<\/div>\n\t\t\t\t<div class=\"elementor-element elementor-element-5f058986 elementor-widget elementor-widget-heading\" data-id=\"5f058986\" data-element_type=\"widget\" data-e-type=\"widget\" data-widget_type=\"heading.default\">\n\t\t\t\t<div class=\"elementor-widget-container\">\n\t\t\t\t\t<h2 class=\"elementor-heading-title elementor-size-default\">El sistema defensiu<\/h2>\t\t\t\t<\/div>\n\t\t\t\t<\/div>\n\t\t\t\t<div class=\"elementor-element elementor-element-6f41b2dd elementor-widget elementor-widget-text-editor\" data-id=\"6f41b2dd\" data-element_type=\"widget\" data-e-type=\"widget\" data-widget_type=\"text-editor.default\">\n\t\t\t\t<div class=\"elementor-widget-container\">\n\t\t\t\t\t\t\t\t\t<p>Tot el costat nord del poblat es troba defensat per una muralla de pedres unides amb fang que mesura entre 110 i 130 cm d&#8217;ample i que s&#8217;ha conservat en gaireb\u00e9 tota la seva longitud (m\u00e9s de 40 m). Est\u00e0 constru\u00efda amb el sistema de doble paret i farcit intern en els dos llen\u00e7os que dibuixen un angle molt obert. A l&#8217;est, la muralla gira cap al sud en un angle de 90 graus i, amb una longitud de 7,30m, defensa aquell costat del poblat on es situava l&#8217;entrada. Posteriorment, una gran reforma va refor\u00e7ar i va millorar el sector de llevant d&#8217;aquesta muralla i els accessos al poblat, mitjan\u00e7ant la construcci\u00f3 d&#8217;un passad\u00eds fortificat protegit a banda i banda per trams de muralla.<\/p>\t\t\t\t\t\t\t\t<\/div>\n\t\t\t\t<\/div>\n\t\t\t\t<div class=\"elementor-element elementor-element-8f7dca1 elementor-widget elementor-widget-image\" data-id=\"8f7dca1\" data-element_type=\"widget\" data-e-type=\"widget\" data-widget_type=\"image.default\">\n\t\t\t\t<div class=\"elementor-widget-container\">\n\t\t\t\t\t\t\t\t\t\t\t\t\t\t\t<img loading=\"lazy\" decoding=\"async\" width=\"512\" height=\"550\" src=\"https:\/\/www.elturistatranquil.com\/wp-content\/uploads\/F64-Jaciment-iber-de-Turo-Rodo-muralla-1.jpg\" class=\"attachment-large size-large wp-image-8393\" alt=\"\" \/>\t\t\t\t\t\t\t\t\t\t\t\t\t\t\t<\/div>\n\t\t\t\t<\/div>\n\t\t\t\t<div class=\"elementor-element elementor-element-12ba6eb6 elementor-widget elementor-widget-image\" data-id=\"12ba6eb6\" data-element_type=\"widget\" data-e-type=\"widget\" data-widget_type=\"image.default\">\n\t\t\t\t<div class=\"elementor-widget-container\">\n\t\t\t\t\t\t\t\t\t\t\t\t\t\t\t<img loading=\"lazy\" decoding=\"async\" width=\"457\" height=\"550\" src=\"https:\/\/www.elturistatranquil.com\/wp-content\/uploads\/F65-Jaciment-iber-de-Turo-Rodo-muralla-1.jpg\" class=\"attachment-large size-large wp-image-8395\" alt=\"\" \/>\t\t\t\t\t\t\t\t\t\t\t\t\t\t\t<\/div>\n\t\t\t\t<\/div>\n\t\t\t\t<div class=\"elementor-element elementor-element-1d87bbe2 elementor-widget elementor-widget-image\" data-id=\"1d87bbe2\" data-element_type=\"widget\" data-e-type=\"widget\" data-widget_type=\"image.default\">\n\t\t\t\t<div class=\"elementor-widget-container\">\n\t\t\t\t\t\t\t\t\t\t\t\t<figure class=\"wp-caption\">\n\t\t\t\t\t\t\t\t\t\t<img loading=\"lazy\" decoding=\"async\" width=\"800\" height=\"533\" src=\"https:\/\/www.elturistatranquil.com\/wp-content\/uploads\/F66-Jaciment-iber-de-Turo-Rodo-muralla-1.jpg\" class=\"attachment-large size-large wp-image-8397\" alt=\"\" srcset=\"https:\/\/www.elturistatranquil.com\/wp-content\/uploads\/F66-Jaciment-iber-de-Turo-Rodo-muralla-1.jpg 800w, https:\/\/www.elturistatranquil.com\/wp-content\/uploads\/F66-Jaciment-iber-de-Turo-Rodo-muralla-1-768x512.jpg 768w\" sizes=\"(max-width: 800px) 100vw, 800px\" \/>\t\t\t\t\t\t\t\t\t\t\t<figcaption class=\"widget-image-caption wp-caption-text\">Entrada al poblat. A la dreta el mur de la muralla<\/figcaption>\n\t\t\t\t\t\t\t\t\t\t<\/figure>\n\t\t\t\t\t\t\t\t\t<\/div>\n\t\t\t\t<\/div>\n\t\t\t\t<div class=\"elementor-element elementor-element-4b3e035f elementor-widget elementor-widget-menu-anchor\" data-id=\"4b3e035f\" data-element_type=\"widget\" data-e-type=\"widget\" data-widget_type=\"menu-anchor.default\">\n\t\t\t\t<div class=\"elementor-widget-container\">\n\t\t\t\t\t\t\t<div class=\"elementor-menu-anchor\" id=\"b2203\"><\/div>\n\t\t\t\t\t\t<\/div>\n\t\t\t\t<\/div>\n\t\t\t\t<div class=\"elementor-element elementor-element-6458327 elementor-widget elementor-widget-image\" data-id=\"6458327\" data-element_type=\"widget\" data-e-type=\"widget\" data-widget_type=\"image.default\">\n\t\t\t\t<div class=\"elementor-widget-container\">\n\t\t\t\t\t\t\t\t\t\t\t\t<figure class=\"wp-caption\">\n\t\t\t\t\t\t\t\t\t\t<img loading=\"lazy\" decoding=\"async\" width=\"800\" height=\"533\" src=\"https:\/\/www.elturistatranquil.com\/wp-content\/uploads\/F67-Jaciment-iber-de-Turo-Rodo-muralla-1.jpg\" class=\"attachment-large size-large wp-image-8399\" alt=\"\" srcset=\"https:\/\/www.elturistatranquil.com\/wp-content\/uploads\/F67-Jaciment-iber-de-Turo-Rodo-muralla-1.jpg 800w, https:\/\/www.elturistatranquil.com\/wp-content\/uploads\/F67-Jaciment-iber-de-Turo-Rodo-muralla-1-768x512.jpg 768w\" sizes=\"(max-width: 800px) 100vw, 800px\" \/>\t\t\t\t\t\t\t\t\t\t\t<figcaption class=\"widget-image-caption wp-caption-text\">Les cases adossades a la muralla. Fa l\u2019efecte que la muralla original devia haver estat constru\u00efda amb pedra en tota la seva al\u00e7ada, i no amb tovots, segons mostren els diagrames il\u00b7lustratius del jaciment anteriors<\/figcaption>\n\t\t\t\t\t\t\t\t\t\t<\/figure>\n\t\t\t\t\t\t\t\t\t<\/div>\n\t\t\t\t<\/div>\n\t\t\t\t<div class=\"elementor-element elementor-element-19899375 elementor-widget elementor-widget-heading\" data-id=\"19899375\" data-element_type=\"widget\" data-e-type=\"widget\" data-widget_type=\"heading.default\">\n\t\t\t\t<div class=\"elementor-widget-container\">\n\t\t\t\t\t<h2 class=\"elementor-heading-title elementor-size-default\">Les cases<\/h2>\t\t\t\t<\/div>\n\t\t\t\t<\/div>\n\t\t\t\t<div class=\"elementor-element elementor-element-4723add elementor-widget elementor-widget-text-editor\" data-id=\"4723add\" data-element_type=\"widget\" data-e-type=\"widget\" data-widget_type=\"text-editor.default\">\n\t\t\t\t<div class=\"elementor-widget-container\">\n\t\t\t\t\t\t\t\t\t<p>En els poblats ib\u00e8rics les cases s&#8217;estructuraven dins d&#8217;una trama urbana, amb carrers i places, condicionada pel terreny i per les muralles. Les cases tenien planta rectangular i podien constar de diverses habitacions, que responien a usos diferents: habitaci\u00f3 de resid\u00e8ncia, magatzem, taller &#8230;). Les 10 cases del Tur\u00f3 Rod\u00f3 s\u00f3n petites, d&#8217;una o dues habitacions, i estan articulades al voltant d&#8217;una pla\u00e7a. La majoria (7) es recolzen en la muralla i les altres tres es troben a prop del penya-segat.<\/p>\t\t\t\t\t\t\t\t<\/div>\n\t\t\t\t<\/div>\n\t\t\t\t<div class=\"elementor-element elementor-element-400c2cd4 elementor-widget elementor-widget-menu-anchor\" data-id=\"400c2cd4\" data-element_type=\"widget\" data-e-type=\"widget\" data-widget_type=\"menu-anchor.default\">\n\t\t\t\t<div class=\"elementor-widget-container\">\n\t\t\t\t\t\t\t<div class=\"elementor-menu-anchor\" id=\"b2204\"><\/div>\n\t\t\t\t\t\t<\/div>\n\t\t\t\t<\/div>\n\t\t\t\t<div class=\"elementor-element elementor-element-531e1290 elementor-widget elementor-widget-image\" data-id=\"531e1290\" data-element_type=\"widget\" data-e-type=\"widget\" data-widget_type=\"image.default\">\n\t\t\t\t<div class=\"elementor-widget-container\">\n\t\t\t\t\t\t\t\t\t\t\t\t<figure class=\"wp-caption\">\n\t\t\t\t\t\t\t\t\t\t<img loading=\"lazy\" decoding=\"async\" width=\"631\" height=\"550\" src=\"https:\/\/www.elturistatranquil.com\/wp-content\/uploads\/F68-Jaciment-iber-de-Turo-Rodo-casas-1.jpg\" class=\"attachment-large size-large wp-image-8401\" alt=\"\" \/>\t\t\t\t\t\t\t\t\t\t\t<figcaption class=\"widget-image-caption wp-caption-text\">Representaci\u00f3 de les cases adossades a la muralla<\/figcaption>\n\t\t\t\t\t\t\t\t\t\t<\/figure>\n\t\t\t\t\t\t\t\t\t<\/div>\n\t\t\t\t<\/div>\n\t\t\t\t<div class=\"elementor-element elementor-element-12a78d77 elementor-widget elementor-widget-heading\" data-id=\"12a78d77\" data-element_type=\"widget\" data-e-type=\"widget\" data-widget_type=\"heading.default\">\n\t\t\t\t<div class=\"elementor-widget-container\">\n\t\t\t\t\t<h2 class=\"elementor-heading-title elementor-size-default\">Reconstrucci\u00f3 d'una casa ibera<\/h2>\t\t\t\t<\/div>\n\t\t\t\t<\/div>\n\t\t\t\t<div class=\"elementor-element elementor-element-22f82a2e elementor-widget elementor-widget-text-editor\" data-id=\"22f82a2e\" data-element_type=\"widget\" data-e-type=\"widget\" data-widget_type=\"text-editor.default\">\n\t\t\t\t<div class=\"elementor-widget-container\">\n\t\t\t\t\t\t\t\t\t<p>La casa ibera est\u00e0 inscrita en l&#8217;anomenada arquitectura de fang. Est\u00e0 formada b\u00e0sicament per un s\u00f2col de pedra (que a\u00eflla de la humitat) sobre el qual s&#8217;alcen les parets i el sostre, fets de fang i elements vegetals barrejats.<\/p><p>En Tur\u00f3 Rod\u00f3 s&#8217;ha reconstru\u00eft una de les cases adossades a la muralla. A partir de les dades obtingudes en les excavacions, la reconstrucci\u00f3 s&#8217;ha fet utilitzant t\u00e8cniques i materials propis de la construcci\u00f3 ibera: pedra local en el s\u00f2col, tovots d&#8217;argila crua a les parets i elements vegetals a la coberta.<\/p>\t\t\t\t\t\t\t\t<\/div>\n\t\t\t\t<\/div>\n\t\t\t\t<div class=\"elementor-element elementor-element-1cbc88e0 elementor-widget elementor-widget-image\" data-id=\"1cbc88e0\" data-element_type=\"widget\" data-e-type=\"widget\" data-widget_type=\"image.default\">\n\t\t\t\t<div class=\"elementor-widget-container\">\n\t\t\t\t\t\t\t\t\t\t\t\t<figure class=\"wp-caption\">\n\t\t\t\t\t\t\t\t\t\t<img loading=\"lazy\" decoding=\"async\" width=\"800\" height=\"533\" src=\"https:\/\/www.elturistatranquil.com\/wp-content\/uploads\/F69-Jaciment-iber-de-Turo-Rodo-1.jpg\" class=\"attachment-large size-large wp-image-8403\" alt=\"\" srcset=\"https:\/\/www.elturistatranquil.com\/wp-content\/uploads\/F69-Jaciment-iber-de-Turo-Rodo-1.jpg 800w, https:\/\/www.elturistatranquil.com\/wp-content\/uploads\/F69-Jaciment-iber-de-Turo-Rodo-1-768x512.jpg 768w\" sizes=\"(max-width: 800px) 100vw, 800px\" \/>\t\t\t\t\t\t\t\t\t\t\t<figcaption class=\"widget-image-caption wp-caption-text\">Fabricaci\u00f3 d\u2019un tovot<\/figcaption>\n\t\t\t\t\t\t\t\t\t\t<\/figure>\n\t\t\t\t\t\t\t\t\t<\/div>\n\t\t\t\t<\/div>\n\t\t\t\t<div class=\"elementor-element elementor-element-4faaa7d0 elementor-widget elementor-widget-image\" data-id=\"4faaa7d0\" data-element_type=\"widget\" data-e-type=\"widget\" data-widget_type=\"image.default\">\n\t\t\t\t<div class=\"elementor-widget-container\">\n\t\t\t\t\t\t\t\t\t\t\t\t\t\t\t<img loading=\"lazy\" decoding=\"async\" width=\"800\" height=\"533\" src=\"https:\/\/www.elturistatranquil.com\/wp-content\/uploads\/F70-Jaciment-iber-de-Turo-Rodo-casa-ibera-1.jpg\" class=\"attachment-large size-large wp-image-8405\" alt=\"\" srcset=\"https:\/\/www.elturistatranquil.com\/wp-content\/uploads\/F70-Jaciment-iber-de-Turo-Rodo-casa-ibera-1.jpg 800w, https:\/\/www.elturistatranquil.com\/wp-content\/uploads\/F70-Jaciment-iber-de-Turo-Rodo-casa-ibera-1-768x512.jpg 768w\" sizes=\"(max-width: 800px) 100vw, 800px\" \/>\t\t\t\t\t\t\t\t\t\t\t\t\t\t\t<\/div>\n\t\t\t\t<\/div>\n\t\t\t\t<div class=\"elementor-element elementor-element-7fc06534 elementor-widget elementor-widget-image\" data-id=\"7fc06534\" data-element_type=\"widget\" data-e-type=\"widget\" data-widget_type=\"image.default\">\n\t\t\t\t<div class=\"elementor-widget-container\">\n\t\t\t\t\t\t\t\t\t\t\t\t\t\t\t<img loading=\"lazy\" decoding=\"async\" width=\"800\" height=\"533\" src=\"https:\/\/www.elturistatranquil.com\/wp-content\/uploads\/F71-Jaciment-iber-de-Turo-Rodo-casa-ibera-1.jpg\" class=\"attachment-large size-large wp-image-8407\" alt=\"\" srcset=\"https:\/\/www.elturistatranquil.com\/wp-content\/uploads\/F71-Jaciment-iber-de-Turo-Rodo-casa-ibera-1.jpg 800w, https:\/\/www.elturistatranquil.com\/wp-content\/uploads\/F71-Jaciment-iber-de-Turo-Rodo-casa-ibera-1-768x512.jpg 768w\" sizes=\"(max-width: 800px) 100vw, 800px\" \/>\t\t\t\t\t\t\t\t\t\t\t\t\t\t\t<\/div>\n\t\t\t\t<\/div>\n\t\t\t\t<div class=\"elementor-element elementor-element-5def1f2a elementor-widget elementor-widget-text-editor\" data-id=\"5def1f2a\" data-element_type=\"widget\" data-e-type=\"widget\" data-widget_type=\"text-editor.default\">\n\t\t\t\t<div class=\"elementor-widget-container\">\n\t\t\t\t\t\t\t\t\t<p>A l&#8217;interior de la casa podem distingir en la part davantera una estada m\u00e9s petita que habitualment servia de taller i magatzem.<\/p>\t\t\t\t\t\t\t\t<\/div>\n\t\t\t\t<\/div>\n\t\t\t\t<div class=\"elementor-element elementor-element-2548d379 elementor-widget elementor-widget-image\" data-id=\"2548d379\" data-element_type=\"widget\" data-e-type=\"widget\" data-widget_type=\"image.default\">\n\t\t\t\t<div class=\"elementor-widget-container\">\n\t\t\t\t\t\t\t\t\t\t\t\t\t\t\t<img loading=\"lazy\" decoding=\"async\" width=\"367\" height=\"550\" src=\"https:\/\/www.elturistatranquil.com\/wp-content\/uploads\/F72-Jaciment-iber-de-Turo-Rodo-casa-ibera-1.jpg\" class=\"attachment-large size-large wp-image-8409\" alt=\"\" \/>\t\t\t\t\t\t\t\t\t\t\t\t\t\t\t<\/div>\n\t\t\t\t<\/div>\n\t\t\t\t<div class=\"elementor-element elementor-element-7cd839f8 elementor-widget elementor-widget-image\" data-id=\"7cd839f8\" data-element_type=\"widget\" data-e-type=\"widget\" data-widget_type=\"image.default\">\n\t\t\t\t<div class=\"elementor-widget-container\">\n\t\t\t\t\t\t\t\t\t\t\t\t\t\t\t<img loading=\"lazy\" decoding=\"async\" width=\"800\" height=\"533\" src=\"https:\/\/www.elturistatranquil.com\/wp-content\/uploads\/F73-Jaciment-iber-de-Turo-Rodo-casa-ibera-1.jpg\" class=\"attachment-large size-large wp-image-8411\" alt=\"\" srcset=\"https:\/\/www.elturistatranquil.com\/wp-content\/uploads\/F73-Jaciment-iber-de-Turo-Rodo-casa-ibera-1.jpg 800w, https:\/\/www.elturistatranquil.com\/wp-content\/uploads\/F73-Jaciment-iber-de-Turo-Rodo-casa-ibera-1-768x512.jpg 768w\" sizes=\"(max-width: 800px) 100vw, 800px\" \/>\t\t\t\t\t\t\t\t\t\t\t\t\t\t\t<\/div>\n\t\t\t\t<\/div>\n\t\t\t\t<div class=\"elementor-element elementor-element-7c509d9c elementor-widget elementor-widget-image\" data-id=\"7c509d9c\" data-element_type=\"widget\" data-e-type=\"widget\" data-widget_type=\"image.default\">\n\t\t\t\t<div class=\"elementor-widget-container\">\n\t\t\t\t\t\t\t\t\t\t\t\t\t\t\t<img loading=\"lazy\" decoding=\"async\" width=\"800\" height=\"533\" src=\"https:\/\/www.elturistatranquil.com\/wp-content\/uploads\/F74-Jaciment-iber-de-Turo-Rodo-casa-ibera-1.jpg\" class=\"attachment-large size-large wp-image-8413\" alt=\"\" srcset=\"https:\/\/www.elturistatranquil.com\/wp-content\/uploads\/F74-Jaciment-iber-de-Turo-Rodo-casa-ibera-1.jpg 800w, https:\/\/www.elturistatranquil.com\/wp-content\/uploads\/F74-Jaciment-iber-de-Turo-Rodo-casa-ibera-1-768x512.jpg 768w\" sizes=\"(max-width: 800px) 100vw, 800px\" \/>\t\t\t\t\t\t\t\t\t\t\t\t\t\t\t<\/div>\n\t\t\t\t<\/div>\n\t\t\t\t<div class=\"elementor-element elementor-element-51c75736 elementor-widget elementor-widget-text-editor\" data-id=\"51c75736\" data-element_type=\"widget\" data-e-type=\"widget\" data-widget_type=\"text-editor.default\">\n\t\t\t\t<div class=\"elementor-widget-container\">\n\t\t\t\t\t\t\t\t\t<p>Al fons l&#8217;estan\u00e7a principal o sala d&#8217;habitar, on trobem la llar i diferents elements relacionats amb la cuina, aix\u00ed com un conjunt de recipients cer\u00e0mics d&#8217;usos diversos.<\/p>\t\t\t\t\t\t\t\t<\/div>\n\t\t\t\t<\/div>\n\t\t\t\t<div class=\"elementor-element elementor-element-783198b8 elementor-widget elementor-widget-image\" data-id=\"783198b8\" data-element_type=\"widget\" data-e-type=\"widget\" data-widget_type=\"image.default\">\n\t\t\t\t<div class=\"elementor-widget-container\">\n\t\t\t\t\t\t\t\t\t\t\t\t\t\t\t<img loading=\"lazy\" decoding=\"async\" width=\"800\" height=\"533\" src=\"https:\/\/www.elturistatranquil.com\/wp-content\/uploads\/F75-Jaciment-iber-de-Turo-Rodo-casa-ibera-1.jpg\" class=\"attachment-large size-large wp-image-8415\" alt=\"\" srcset=\"https:\/\/www.elturistatranquil.com\/wp-content\/uploads\/F75-Jaciment-iber-de-Turo-Rodo-casa-ibera-1.jpg 800w, https:\/\/www.elturistatranquil.com\/wp-content\/uploads\/F75-Jaciment-iber-de-Turo-Rodo-casa-ibera-1-768x512.jpg 768w\" sizes=\"(max-width: 800px) 100vw, 800px\" \/>\t\t\t\t\t\t\t\t\t\t\t\t\t\t\t<\/div>\n\t\t\t\t<\/div>\n\t\t\t\t<div class=\"elementor-element elementor-element-123b1b9d elementor-widget elementor-widget-image\" data-id=\"123b1b9d\" data-element_type=\"widget\" data-e-type=\"widget\" data-widget_type=\"image.default\">\n\t\t\t\t<div class=\"elementor-widget-container\">\n\t\t\t\t\t\t\t\t\t\t\t\t\t\t\t<img loading=\"lazy\" decoding=\"async\" width=\"800\" height=\"533\" src=\"https:\/\/www.elturistatranquil.com\/wp-content\/uploads\/F76-Jaciment-iber-de-Turo-Rodo-casa-ibera-1.jpg\" class=\"attachment-large size-large wp-image-8417\" alt=\"\" srcset=\"https:\/\/www.elturistatranquil.com\/wp-content\/uploads\/F76-Jaciment-iber-de-Turo-Rodo-casa-ibera-1.jpg 800w, https:\/\/www.elturistatranquil.com\/wp-content\/uploads\/F76-Jaciment-iber-de-Turo-Rodo-casa-ibera-1-768x512.jpg 768w\" sizes=\"(max-width: 800px) 100vw, 800px\" \/>\t\t\t\t\t\t\t\t\t\t\t\t\t\t\t<\/div>\n\t\t\t\t<\/div>\n\t\t\t\t<div class=\"elementor-element elementor-element-2e3f0065 elementor-widget elementor-widget-image\" data-id=\"2e3f0065\" data-element_type=\"widget\" data-e-type=\"widget\" data-widget_type=\"image.default\">\n\t\t\t\t<div class=\"elementor-widget-container\">\n\t\t\t\t\t\t\t\t\t\t\t\t\t\t\t<img loading=\"lazy\" decoding=\"async\" width=\"800\" height=\"533\" src=\"https:\/\/www.elturistatranquil.com\/wp-content\/uploads\/F77-Jaciment-iber-de-Turo-Rodo-casa-ibera-1.jpg\" class=\"attachment-large size-large wp-image-8419\" alt=\"\" srcset=\"https:\/\/www.elturistatranquil.com\/wp-content\/uploads\/F77-Jaciment-iber-de-Turo-Rodo-casa-ibera-1.jpg 800w, https:\/\/www.elturistatranquil.com\/wp-content\/uploads\/F77-Jaciment-iber-de-Turo-Rodo-casa-ibera-1-768x512.jpg 768w\" sizes=\"(max-width: 800px) 100vw, 800px\" \/>\t\t\t\t\t\t\t\t\t\t\t\t\t\t\t<\/div>\n\t\t\t\t<\/div>\n\t\t\t\t<div class=\"elementor-element elementor-element-78a9e0f5 elementor-widget elementor-widget-text-editor\" data-id=\"78a9e0f5\" data-element_type=\"widget\" data-e-type=\"widget\" data-widget_type=\"text-editor.default\">\n\t\t\t\t<div class=\"elementor-widget-container\">\n\t\t\t\t\t\t\t\t\t<p>L&#8217;exist\u00e8ncia de sitges implica una dedicaci\u00f3 agr\u00edcola i la troballa de pedres planes amb un forat en un extrem apunta una intensa activitat pesquera. Hi ha, tamb\u00e9, pesos de teler i fusos, que ens parlen d&#8217;activitat t\u00e8xtil.<\/p>\t\t\t\t\t\t\t\t<\/div>\n\t\t\t\t<\/div>\n\t\t\t\t<div class=\"elementor-element elementor-element-738bd2aa elementor-widget elementor-widget-image\" data-id=\"738bd2aa\" data-element_type=\"widget\" data-e-type=\"widget\" data-widget_type=\"image.default\">\n\t\t\t\t<div class=\"elementor-widget-container\">\n\t\t\t\t\t\t\t\t\t\t\t\t<figure class=\"wp-caption\">\n\t\t\t\t\t\t\t\t\t\t<img loading=\"lazy\" decoding=\"async\" width=\"800\" height=\"533\" src=\"https:\/\/www.elturistatranquil.com\/wp-content\/uploads\/F78-Jaciment-iber-de-Turo-Rodo-silo-1.jpg\" class=\"attachment-large size-large wp-image-8421\" alt=\"\" srcset=\"https:\/\/www.elturistatranquil.com\/wp-content\/uploads\/F78-Jaciment-iber-de-Turo-Rodo-silo-1.jpg 800w, https:\/\/www.elturistatranquil.com\/wp-content\/uploads\/F78-Jaciment-iber-de-Turo-Rodo-silo-1-768x512.jpg 768w\" sizes=\"(max-width: 800px) 100vw, 800px\" \/>\t\t\t\t\t\t\t\t\t\t\t<figcaption class=\"widget-image-caption wp-caption-text\">Boca d'una sitja<\/figcaption>\n\t\t\t\t\t\t\t\t\t\t<\/figure>\n\t\t\t\t\t\t\t\t\t<\/div>\n\t\t\t\t<\/div>\n\t\t\t\t<div class=\"elementor-element elementor-element-658418a9 elementor-widget elementor-widget-menu-anchor\" data-id=\"658418a9\" data-element_type=\"widget\" data-e-type=\"widget\" data-widget_type=\"menu-anchor.default\">\n\t\t\t\t<div class=\"elementor-widget-container\">\n\t\t\t\t\t\t\t<div class=\"elementor-menu-anchor\" id=\"b2205\"><\/div>\n\t\t\t\t\t\t<\/div>\n\t\t\t\t<\/div>\n\t\t\t\t<div class=\"elementor-element elementor-element-3de5da7d elementor-widget elementor-widget-image\" data-id=\"3de5da7d\" data-element_type=\"widget\" data-e-type=\"widget\" data-widget_type=\"image.default\">\n\t\t\t\t<div class=\"elementor-widget-container\">\n\t\t\t\t\t\t\t\t\t\t\t\t<figure class=\"wp-caption\">\n\t\t\t\t\t\t\t\t\t\t<img loading=\"lazy\" decoding=\"async\" width=\"367\" height=\"550\" src=\"https:\/\/www.elturistatranquil.com\/wp-content\/uploads\/F79-Jaciment-iber-de-Turo-Rodo-telar-vertical-1.jpg\" class=\"attachment-large size-large wp-image-8423\" alt=\"\" \/>\t\t\t\t\t\t\t\t\t\t\t<figcaption class=\"widget-image-caption wp-caption-text\">Reconstrucci\u00f3 d'un teler vertical<\/figcaption>\n\t\t\t\t\t\t\t\t\t\t<\/figure>\n\t\t\t\t\t\t\t\t\t<\/div>\n\t\t\t\t<\/div>\n\t\t\t\t<div class=\"elementor-element elementor-element-689addab elementor-widget elementor-widget-menu-anchor\" data-id=\"689addab\" data-element_type=\"widget\" data-e-type=\"widget\" data-widget_type=\"menu-anchor.default\">\n\t\t\t\t<div class=\"elementor-widget-container\">\n\t\t\t\t\t\t\t<div class=\"elementor-menu-anchor\" id=\"b2206\"><\/div>\n\t\t\t\t\t\t<\/div>\n\t\t\t\t<\/div>\n\t\t\t\t<div class=\"elementor-element elementor-element-5f511768 elementor-widget elementor-widget-heading\" data-id=\"5f511768\" data-element_type=\"widget\" data-e-type=\"widget\" data-widget_type=\"heading.default\">\n\t\t\t\t<div class=\"elementor-widget-container\">\n\t\t\t\t\t<h2 class=\"elementor-heading-title elementor-size-default\">Abandonament del poblat<\/h2>\t\t\t\t<\/div>\n\t\t\t\t<\/div>\n\t\t\t\t<div class=\"elementor-element elementor-element-257a1816 elementor-widget elementor-widget-text-editor\" data-id=\"257a1816\" data-element_type=\"widget\" data-e-type=\"widget\" data-widget_type=\"text-editor.default\">\n\t\t\t\t<div class=\"elementor-widget-container\">\n\t\t\t\t\t\t\t\t\t<p>L&#8217;abandonament del poblat, cap a l&#8217;any 60 aC, va haver de ser pac\u00edfic i va comportar el trasllat de la poblaci\u00f3 cap a llocs m\u00e9s adequats, a prop de les vies de comunicaci\u00f3, dels camps de cultiu o dels ports de mar.<\/p>\t\t\t\t\t\t\t\t<\/div>\n\t\t\t\t<\/div>\n\t\t\t\t<div class=\"elementor-element elementor-element-79a35dd6 elementor-widget elementor-widget-heading\" data-id=\"79a35dd6\" data-element_type=\"widget\" data-e-type=\"widget\" data-widget_type=\"heading.default\">\n\t\t\t\t<div class=\"elementor-widget-container\">\n\t\t\t\t\t<h2 class=\"elementor-heading-title elementor-size-default\">Bases d\u2019informaci\u00f3<\/h2>\t\t\t\t<\/div>\n\t\t\t\t<\/div>\n\t\t\t\t<div class=\"elementor-element elementor-element-5f1f72d7 elementor-widget elementor-widget-text-editor\" data-id=\"5f1f72d7\" data-element_type=\"widget\" data-e-type=\"widget\" data-widget_type=\"text-editor.default\">\n\t\t\t\t<div class=\"elementor-widget-container\">\n\t\t\t\t\t\t\t\t\t<p><strong>Webs<\/strong><\/p><p><a href=\"https:\/\/ca.wikipedia.org\/wiki\/Poblat_ib%C3%A8ric_del_Tur%C3%B3_Rod%C3%B3\" target=\"_blank\" rel=\"noopener\">Tur\u00f3 Rod\u00f3. Wikipedia<\/a><\/p><p><a href=\"http:\/\/patrimoni.lloret.cat\/es\/moll-museo-abierto-de-lloret\/poblado-iberico-turo-rodo\" target=\"_blank\" rel=\"noopener\">Tur\u00f3 Rod\u00f3. Patrimoni lloret<\/a><\/p><p><a href=\"http:\/\/www.rutadelsibers.cat\/Jaciments\/Turo-Rodo-Lloret-de-Mar\" target=\"_blank\" rel=\"noopener\">Tur\u00f3 Rod\u00f3. Ruta dels ibers<\/a><\/p>\t\t\t\t\t\t\t\t<\/div>\n\t\t\t\t<\/div>\n\t\t\t\t\t<\/div>\n\t\t<\/div>\n\t\t\t\t\t<\/div>\n\t\t<\/section>\n\t\t\t\t<\/div>\n\t\t","protected":false},"excerpt":{"rendered":"<p>El Post sobre el Poblat iber de Tur\u00f3 Rod\u00f3 (Lloret de Mar, Girona) te el seu inter\u00e8s en que ens permetr\u00e0 veure un habitatge iber reconstru\u00eft in situ. \u00c9s tamb\u00e9 &#8230; <a title=\"Poblat iber Tur\u00f3 Rod\u00f3 (Girona)\" class=\"read-more\" href=\"https:\/\/www.elturistatranquil.com\/ca\/poblat-iber-turo-rodo\/\" aria-label=\"M\u00e9s informaci\u00f3 sobre Poblat iber Tur\u00f3 Rod\u00f3 (Girona)\">[ &#8230; ]<\/a><\/p>\n","protected":false},"author":1,"featured_media":8170,"comment_status":"open","ping_status":"closed","sticky":false,"template":"","format":"standard","meta":{"footnotes":""},"categories":[70,71,75,135,83,87,97,103],"tags":[],"class_list":["post-8383","post","type-post","status-publish","format-standard","has-post-thumbnail","hentry","category-arquitectura-civil-ca","category-arquitectura-popular-ca","category-castells","category-girona-ca","category-historia-ca","category-joies-al-territori","category-preroma","category-roma","infinite-scroll-item","generate-columns","tablet-grid-50","mobile-grid-100","grid-parent","grid-50","no-featured-image-padding"],"yoast_head":"<!-- This site is optimized with the Yoast SEO plugin v27.4 - https:\/\/yoast.com\/product\/yoast-seo-wordpress\/ -->\n<title>Poblat iber Tur\u00f3 Rod\u00f3 (Girona) - El turista tranquil<\/title>\n<meta name=\"description\" content=\"El Post sobre el Poblat iber de Tur\u00f3 Rod\u00f3 (Lloret de Mar, Girona) te el seu inter\u00e8s en que ens permetr\u00e0 veure un habitatge iber reconstru\u00eft in situ. \u00c9s tamb\u00e9 un exemple de l\u2019elecci\u00f3 dels empla\u00e7aments en la l\u00ednia de costa.\" \/>\n<meta name=\"robots\" content=\"index, follow, max-snippet:-1, max-image-preview:large, max-video-preview:-1\" \/>\n<link rel=\"canonical\" href=\"https:\/\/www.elturistatranquil.com\/ca\/poblat-iber-turo-rodo\/\" \/>\n<meta property=\"og:locale\" content=\"ca_ES\" \/>\n<meta property=\"og:type\" content=\"article\" \/>\n<meta property=\"og:title\" content=\"Poblat iber Tur\u00f3 Rod\u00f3 (Girona) - El turista tranquil\" \/>\n<meta property=\"og:description\" content=\"El Post sobre el Poblat iber de Tur\u00f3 Rod\u00f3 (Lloret de Mar, Girona) te el seu inter\u00e8s en que ens permetr\u00e0 veure un habitatge iber reconstru\u00eft in situ. \u00c9s tamb\u00e9 un exemple de l\u2019elecci\u00f3 dels empla\u00e7aments en la l\u00ednia de costa.\" \/>\n<meta property=\"og:url\" content=\"https:\/\/www.elturistatranquil.com\/ca\/poblat-iber-turo-rodo\/\" \/>\n<meta property=\"og:site_name\" content=\"El turista tranquil\" \/>\n<meta property=\"article:publisher\" content=\"https:\/\/www.facebook.com\/elturistatranquilo\/\" \/>\n<meta property=\"article:published_time\" content=\"2018-10-20T09:42:43+00:00\" \/>\n<meta property=\"article:modified_time\" content=\"2025-08-04T17:41:24+00:00\" \/>\n<meta property=\"og:image\" content=\"https:\/\/www.elturistatranquil.com\/wp-content\/uploads\/F03-casa-\u00edbera-en-el-Turo-Rodo-1-1.jpg\" \/>\n\t<meta property=\"og:image:width\" content=\"800\" \/>\n\t<meta property=\"og:image:height\" content=\"533\" \/>\n\t<meta property=\"og:image:type\" content=\"image\/jpeg\" \/>\n<meta name=\"author\" content=\"admin\" \/>\n<meta name=\"twitter:card\" content=\"summary_large_image\" \/>\n<meta name=\"twitter:label1\" content=\"Escrit per\" \/>\n\t<meta name=\"twitter:data1\" content=\"admin\" \/>\n\t<meta name=\"twitter:label2\" content=\"Temps estimat de lectura\" \/>\n\t<meta name=\"twitter:data2\" content=\"5 minuts\" \/>\n<script type=\"application\/ld+json\" class=\"yoast-schema-graph\">{\"@context\":\"https:\\\/\\\/schema.org\",\"@graph\":[{\"@type\":\"Article\",\"@id\":\"https:\\\/\\\/www.elturistatranquil.com\\\/ca\\\/poblat-iber-turo-rodo\\\/#article\",\"isPartOf\":{\"@id\":\"https:\\\/\\\/www.elturistatranquil.com\\\/ca\\\/poblat-iber-turo-rodo\\\/\"},\"author\":{\"name\":\"admin\",\"@id\":\"https:\\\/\\\/www.elturistatranquil.com\\\/ca\\\/#\\\/schema\\\/person\\\/16f607c3079b96ed0c530a52e6b58bb5\"},\"headline\":\"Poblat iber Tur\u00f3 Rod\u00f3 (Girona)\",\"datePublished\":\"2018-10-20T09:42:43+00:00\",\"dateModified\":\"2025-08-04T17:41:24+00:00\",\"mainEntityOfPage\":{\"@id\":\"https:\\\/\\\/www.elturistatranquil.com\\\/ca\\\/poblat-iber-turo-rodo\\\/\"},\"wordCount\":949,\"commentCount\":2,\"image\":{\"@id\":\"https:\\\/\\\/www.elturistatranquil.com\\\/ca\\\/poblat-iber-turo-rodo\\\/#primaryimage\"},\"thumbnailUrl\":\"https:\\\/\\\/www.elturistatranquil.com\\\/wp-content\\\/uploads\\\/F03-casa-\u00edbera-en-el-Turo-Rodo-1-1.jpg\",\"articleSection\":[\"Arquitectura civil\",\"Arquitectura popular\",\"Castells, Muralles\",\"Girona\",\"Hist\u00f2ria\",\"Joies al territori\",\"Prerom\u00e0\",\"Rom\u00e0\"],\"inLanguage\":\"ca\",\"potentialAction\":[{\"@type\":\"CommentAction\",\"name\":\"Comment\",\"target\":[\"https:\\\/\\\/www.elturistatranquil.com\\\/ca\\\/poblat-iber-turo-rodo\\\/#respond\"]}]},{\"@type\":\"WebPage\",\"@id\":\"https:\\\/\\\/www.elturistatranquil.com\\\/ca\\\/poblat-iber-turo-rodo\\\/\",\"url\":\"https:\\\/\\\/www.elturistatranquil.com\\\/ca\\\/poblat-iber-turo-rodo\\\/\",\"name\":\"Poblat iber Tur\u00f3 Rod\u00f3 (Girona) - El turista tranquil\",\"isPartOf\":{\"@id\":\"https:\\\/\\\/www.elturistatranquil.com\\\/ca\\\/#website\"},\"primaryImageOfPage\":{\"@id\":\"https:\\\/\\\/www.elturistatranquil.com\\\/ca\\\/poblat-iber-turo-rodo\\\/#primaryimage\"},\"image\":{\"@id\":\"https:\\\/\\\/www.elturistatranquil.com\\\/ca\\\/poblat-iber-turo-rodo\\\/#primaryimage\"},\"thumbnailUrl\":\"https:\\\/\\\/www.elturistatranquil.com\\\/wp-content\\\/uploads\\\/F03-casa-\u00edbera-en-el-Turo-Rodo-1-1.jpg\",\"datePublished\":\"2018-10-20T09:42:43+00:00\",\"dateModified\":\"2025-08-04T17:41:24+00:00\",\"author\":{\"@id\":\"https:\\\/\\\/www.elturistatranquil.com\\\/ca\\\/#\\\/schema\\\/person\\\/16f607c3079b96ed0c530a52e6b58bb5\"},\"description\":\"El Post sobre el Poblat iber de Tur\u00f3 Rod\u00f3 (Lloret de Mar, Girona) te el seu inter\u00e8s en que ens permetr\u00e0 veure un habitatge iber reconstru\u00eft in situ. \u00c9s tamb\u00e9 un exemple de l\u2019elecci\u00f3 dels empla\u00e7aments en la l\u00ednia de costa.\",\"breadcrumb\":{\"@id\":\"https:\\\/\\\/www.elturistatranquil.com\\\/ca\\\/poblat-iber-turo-rodo\\\/#breadcrumb\"},\"inLanguage\":\"ca\",\"potentialAction\":[{\"@type\":\"ReadAction\",\"target\":[\"https:\\\/\\\/www.elturistatranquil.com\\\/ca\\\/poblat-iber-turo-rodo\\\/\"]}]},{\"@type\":\"ImageObject\",\"inLanguage\":\"ca\",\"@id\":\"https:\\\/\\\/www.elturistatranquil.com\\\/ca\\\/poblat-iber-turo-rodo\\\/#primaryimage\",\"url\":\"https:\\\/\\\/www.elturistatranquil.com\\\/wp-content\\\/uploads\\\/F03-casa-\u00edbera-en-el-Turo-Rodo-1-1.jpg\",\"contentUrl\":\"https:\\\/\\\/www.elturistatranquil.com\\\/wp-content\\\/uploads\\\/F03-casa-\u00edbera-en-el-Turo-Rodo-1-1.jpg\",\"width\":800,\"height\":533,\"caption\":\"Casa-\u00edbera-en-el-Turo-Rodo-1.jpg\"},{\"@type\":\"BreadcrumbList\",\"@id\":\"https:\\\/\\\/www.elturistatranquil.com\\\/ca\\\/poblat-iber-turo-rodo\\\/#breadcrumb\",\"itemListElement\":[{\"@type\":\"ListItem\",\"position\":1,\"name\":\"Portada\",\"item\":\"https:\\\/\\\/www.elturistatranquil.com\\\/ca\\\/\"},{\"@type\":\"ListItem\",\"position\":2,\"name\":\"Poblat iber Tur\u00f3 Rod\u00f3 (Girona)\"}]},{\"@type\":\"WebSite\",\"@id\":\"https:\\\/\\\/www.elturistatranquil.com\\\/ca\\\/#website\",\"url\":\"https:\\\/\\\/www.elturistatranquil.com\\\/ca\\\/\",\"name\":\"El turista tranquil\",\"description\":\"Blog de viatges\",\"potentialAction\":[{\"@type\":\"SearchAction\",\"target\":{\"@type\":\"EntryPoint\",\"urlTemplate\":\"https:\\\/\\\/www.elturistatranquil.com\\\/ca\\\/?s={search_term_string}\"},\"query-input\":{\"@type\":\"PropertyValueSpecification\",\"valueRequired\":true,\"valueName\":\"search_term_string\"}}],\"inLanguage\":\"ca\"},{\"@type\":\"Person\",\"@id\":\"https:\\\/\\\/www.elturistatranquil.com\\\/ca\\\/#\\\/schema\\\/person\\\/16f607c3079b96ed0c530a52e6b58bb5\",\"name\":\"admin\",\"image\":{\"@type\":\"ImageObject\",\"inLanguage\":\"ca\",\"@id\":\"https:\\\/\\\/secure.gravatar.com\\\/avatar\\\/1fbaf22aee75fcbb29a2f97b107f95d25d3a19b7c3416105be10269872673e8d?s=96&d=mm&r=g\",\"url\":\"https:\\\/\\\/secure.gravatar.com\\\/avatar\\\/1fbaf22aee75fcbb29a2f97b107f95d25d3a19b7c3416105be10269872673e8d?s=96&d=mm&r=g\",\"contentUrl\":\"https:\\\/\\\/secure.gravatar.com\\\/avatar\\\/1fbaf22aee75fcbb29a2f97b107f95d25d3a19b7c3416105be10269872673e8d?s=96&d=mm&r=g\",\"caption\":\"admin\"}}]}<\/script>\n<!-- \/ Yoast SEO plugin. -->","yoast_head_json":{"title":"Poblat iber Tur\u00f3 Rod\u00f3 (Girona) - El turista tranquil","description":"El Post sobre el Poblat iber de Tur\u00f3 Rod\u00f3 (Lloret de Mar, Girona) te el seu inter\u00e8s en que ens permetr\u00e0 veure un habitatge iber reconstru\u00eft in situ. \u00c9s tamb\u00e9 un exemple de l\u2019elecci\u00f3 dels empla\u00e7aments en la l\u00ednia de costa.","robots":{"index":"index","follow":"follow","max-snippet":"max-snippet:-1","max-image-preview":"max-image-preview:large","max-video-preview":"max-video-preview:-1"},"canonical":"https:\/\/www.elturistatranquil.com\/ca\/poblat-iber-turo-rodo\/","og_locale":"ca_ES","og_type":"article","og_title":"Poblat iber Tur\u00f3 Rod\u00f3 (Girona) - El turista tranquil","og_description":"El Post sobre el Poblat iber de Tur\u00f3 Rod\u00f3 (Lloret de Mar, Girona) te el seu inter\u00e8s en que ens permetr\u00e0 veure un habitatge iber reconstru\u00eft in situ. \u00c9s tamb\u00e9 un exemple de l\u2019elecci\u00f3 dels empla\u00e7aments en la l\u00ednia de costa.","og_url":"https:\/\/www.elturistatranquil.com\/ca\/poblat-iber-turo-rodo\/","og_site_name":"El turista tranquil","article_publisher":"https:\/\/www.facebook.com\/elturistatranquilo\/","article_published_time":"2018-10-20T09:42:43+00:00","article_modified_time":"2025-08-04T17:41:24+00:00","og_image":[{"width":800,"height":533,"url":"https:\/\/www.elturistatranquil.com\/wp-content\/uploads\/F03-casa-\u00edbera-en-el-Turo-Rodo-1-1.jpg","type":"image\/jpeg"}],"author":"admin","twitter_card":"summary_large_image","twitter_misc":{"Escrit per":"admin","Temps estimat de lectura":"5 minuts"},"schema":{"@context":"https:\/\/schema.org","@graph":[{"@type":"Article","@id":"https:\/\/www.elturistatranquil.com\/ca\/poblat-iber-turo-rodo\/#article","isPartOf":{"@id":"https:\/\/www.elturistatranquil.com\/ca\/poblat-iber-turo-rodo\/"},"author":{"name":"admin","@id":"https:\/\/www.elturistatranquil.com\/ca\/#\/schema\/person\/16f607c3079b96ed0c530a52e6b58bb5"},"headline":"Poblat iber Tur\u00f3 Rod\u00f3 (Girona)","datePublished":"2018-10-20T09:42:43+00:00","dateModified":"2025-08-04T17:41:24+00:00","mainEntityOfPage":{"@id":"https:\/\/www.elturistatranquil.com\/ca\/poblat-iber-turo-rodo\/"},"wordCount":949,"commentCount":2,"image":{"@id":"https:\/\/www.elturistatranquil.com\/ca\/poblat-iber-turo-rodo\/#primaryimage"},"thumbnailUrl":"https:\/\/www.elturistatranquil.com\/wp-content\/uploads\/F03-casa-\u00edbera-en-el-Turo-Rodo-1-1.jpg","articleSection":["Arquitectura civil","Arquitectura popular","Castells, Muralles","Girona","Hist\u00f2ria","Joies al territori","Prerom\u00e0","Rom\u00e0"],"inLanguage":"ca","potentialAction":[{"@type":"CommentAction","name":"Comment","target":["https:\/\/www.elturistatranquil.com\/ca\/poblat-iber-turo-rodo\/#respond"]}]},{"@type":"WebPage","@id":"https:\/\/www.elturistatranquil.com\/ca\/poblat-iber-turo-rodo\/","url":"https:\/\/www.elturistatranquil.com\/ca\/poblat-iber-turo-rodo\/","name":"Poblat iber Tur\u00f3 Rod\u00f3 (Girona) - El turista tranquil","isPartOf":{"@id":"https:\/\/www.elturistatranquil.com\/ca\/#website"},"primaryImageOfPage":{"@id":"https:\/\/www.elturistatranquil.com\/ca\/poblat-iber-turo-rodo\/#primaryimage"},"image":{"@id":"https:\/\/www.elturistatranquil.com\/ca\/poblat-iber-turo-rodo\/#primaryimage"},"thumbnailUrl":"https:\/\/www.elturistatranquil.com\/wp-content\/uploads\/F03-casa-\u00edbera-en-el-Turo-Rodo-1-1.jpg","datePublished":"2018-10-20T09:42:43+00:00","dateModified":"2025-08-04T17:41:24+00:00","author":{"@id":"https:\/\/www.elturistatranquil.com\/ca\/#\/schema\/person\/16f607c3079b96ed0c530a52e6b58bb5"},"description":"El Post sobre el Poblat iber de Tur\u00f3 Rod\u00f3 (Lloret de Mar, Girona) te el seu inter\u00e8s en que ens permetr\u00e0 veure un habitatge iber reconstru\u00eft in situ. \u00c9s tamb\u00e9 un exemple de l\u2019elecci\u00f3 dels empla\u00e7aments en la l\u00ednia de costa.","breadcrumb":{"@id":"https:\/\/www.elturistatranquil.com\/ca\/poblat-iber-turo-rodo\/#breadcrumb"},"inLanguage":"ca","potentialAction":[{"@type":"ReadAction","target":["https:\/\/www.elturistatranquil.com\/ca\/poblat-iber-turo-rodo\/"]}]},{"@type":"ImageObject","inLanguage":"ca","@id":"https:\/\/www.elturistatranquil.com\/ca\/poblat-iber-turo-rodo\/#primaryimage","url":"https:\/\/www.elturistatranquil.com\/wp-content\/uploads\/F03-casa-\u00edbera-en-el-Turo-Rodo-1-1.jpg","contentUrl":"https:\/\/www.elturistatranquil.com\/wp-content\/uploads\/F03-casa-\u00edbera-en-el-Turo-Rodo-1-1.jpg","width":800,"height":533,"caption":"Casa-\u00edbera-en-el-Turo-Rodo-1.jpg"},{"@type":"BreadcrumbList","@id":"https:\/\/www.elturistatranquil.com\/ca\/poblat-iber-turo-rodo\/#breadcrumb","itemListElement":[{"@type":"ListItem","position":1,"name":"Portada","item":"https:\/\/www.elturistatranquil.com\/ca\/"},{"@type":"ListItem","position":2,"name":"Poblat iber Tur\u00f3 Rod\u00f3 (Girona)"}]},{"@type":"WebSite","@id":"https:\/\/www.elturistatranquil.com\/ca\/#website","url":"https:\/\/www.elturistatranquil.com\/ca\/","name":"El turista tranquil","description":"Blog de viatges","potentialAction":[{"@type":"SearchAction","target":{"@type":"EntryPoint","urlTemplate":"https:\/\/www.elturistatranquil.com\/ca\/?s={search_term_string}"},"query-input":{"@type":"PropertyValueSpecification","valueRequired":true,"valueName":"search_term_string"}}],"inLanguage":"ca"},{"@type":"Person","@id":"https:\/\/www.elturistatranquil.com\/ca\/#\/schema\/person\/16f607c3079b96ed0c530a52e6b58bb5","name":"admin","image":{"@type":"ImageObject","inLanguage":"ca","@id":"https:\/\/secure.gravatar.com\/avatar\/1fbaf22aee75fcbb29a2f97b107f95d25d3a19b7c3416105be10269872673e8d?s=96&d=mm&r=g","url":"https:\/\/secure.gravatar.com\/avatar\/1fbaf22aee75fcbb29a2f97b107f95d25d3a19b7c3416105be10269872673e8d?s=96&d=mm&r=g","contentUrl":"https:\/\/secure.gravatar.com\/avatar\/1fbaf22aee75fcbb29a2f97b107f95d25d3a19b7c3416105be10269872673e8d?s=96&d=mm&r=g","caption":"admin"}}]}},"_links":{"self":[{"href":"https:\/\/www.elturistatranquil.com\/ca\/wp-json\/wp\/v2\/posts\/8383","targetHints":{"allow":["GET"]}}],"collection":[{"href":"https:\/\/www.elturistatranquil.com\/ca\/wp-json\/wp\/v2\/posts"}],"about":[{"href":"https:\/\/www.elturistatranquil.com\/ca\/wp-json\/wp\/v2\/types\/post"}],"author":[{"embeddable":true,"href":"https:\/\/www.elturistatranquil.com\/ca\/wp-json\/wp\/v2\/users\/1"}],"replies":[{"embeddable":true,"href":"https:\/\/www.elturistatranquil.com\/ca\/wp-json\/wp\/v2\/comments?post=8383"}],"version-history":[{"count":1,"href":"https:\/\/www.elturistatranquil.com\/ca\/wp-json\/wp\/v2\/posts\/8383\/revisions"}],"predecessor-version":[{"id":31520,"href":"https:\/\/www.elturistatranquil.com\/ca\/wp-json\/wp\/v2\/posts\/8383\/revisions\/31520"}],"wp:featuredmedia":[{"embeddable":true,"href":"https:\/\/www.elturistatranquil.com\/ca\/wp-json\/wp\/v2\/media\/8170"}],"wp:attachment":[{"href":"https:\/\/www.elturistatranquil.com\/ca\/wp-json\/wp\/v2\/media?parent=8383"}],"wp:term":[{"taxonomy":"category","embeddable":true,"href":"https:\/\/www.elturistatranquil.com\/ca\/wp-json\/wp\/v2\/categories?post=8383"},{"taxonomy":"post_tag","embeddable":true,"href":"https:\/\/www.elturistatranquil.com\/ca\/wp-json\/wp\/v2\/tags?post=8383"}],"curies":[{"name":"wp","href":"https:\/\/api.w.org\/{rel}","templated":true}]}}