{"id":937,"date":"2018-03-07T09:53:05","date_gmt":"2018-03-07T08:53:05","guid":{"rendered":"https:\/\/www.elturistatranquil.com\/?p=937"},"modified":"2021-09-02T16:02:22","modified_gmt":"2021-09-02T14:02:22","slug":"costa-da-morte-as-garzas","status":"publish","type":"post","link":"https:\/\/www.elturistatranquil.com\/ca\/costa-da-morte-as-garzas\/","title":{"rendered":"As Garzas. Costa da Morte"},"content":{"rendered":"\t\t<div data-elementor-type=\"wp-post\" data-elementor-id=\"937\" class=\"elementor elementor-937 elementor-720 elementor-bc-flex-widget\" data-elementor-post-type=\"post\">\n\t\t\t\t\t\t<section class=\"elementor-section elementor-top-section elementor-element elementor-element-47c3429 elementor-section-boxed elementor-section-height-default elementor-section-height-default\" data-id=\"47c3429\" data-element_type=\"section\" data-e-type=\"section\">\n\t\t\t\t\t\t<div class=\"elementor-container elementor-column-gap-default\">\n\t\t\t\t\t<div class=\"elementor-column elementor-col-100 elementor-top-column elementor-element elementor-element-608b9226\" data-id=\"608b9226\" data-element_type=\"column\" data-e-type=\"column\">\n\t\t\t<div class=\"elementor-widget-wrap elementor-element-populated\">\n\t\t\t\t\t\t<section class=\"elementor-section elementor-inner-section elementor-element elementor-element-65bb5e2e elementor-section-content-middle elementor-section-boxed elementor-section-height-default elementor-section-height-default\" data-id=\"65bb5e2e\" data-element_type=\"section\" data-e-type=\"section\">\n\t\t\t\t\t\t<div class=\"elementor-container elementor-column-gap-default\">\n\t\t\t\t\t<div class=\"elementor-column elementor-col-100 elementor-inner-column elementor-element elementor-element-5317f75b\" data-id=\"5317f75b\" data-element_type=\"column\" data-e-type=\"column\">\n\t\t\t<div class=\"elementor-widget-wrap elementor-element-populated\">\n\t\t\t\t\t\t<div class=\"elementor-element elementor-element-1c85ed54 elementor-widget elementor-widget-text-editor\" data-id=\"1c85ed54\" data-element_type=\"widget\" data-e-type=\"widget\" data-widget_type=\"text-editor.default\">\n\t\t\t\t<div class=\"elementor-widget-container\">\n\t\t\t\t\t\t\t\t\t<p>As Garzas (A Coru\u00f1a) compleix absolutament l&#8217;ideal d&#8217;un turista tranquil: bon menjar, ben estar i un entorn fabul\u00f3s, mirant-li la cara a l&#8217;Oce\u00e0 Atl\u00e0ntic des dels seus finestrals. La Costa da Morte ser\u00e0 l&#8217;\u00e0mbit de les nostres correries pel territori, podent escapar-nos a Santiago o A Coru\u00f1a.<\/p>\t\t\t\t\t\t\t\t<\/div>\n\t\t\t\t<\/div>\n\t\t\t\t\t<\/div>\n\t\t<\/div>\n\t\t\t\t\t<\/div>\n\t\t<\/section>\n\t\t\t\t<div class=\"elementor-element elementor-element-c530896 elementor-widget elementor-widget-heading\" data-id=\"c530896\" data-element_type=\"widget\" data-e-type=\"widget\" data-widget_type=\"heading.default\">\n\t\t\t\t<div class=\"elementor-widget-container\">\n\t\t\t\t\t<h1 class=\"elementor-heading-title elementor-size-default\">As Garzas. Costa da Morte<\/h1>\t\t\t\t<\/div>\n\t\t\t\t<\/div>\n\t\t\t\t\t<\/div>\n\t\t<\/div>\n\t\t\t\t\t<\/div>\n\t\t<\/section>\n\t\t\t\t<section class=\"elementor-section elementor-top-section elementor-element elementor-element-3348a645 elementor-section-boxed elementor-section-height-default elementor-section-height-default\" data-id=\"3348a645\" data-element_type=\"section\" data-e-type=\"section\">\n\t\t\t\t\t\t<div class=\"elementor-container elementor-column-gap-default\">\n\t\t\t\t\t<div class=\"elementor-column elementor-col-100 elementor-top-column elementor-element elementor-element-32b70214\" data-id=\"32b70214\" data-element_type=\"column\" data-e-type=\"column\">\n\t\t\t<div class=\"elementor-widget-wrap elementor-element-populated\">\n\t\t\t\t\t\t<div class=\"elementor-element elementor-element-7998c543 elementor-widget elementor-widget-image\" data-id=\"7998c543\" data-element_type=\"widget\" data-e-type=\"widget\" data-widget_type=\"image.default\">\n\t\t\t\t<div class=\"elementor-widget-container\">\n\t\t\t\t\t\t\t\t\t\t\t\t<figure class=\"wp-caption\">\n\t\t\t\t\t\t\t\t\t\t<img fetchpriority=\"high\" decoding=\"async\" width=\"800\" height=\"534\" src=\"https:\/\/www.elturistatranquil.com\/wp-content\/uploads\/F0-Porto-de-Barizo.jpg\" class=\"attachment-large size-large wp-image-710\" alt=\"Porto de Barizo\" srcset=\"https:\/\/www.elturistatranquil.com\/wp-content\/uploads\/F0-Porto-de-Barizo.jpg 800w, https:\/\/www.elturistatranquil.com\/wp-content\/uploads\/F0-Porto-de-Barizo-768x513.jpg 768w\" sizes=\"(max-width: 800px) 100vw, 800px\" \/>\t\t\t\t\t\t\t\t\t\t\t<figcaption class=\"widget-image-caption wp-caption-text\">As Garzas en primer terme. Al fons les Illes Sisargas<\/figcaption>\n\t\t\t\t\t\t\t\t\t\t<\/figure>\n\t\t\t\t\t\t\t\t\t<\/div>\n\t\t\t\t<\/div>\n\t\t\t\t<div class=\"elementor-element elementor-element-27cb0aca elementor-widget elementor-widget-spacer\" data-id=\"27cb0aca\" data-element_type=\"widget\" data-e-type=\"widget\" data-widget_type=\"spacer.default\">\n\t\t\t\t<div class=\"elementor-widget-container\">\n\t\t\t\t\t\t\t<div class=\"elementor-spacer\">\n\t\t\t<div class=\"elementor-spacer-inner\"><\/div>\n\t\t<\/div>\n\t\t\t\t\t\t<\/div>\n\t\t\t\t<\/div>\n\t\t\t\t<div class=\"elementor-element elementor-element-2207e79e elementor-widget elementor-widget-heading\" data-id=\"2207e79e\" data-element_type=\"widget\" data-e-type=\"widget\" data-widget_type=\"heading.default\">\n\t\t\t\t<div class=\"elementor-widget-container\">\n\t\t\t\t\t<h2 class=\"elementor-heading-title elementor-size-default\">As Garzas. Costa da Morte<\/h2>\t\t\t\t<\/div>\n\t\t\t\t<\/div>\n\t\t\t\t<section class=\"elementor-section elementor-inner-section elementor-element elementor-element-1097dfc1 elementor-section-boxed elementor-section-height-default elementor-section-height-default\" data-id=\"1097dfc1\" data-element_type=\"section\" data-e-type=\"section\" data-settings=\"{&quot;background_background&quot;:&quot;classic&quot;}\">\n\t\t\t\t\t\t<div class=\"elementor-container elementor-column-gap-default\">\n\t\t\t\t\t<div class=\"elementor-column elementor-col-100 elementor-inner-column elementor-element elementor-element-72572174\" data-id=\"72572174\" data-element_type=\"column\" data-e-type=\"column\">\n\t\t\t<div class=\"elementor-widget-wrap elementor-element-populated\">\n\t\t\t\t\t\t<div class=\"elementor-element elementor-element-77c2607d elementor-widget elementor-widget-text-editor\" data-id=\"77c2607d\" data-element_type=\"widget\" data-e-type=\"widget\" data-widget_type=\"text-editor.default\">\n\t\t\t\t<div class=\"elementor-widget-container\">\n\t\t\t\t\t\t\t\t\t<p>Porto Barizo. 15113, Barizo, Malpica de Berganti\u00f1os, A Coru\u00f1a.<\/p>\t\t\t\t\t\t\t\t<\/div>\n\t\t\t\t<\/div>\n\t\t\t\t<div class=\"elementor-element elementor-element-1baa557 elementor-widget elementor-widget-text-editor\" data-id=\"1baa557\" data-element_type=\"widget\" data-e-type=\"widget\" data-widget_type=\"text-editor.default\">\n\t\t\t\t<div class=\"elementor-widget-container\">\n\t\t\t\t\t\t\t\t\t<p>Tel\u00e8fon: +34 981 721 765; Fax: +34 981 720 605.<\/p>\t\t\t\t\t\t\t\t<\/div>\n\t\t\t\t<\/div>\n\t\t\t\t<div class=\"elementor-element elementor-element-5fcff99 elementor-widget elementor-widget-text-editor\" data-id=\"5fcff99\" data-element_type=\"widget\" data-e-type=\"widget\" data-widget_type=\"text-editor.default\">\n\t\t\t\t<div class=\"elementor-widget-container\">\n\t\t\t\t\t\t\t\t\t<p>Coordenades GPS Latitud: 43\u00ba 19&#8242; 12.993564&#8221; Nort, Longitud: 8\u00ba 52&#8242; 18.646284&#8221; Oest.<\/p>\t\t\t\t\t\t\t\t<\/div>\n\t\t\t\t<\/div>\n\t\t\t\t<div class=\"elementor-element elementor-element-8cccadc elementor-widget elementor-widget-text-editor\" data-id=\"8cccadc\" data-element_type=\"widget\" data-e-type=\"widget\" data-widget_type=\"text-editor.default\">\n\t\t\t\t<div class=\"elementor-widget-container\">\n\t\t\t\t\t\t\t\t\t<p>Email: info@asgarzas.com &#8211;\u00a0<a style=\"background-color: rgba(91, 134, 178, 0.07);\" href=\"http:\/\/www.asgarzas.com\/\" target=\"_blank\" rel=\"noopener\">www.asgarzas.com<\/a><\/p>\t\t\t\t\t\t\t\t<\/div>\n\t\t\t\t<\/div>\n\t\t\t\t<div class=\"elementor-element elementor-element-6b44e2f elementor-widget elementor-widget-text-editor\" data-id=\"6b44e2f\" data-element_type=\"widget\" data-e-type=\"widget\" data-widget_type=\"text-editor.default\">\n\t\t\t\t<div class=\"elementor-widget-container\">\n\t\t\t\t\t\t\t\t\t<p>\u00daltima estancia: 2015<\/p>\t\t\t\t\t\t\t\t<\/div>\n\t\t\t\t<\/div>\n\t\t\t\t\t<\/div>\n\t\t<\/div>\n\t\t\t\t\t<\/div>\n\t\t<\/section>\n\t\t\t\t<div class=\"elementor-element elementor-element-520c7852 elementor-widget elementor-widget-image\" data-id=\"520c7852\" data-element_type=\"widget\" data-e-type=\"widget\" data-widget_type=\"image.default\">\n\t\t\t\t<div class=\"elementor-widget-container\">\n\t\t\t\t\t\t\t\t\t\t\t\t<figure class=\"wp-caption\">\n\t\t\t\t\t\t\t\t\t\t<img decoding=\"async\" width=\"768\" height=\"614\" src=\"https:\/\/www.elturistatranquil.com\/wp-content\/uploads\/F1-Plano-de-situaci\u00f3n-de-As-Garzas-1-768x614.jpg\" class=\"attachment-medium_large size-medium_large wp-image-1801\" alt=\"\" srcset=\"https:\/\/www.elturistatranquil.com\/wp-content\/uploads\/F1-Plano-de-situaci\u00f3n-de-As-Garzas-1-768x614.jpg 768w, https:\/\/www.elturistatranquil.com\/wp-content\/uploads\/F1-Plano-de-situaci\u00f3n-de-As-Garzas-1.jpg 800w\" sizes=\"(max-width: 768px) 100vw, 768px\" \/>\t\t\t\t\t\t\t\t\t\t\t<figcaption class=\"widget-image-caption wp-caption-text\">Pl\u00e0nol de situaci\u00f3 del Restaurant-Allotjament As Garzas<\/figcaption>\n\t\t\t\t\t\t\t\t\t\t<\/figure>\n\t\t\t\t\t\t\t\t\t<\/div>\n\t\t\t\t<\/div>\n\t\t\t\t<section class=\"elementor-section elementor-inner-section elementor-element elementor-element-6a72d2e elementor-section-boxed elementor-section-height-default elementor-section-height-default\" data-id=\"6a72d2e\" data-element_type=\"section\" data-e-type=\"section\" data-settings=\"{&quot;background_background&quot;:&quot;classic&quot;}\">\n\t\t\t\t\t\t<div class=\"elementor-container elementor-column-gap-default\">\n\t\t\t\t\t<div class=\"elementor-column elementor-col-100 elementor-inner-column elementor-element elementor-element-e206be5\" data-id=\"e206be5\" data-element_type=\"column\" data-e-type=\"column\">\n\t\t\t<div class=\"elementor-widget-wrap elementor-element-populated\">\n\t\t\t\t\t\t<div class=\"elementor-element elementor-element-583ce6c elementor-widget elementor-widget-text-editor\" data-id=\"583ce6c\" data-element_type=\"widget\" data-e-type=\"widget\" data-widget_type=\"text-editor.default\">\n\t\t\t\t<div class=\"elementor-widget-container\">\n\t\t\t\t\t\t\t\t\t<h6>\u00cdndice<\/h6>\t\t\t\t\t\t\t\t<\/div>\n\t\t\t\t<\/div>\n\t\t\t\t<div class=\"elementor-element elementor-element-3e7e6f5b elementor-widget elementor-widget-text-editor\" data-id=\"3e7e6f5b\" data-element_type=\"widget\" data-e-type=\"widget\" data-widget_type=\"text-editor.default\">\n\t\t\t\t<div class=\"elementor-widget-container\">\n\t\t\t\t\t\t\t\t\t<p><a href=\"https:\/\/www.elturistatranquil.com\/ca\/costa-da-morte-as-garzas\/#a0101\">Restaurant-Allotjament<\/a> <span style=\"color: #5b86b2;\"><em>As Garzas<\/em><\/span><\/p>\t\t\t\t\t\t\t\t<\/div>\n\t\t\t\t<\/div>\n\t\t\t\t<div class=\"elementor-element elementor-element-cea5de4 elementor-widget elementor-widget-text-editor\" data-id=\"cea5de4\" data-element_type=\"widget\" data-e-type=\"widget\" data-widget_type=\"text-editor.default\">\n\t\t\t\t<div class=\"elementor-widget-container\">\n\t\t\t\t\t\t\t\t\t<p><a href=\"https:\/\/www.elturistatranquil.com\/ca\/costa-da-morte-as-garzas\/#a0102\">El territori: La Costa da Morte i prov\u00edncia de A Coru\u00f1a<\/a><\/p>\t\t\t\t\t\t\t\t<\/div>\n\t\t\t\t<\/div>\n\t\t\t\t<div class=\"elementor-element elementor-element-41e7779 elementor-widget elementor-widget-text-editor\" data-id=\"41e7779\" data-element_type=\"widget\" data-e-type=\"widget\" data-widget_type=\"text-editor.default\">\n\t\t\t\t<div class=\"elementor-widget-container\">\n\t\t\t\t\t\t\t\t\t<p><a href=\"https:\/\/www.elturistatranquil.com\/ca\/costa-da-morte-as-garzas\/#a0103\">La Costa da Morte<\/a><\/p>\t\t\t\t\t\t\t\t<\/div>\n\t\t\t\t<\/div>\n\t\t\t\t<div class=\"elementor-element elementor-element-f811cc2 elementor-widget elementor-widget-text-editor\" data-id=\"f811cc2\" data-element_type=\"widget\" data-e-type=\"widget\" data-widget_type=\"text-editor.default\">\n\t\t\t\t<div class=\"elementor-widget-container\">\n\t\t\t\t\t\t\t\t\t<p><a href=\"https:\/\/www.elturistatranquil.com\/ca\/costa-da-morte-as-garzas\/#a0104\">Propostes de sortides<\/a><\/p>\t\t\t\t\t\t\t\t<\/div>\n\t\t\t\t<\/div>\n\t\t\t\t<div class=\"elementor-element elementor-element-5e3db5f elementor-widget elementor-widget-text-editor\" data-id=\"5e3db5f\" data-element_type=\"widget\" data-e-type=\"widget\" data-widget_type=\"text-editor.default\">\n\t\t\t\t<div class=\"elementor-widget-container\">\n\t\t\t\t\t\t\t\t\t<p><a href=\"https:\/\/www.elturistatranquil.com\/ca\/costa-da-morte-as-garzas\/#a0105\">Pasejades per l\u2019entorn<\/a><\/p>\t\t\t\t\t\t\t\t<\/div>\n\t\t\t\t<\/div>\n\t\t\t\t<div class=\"elementor-element elementor-element-da65fc0 elementor-widget elementor-widget-text-editor\" data-id=\"da65fc0\" data-element_type=\"widget\" data-e-type=\"widget\" data-widget_type=\"text-editor.default\">\n\t\t\t\t<div class=\"elementor-widget-container\">\n\t\t\t\t\t\t\t\t\t<p style=\"padding-left: 30px;\"><a href=\"https:\/\/www.elturistatranquil.com\/ca\/costa-da-morte-as-garzas\/#a0105\">Barizo a peu<\/a><\/p>\t\t\t\t\t\t\t\t<\/div>\n\t\t\t\t<\/div>\n\t\t\t\t<div class=\"elementor-element elementor-element-a0a0992 elementor-widget elementor-widget-text-editor\" data-id=\"a0a0992\" data-element_type=\"widget\" data-e-type=\"widget\" data-widget_type=\"text-editor.default\">\n\t\t\t\t<div class=\"elementor-widget-container\">\n\t\t\t\t\t\t\t\t\t<p style=\"padding-left: 30px;\"><a style=\"background-color: #ffffff;\" href=\"https:\/\/www.elturistatranquil.com\/ca\/costa-da-morte-as-garzas\/#a0106\">Malpica de Berganti\u00f1os<\/a><\/p>\t\t\t\t\t\t\t\t<\/div>\n\t\t\t\t<\/div>\n\t\t\t\t<div class=\"elementor-element elementor-element-bcfe300 elementor-widget elementor-widget-text-editor\" data-id=\"bcfe300\" data-element_type=\"widget\" data-e-type=\"widget\" data-widget_type=\"text-editor.default\">\n\t\t\t\t<div class=\"elementor-widget-container\">\n\t\t\t\t\t\t\t\t\t<p style=\"padding-left: 30px;\"><a href=\"https:\/\/www.elturistatranquil.com\/ca\/costa-da-morte-as-garzas\/#a0107\">Posta de sol sobre l\u2019Atl\u00e0ntic des de l\u2019Ermita de Santo Adri\u00e1n<\/a><\/p>\t\t\t\t\t\t\t\t<\/div>\n\t\t\t\t<\/div>\n\t\t\t\t<div class=\"elementor-element elementor-element-cdb2e1a elementor-widget elementor-widget-text-editor\" data-id=\"cdb2e1a\" data-element_type=\"widget\" data-e-type=\"widget\" data-widget_type=\"text-editor.default\">\n\t\t\t\t<div class=\"elementor-widget-container\">\n\t\t\t\t\t\t\t\t\t<p><a href=\"https:\/\/www.elturistatranquil.com\/ca\/costa-da-morte-as-garzas\/#a0108\">Sortides de mitja jornada<\/a><\/p>\t\t\t\t\t\t\t\t<\/div>\n\t\t\t\t<\/div>\n\t\t\t\t<div class=\"elementor-element elementor-element-f3fc88a elementor-widget elementor-widget-text-editor\" data-id=\"f3fc88a\" data-element_type=\"widget\" data-e-type=\"widget\" data-widget_type=\"text-editor.default\">\n\t\t\t\t<div class=\"elementor-widget-container\">\n\t\t\t\t\t\t\t\t\t<p style=\"padding-left: 30px;\"><a href=\"https:\/\/www.elturistatranquil.com\/ca\/costa-da-morte-as-garzas\/#a0109a\">Punta Roncudo, Corme i Laxe<\/a><\/p>\t\t\t\t\t\t\t\t<\/div>\n\t\t\t\t<\/div>\n\t\t\t\t<div class=\"elementor-element elementor-element-1dcb3de elementor-widget elementor-widget-text-editor\" data-id=\"1dcb3de\" data-element_type=\"widget\" data-e-type=\"widget\" data-widget_type=\"text-editor.default\">\n\t\t\t\t<div class=\"elementor-widget-container\">\n\t\t\t\t\t\t\t\t\t<p style=\"padding-left: 60px;\"><a href=\"https:\/\/www.elturistatranquil.com\/ca\/costa-da-morte-as-garzas\/#a0109\">Punta Roncudo (Far de Roncudo)<\/a><\/p>\t\t\t\t\t\t\t\t<\/div>\n\t\t\t\t<\/div>\n\t\t\t\t<div class=\"elementor-element elementor-element-81f89cd elementor-widget elementor-widget-text-editor\" data-id=\"81f89cd\" data-element_type=\"widget\" data-e-type=\"widget\" data-widget_type=\"text-editor.default\">\n\t\t\t\t<div class=\"elementor-widget-container\">\n\t\t\t\t\t\t\t\t\t<p style=\"padding-left: 60px;\"><a href=\"https:\/\/www.elturistatranquil.com\/ca\/costa-da-morte-as-garzas\/#a0110\">Laxe<\/a><\/p>\t\t\t\t\t\t\t\t<\/div>\n\t\t\t\t<\/div>\n\t\t\t\t<div class=\"elementor-element elementor-element-033f10c elementor-widget elementor-widget-text-editor\" data-id=\"033f10c\" data-element_type=\"widget\" data-e-type=\"widget\" data-widget_type=\"text-editor.default\">\n\t\t\t\t<div class=\"elementor-widget-container\">\n\t\t\t\t\t\t\t\t\t<p style=\"padding-left: 30px;\"><a href=\"https:\/\/www.elturistatranquil.com\/ca\/costa-da-morte-as-garzas\/#a0111\">Fisterra i Mux\u00eda<\/a><\/p>\t\t\t\t\t\t\t\t<\/div>\n\t\t\t\t<\/div>\n\t\t\t\t<div class=\"elementor-element elementor-element-594ab85 elementor-widget elementor-widget-text-editor\" data-id=\"594ab85\" data-element_type=\"widget\" data-e-type=\"widget\" data-widget_type=\"text-editor.default\">\n\t\t\t\t<div class=\"elementor-widget-container\">\n\t\t\t\t\t\t\t\t\t<p style=\"padding-left: 60px;\"><a href=\"https:\/\/www.elturistatranquil.com\/ca\/costa-da-morte-as-garzas\/#a0112\">Fisterra (Far de Fisterra)<\/a><\/p>\t\t\t\t\t\t\t\t<\/div>\n\t\t\t\t<\/div>\n\t\t\t\t<div class=\"elementor-element elementor-element-ae2528f elementor-widget elementor-widget-text-editor\" data-id=\"ae2528f\" data-element_type=\"widget\" data-e-type=\"widget\" data-widget_type=\"text-editor.default\">\n\t\t\t\t<div class=\"elementor-widget-container\">\n\t\t\t\t\t\t\t\t\t<p style=\"padding-left: 60px;\"><a href=\"https:\/\/www.elturistatranquil.com\/ca\/costa-da-morte-as-garzas\/#a0113\">Mux\u00eda<\/a><\/p>\t\t\t\t\t\t\t\t<\/div>\n\t\t\t\t<\/div>\n\t\t\t\t<div class=\"elementor-element elementor-element-3675014 elementor-widget elementor-widget-text-editor\" data-id=\"3675014\" data-element_type=\"widget\" data-e-type=\"widget\" data-widget_type=\"text-editor.default\">\n\t\t\t\t<div class=\"elementor-widget-container\">\n\t\t\t\t\t\t\t\t\t<p style=\"padding-left: 30px;\"><a href=\"https:\/\/www.elturistatranquil.com\/ca\/costa-da-morte-as-garzas\/#a0114\">Ecomuseo Forno do Forte (Bu\u00f1o), (compra de cer\u00e0mica), Paratge Mui\u00f1os de Verdes<\/a><\/p>\t\t\t\t\t\t\t\t<\/div>\n\t\t\t\t<\/div>\n\t\t\t\t<div class=\"elementor-element elementor-element-a97a3dc elementor-widget elementor-widget-text-editor\" data-id=\"a97a3dc\" data-element_type=\"widget\" data-e-type=\"widget\" data-widget_type=\"text-editor.default\">\n\t\t\t\t<div class=\"elementor-widget-container\">\n\t\t\t\t\t\t\t\t\t<p style=\"padding-left: 60px;\"><a href=\"https:\/\/www.elturistatranquil.com\/ca\/costa-da-morte-as-garzas\/#a0115\">Ecomuseo Forno do Forte (Bu\u00f1o)<\/a><\/p>\t\t\t\t\t\t\t\t<\/div>\n\t\t\t\t<\/div>\n\t\t\t\t<div class=\"elementor-element elementor-element-88ffd96 elementor-widget elementor-widget-text-editor\" data-id=\"88ffd96\" data-element_type=\"widget\" data-e-type=\"widget\" data-widget_type=\"text-editor.default\">\n\t\t\t\t<div class=\"elementor-widget-container\">\n\t\t\t\t\t\t\t\t\t<p style=\"padding-left: 60px;\"><a href=\"https:\/\/www.elturistatranquil.com\/ca\/costa-da-morte-as-garzas\/#a0116\">Mui\u00f1os de Verdes<\/a><\/p>\t\t\t\t\t\t\t\t<\/div>\n\t\t\t\t<\/div>\n\t\t\t\t<div class=\"elementor-element elementor-element-021ad1b elementor-widget elementor-widget-text-editor\" data-id=\"021ad1b\" data-element_type=\"widget\" data-e-type=\"widget\" data-widget_type=\"text-editor.default\">\n\t\t\t\t<div class=\"elementor-widget-container\">\n\t\t\t\t\t\t\t\t\t<p><a href=\"https:\/\/www.elturistatranquil.com\/ca\/costa-da-morte-as-garzas\/#a0117\">Sortides de jornada completa<\/a><\/p>\t\t\t\t\t\t\t\t<\/div>\n\t\t\t\t<\/div>\n\t\t\t\t<div class=\"elementor-element elementor-element-a0679fa elementor-widget elementor-widget-text-editor\" data-id=\"a0679fa\" data-element_type=\"widget\" data-e-type=\"widget\" data-widget_type=\"text-editor.default\">\n\t\t\t\t<div class=\"elementor-widget-container\">\n\t\t\t\t\t\t\t\t\t<p style=\"padding-left: 30px;\"><a href=\"https:\/\/www.elturistatranquil.com\/ca\/costa-da-morte-as-garzas\/#a0117\">Santiago de Compostela<\/a><\/p>\t\t\t\t\t\t\t\t<\/div>\n\t\t\t\t<\/div>\n\t\t\t\t<div class=\"elementor-element elementor-element-d296f79 elementor-widget elementor-widget-text-editor\" data-id=\"d296f79\" data-element_type=\"widget\" data-e-type=\"widget\" data-widget_type=\"text-editor.default\">\n\t\t\t\t<div class=\"elementor-widget-container\">\n\t\t\t\t\t\t\t\t\t<p style=\"padding-left: 30px;\"><a href=\"https:\/\/www.elturistatranquil.com\/ca\/costa-da-morte-as-garzas\/#a0118\">A Coru\u00f1a<\/a><\/p>\t\t\t\t\t\t\t\t<\/div>\n\t\t\t\t<\/div>\n\t\t\t\t\t<\/div>\n\t\t<\/div>\n\t\t\t\t\t<\/div>\n\t\t<\/section>\n\t\t\t\t<div class=\"elementor-element elementor-element-14cf20f7 elementor-widget elementor-widget-spacer\" data-id=\"14cf20f7\" data-element_type=\"widget\" data-e-type=\"widget\" data-widget_type=\"spacer.default\">\n\t\t\t\t<div class=\"elementor-widget-container\">\n\t\t\t\t\t\t\t<div class=\"elementor-spacer\">\n\t\t\t<div class=\"elementor-spacer-inner\"><\/div>\n\t\t<\/div>\n\t\t\t\t\t\t<\/div>\n\t\t\t\t<\/div>\n\t\t\t\t<div class=\"elementor-element elementor-element-4a24cf73 elementor-widget elementor-widget-menu-anchor\" data-id=\"4a24cf73\" data-element_type=\"widget\" data-e-type=\"widget\" data-widget_type=\"menu-anchor.default\">\n\t\t\t\t<div class=\"elementor-widget-container\">\n\t\t\t\t\t\t\t<div class=\"elementor-menu-anchor\" id=\"a0101\"><\/div>\n\t\t\t\t\t\t<\/div>\n\t\t\t\t<\/div>\n\t\t\t\t<div class=\"elementor-element elementor-element-515bc6cd elementor-widget elementor-widget-heading\" data-id=\"515bc6cd\" data-element_type=\"widget\" data-e-type=\"widget\" data-widget_type=\"heading.default\">\n\t\t\t\t<div class=\"elementor-widget-container\">\n\t\t\t\t\t<h2 class=\"elementor-heading-title elementor-size-default\">Restaurant-Allotjament As Garzas<\/h2>\t\t\t\t<\/div>\n\t\t\t\t<\/div>\n\t\t\t\t<div class=\"elementor-element elementor-element-1d4e5cd4 elementor-widget elementor-widget-text-editor\" data-id=\"1d4e5cd4\" data-element_type=\"widget\" data-e-type=\"widget\" data-widget_type=\"text-editor.default\">\n\t\t\t\t<div class=\"elementor-widget-container\">\n\t\t\t\t\t\t\t\t\t<p>Comen\u00e7o aquest recorregut per un lloc per a mi excepcional.<\/p>\n<p>Era l\u2019any 2013, estava mirant una revista d\u2019aquelles que a les darreres p\u00e0gines plantegen llocs per fer una escapada. Proposaven que \u201cdonessis un passeig per els sis refugis m\u00e9s m\u00e0gics del Nord d\u2019Espanya\u201d. Tots tenien molt bona pinta. Per\u00f2 un d\u2019ells em va captivar. Informava que nom\u00e9s tenia quatre habitacions i que \u201cel seu restaurant dirigit per Fernando i Mari mereix per ell mateix la escapada\u201d. El preu que proposava era de 73 \u20ac l\u2019habitaci\u00f3 doble amb esmorzar.<\/p>\n<p>Dit i fet. Cap a <em>As Garzas.<\/em><\/p>\n\t\t\t\t\t\t\t\t<\/div>\n\t\t\t\t<\/div>\n\t\t\t\t<div class=\"elementor-element elementor-element-bb9bfc5 elementor-widget elementor-widget-image\" data-id=\"bb9bfc5\" data-element_type=\"widget\" data-e-type=\"widget\" data-widget_type=\"image.default\">\n\t\t\t\t<div class=\"elementor-widget-container\">\n\t\t\t\t\t\t\t\t\t\t\t\t\t\t\t<img decoding=\"async\" width=\"800\" height=\"533\" src=\"https:\/\/www.elturistatranquil.com\/wp-content\/uploads\/F2-As-Garzas.jpg\" class=\"attachment-large size-large wp-image-1740\" alt=\"\" srcset=\"https:\/\/www.elturistatranquil.com\/wp-content\/uploads\/F2-As-Garzas.jpg 800w, https:\/\/www.elturistatranquil.com\/wp-content\/uploads\/F2-As-Garzas-768x512.jpg 768w\" sizes=\"(max-width: 800px) 100vw, 800px\" \/>\t\t\t\t\t\t\t\t\t\t\t\t\t\t\t<\/div>\n\t\t\t\t<\/div>\n\t\t\t\t<div class=\"elementor-element elementor-element-3838db0 elementor-widget elementor-widget-image\" data-id=\"3838db0\" data-element_type=\"widget\" data-e-type=\"widget\" data-widget_type=\"image.default\">\n\t\t\t\t<div class=\"elementor-widget-container\">\n\t\t\t\t\t\t\t\t\t\t\t\t<figure class=\"wp-caption\">\n\t\t\t\t\t\t\t\t\t\t<img loading=\"lazy\" decoding=\"async\" width=\"800\" height=\"534\" src=\"https:\/\/www.elturistatranquil.com\/wp-content\/uploads\/F3-As-Garzas.jpg\" class=\"attachment-large size-large wp-image-1741\" alt=\"\" srcset=\"https:\/\/www.elturistatranquil.com\/wp-content\/uploads\/F3-As-Garzas.jpg 800w, https:\/\/www.elturistatranquil.com\/wp-content\/uploads\/F3-As-Garzas-768x513.jpg 768w\" sizes=\"(max-width: 800px) 100vw, 800px\" \/>\t\t\t\t\t\t\t\t\t\t\t<figcaption class=\"widget-image-caption wp-caption-text\">As Garzas i vistes des del llit<\/figcaption>\n\t\t\t\t\t\t\t\t\t\t<\/figure>\n\t\t\t\t\t\t\t\t\t<\/div>\n\t\t\t\t<\/div>\n\t\t\t\t<div class=\"elementor-element elementor-element-61ef157 elementor-widget elementor-widget-text-editor\" data-id=\"61ef157\" data-element_type=\"widget\" data-e-type=\"widget\" data-widget_type=\"text-editor.default\">\n\t\t\t\t<div class=\"elementor-widget-container\">\n\t\t\t\t\t\t\t\t\t<p>Si ho hag\u00e9s sabut tot, potser m\u2019hauria espantat i no hi hauria anat. \u00a1El que m\u2019hagu\u00e9s perdut!<\/p>\n<p>Qu\u00e8 no sabia i em podia espantar?: Aquell restaurant \u201cque mereixia per ell mateix una escapada\u201d era, i \u00e9s (2018), un 1 estrella Michelin de Galicia i el cuiner Fernando Agrasar.<\/p>\n<p>Podr\u00edem dir que quan parlo de que el primer plaer \u00e9s no voler perdre\u2019t un \u00e0pat ho vaig aprendre aqu\u00ed. L\u2019esmorzar espl\u00e8ndid \u2013amb croissants d\u2019autor-. El dinar a la carta \u2013no tenia men\u00fa- i el sopar decidit amb en Fernando sota propostes casolanes, ja que els dies feiners el restaurant estava tancat a les nits i en Fernando cuinava per als hostes, ni que siguin nom\u00e9s dues persones. I el sopar s\u2019allargava per que en Fernando te una bona conversa i li agrada parlar amb els clients. El preu final: Si menges varis dies i fas la mitjana amb el sopar, tenint en compte que el vi pot durar m\u00e9s d\u2019un \u00e0pat segons la teva capacitat per veure, surt un preu mitja molt raonable per la qualitat del que reps.<\/p>\n\t\t\t\t\t\t\t\t<\/div>\n\t\t\t\t<\/div>\n\t\t\t\t<div class=\"elementor-element elementor-element-18ab4dd elementor-widget elementor-widget-image\" data-id=\"18ab4dd\" data-element_type=\"widget\" data-e-type=\"widget\" data-widget_type=\"image.default\">\n\t\t\t\t<div class=\"elementor-widget-container\">\n\t\t\t\t\t\t\t\t\t\t\t\t<figure class=\"wp-caption\">\n\t\t\t\t\t\t\t\t\t\t<img loading=\"lazy\" decoding=\"async\" width=\"800\" height=\"533\" src=\"https:\/\/www.elturistatranquil.com\/wp-content\/uploads\/F4-As-Garzas-vista-desde-el-comedor.jpg\" class=\"attachment-large size-large wp-image-1742\" alt=\"\" srcset=\"https:\/\/www.elturistatranquil.com\/wp-content\/uploads\/F4-As-Garzas-vista-desde-el-comedor.jpg 800w, https:\/\/www.elturistatranquil.com\/wp-content\/uploads\/F4-As-Garzas-vista-desde-el-comedor-768x512.jpg 768w\" sizes=\"(max-width: 800px) 100vw, 800px\" \/>\t\t\t\t\t\t\t\t\t\t\t<figcaption class=\"widget-image-caption wp-caption-text\">Espectaculars vistes des del menjador<\/figcaption>\n\t\t\t\t\t\t\t\t\t\t<\/figure>\n\t\t\t\t\t\t\t\t\t<\/div>\n\t\t\t\t<\/div>\n\t\t\t\t<div class=\"elementor-element elementor-element-5144996 elementor-widget elementor-widget-image\" data-id=\"5144996\" data-element_type=\"widget\" data-e-type=\"widget\" data-widget_type=\"image.default\">\n\t\t\t\t<div class=\"elementor-widget-container\">\n\t\t\t\t\t\t\t\t\t\t\t\t<figure class=\"wp-caption\">\n\t\t\t\t\t\t\t\t\t\t<img loading=\"lazy\" decoding=\"async\" width=\"800\" height=\"581\" src=\"https:\/\/www.elturistatranquil.com\/wp-content\/uploads\/F5-As-Garzas-desayuno.jpg\" class=\"attachment-large size-large wp-image-1743\" alt=\"\" srcset=\"https:\/\/www.elturistatranquil.com\/wp-content\/uploads\/F5-As-Garzas-desayuno.jpg 800w, https:\/\/www.elturistatranquil.com\/wp-content\/uploads\/F5-As-Garzas-desayuno-768x558.jpg 768w\" sizes=\"(max-width: 800px) 100vw, 800px\" \/>\t\t\t\t\t\t\t\t\t\t\t<figcaption class=\"widget-image-caption wp-caption-text\">Per comen\u00e7ar b\u00e9 el dia<\/figcaption>\n\t\t\t\t\t\t\t\t\t\t<\/figure>\n\t\t\t\t\t\t\t\t\t<\/div>\n\t\t\t\t<\/div>\n\t\t\t\t<div class=\"elementor-element elementor-element-bbfd438 elementor-widget elementor-widget-image\" data-id=\"bbfd438\" data-element_type=\"widget\" data-e-type=\"widget\" data-widget_type=\"image.default\">\n\t\t\t\t<div class=\"elementor-widget-container\">\n\t\t\t\t\t\t\t\t\t\t\t\t\t\t\t<img loading=\"lazy\" decoding=\"async\" width=\"800\" height=\"607\" src=\"https:\/\/www.elturistatranquil.com\/wp-content\/uploads\/F6-As-Garzas-croquetas-de-bacalao-02b.jpg\" class=\"attachment-large size-large wp-image-1744\" alt=\"\" srcset=\"https:\/\/www.elturistatranquil.com\/wp-content\/uploads\/F6-As-Garzas-croquetas-de-bacalao-02b.jpg 800w, https:\/\/www.elturistatranquil.com\/wp-content\/uploads\/F6-As-Garzas-croquetas-de-bacalao-02b-768x583.jpg 768w\" sizes=\"(max-width: 800px) 100vw, 800px\" \/>\t\t\t\t\t\t\t\t\t\t\t\t\t\t\t<\/div>\n\t\t\t\t<\/div>\n\t\t\t\t<div class=\"elementor-element elementor-element-e7ac93b elementor-widget elementor-widget-image\" data-id=\"e7ac93b\" data-element_type=\"widget\" data-e-type=\"widget\" data-widget_type=\"image.default\">\n\t\t\t\t<div class=\"elementor-widget-container\">\n\t\t\t\t\t\t\t\t\t\t\t\t\t\t\t<img loading=\"lazy\" decoding=\"async\" width=\"800\" height=\"600\" src=\"https:\/\/www.elturistatranquil.com\/wp-content\/uploads\/F7-As-Garzas-Lubina.jpg\" class=\"attachment-large size-large wp-image-1745\" alt=\"\" srcset=\"https:\/\/www.elturistatranquil.com\/wp-content\/uploads\/F7-As-Garzas-Lubina.jpg 800w, https:\/\/www.elturistatranquil.com\/wp-content\/uploads\/F7-As-Garzas-Lubina-768x576.jpg 768w\" sizes=\"(max-width: 800px) 100vw, 800px\" \/>\t\t\t\t\t\t\t\t\t\t\t\t\t\t\t<\/div>\n\t\t\t\t<\/div>\n\t\t\t\t<div class=\"elementor-element elementor-element-19f2946 elementor-widget elementor-widget-image\" data-id=\"19f2946\" data-element_type=\"widget\" data-e-type=\"widget\" data-widget_type=\"image.default\">\n\t\t\t\t<div class=\"elementor-widget-container\">\n\t\t\t\t\t\t\t\t\t\t\t\t<figure class=\"wp-caption\">\n\t\t\t\t\t\t\t\t\t\t<img loading=\"lazy\" decoding=\"async\" width=\"800\" height=\"534\" src=\"https:\/\/www.elturistatranquil.com\/wp-content\/uploads\/F8-As-Garzas-Postre.jpg\" class=\"attachment-large size-large wp-image-1746\" alt=\"\" srcset=\"https:\/\/www.elturistatranquil.com\/wp-content\/uploads\/F8-As-Garzas-Postre.jpg 800w, https:\/\/www.elturistatranquil.com\/wp-content\/uploads\/F8-As-Garzas-Postre-768x513.jpg 768w\" sizes=\"(max-width: 800px) 100vw, 800px\" \/>\t\t\t\t\t\t\t\t\t\t\t<figcaption class=\"widget-image-caption wp-caption-text\">Un exemple de men\u00fa, on les postres no va tenir espera per comen\u00e7ar<\/figcaption>\n\t\t\t\t\t\t\t\t\t\t<\/figure>\n\t\t\t\t\t\t\t\t\t<\/div>\n\t\t\t\t<\/div>\n\t\t\t\t<div class=\"elementor-element elementor-element-5b5ce22 elementor-widget elementor-widget-text-editor\" data-id=\"5b5ce22\" data-element_type=\"widget\" data-e-type=\"widget\" data-widget_type=\"text-editor.default\">\n\t\t\t\t<div class=\"elementor-widget-container\">\n\t\t\t\t\t\t\t\t\t<p>I el lloc!. Una edificaci\u00f3 actual amb car\u00e0cter, quasi isolada en un final de cam\u00ed enfront de l\u2019Atl\u00e0ntic a la Costa da Morte. No es pot demanar res m\u00e9s per a un turisme tranquil. Des del menjador o des de les habitacions tens l\u2019Oce\u00e0 al teu davant a primera l\u00ednia.<\/p>\n\t\t\t\t\t\t\t\t<\/div>\n\t\t\t\t<\/div>\n\t\t\t\t<div class=\"elementor-element elementor-element-bb0b6e9 elementor-widget elementor-widget-image\" data-id=\"bb0b6e9\" data-element_type=\"widget\" data-e-type=\"widget\" data-widget_type=\"image.default\">\n\t\t\t\t<div class=\"elementor-widget-container\">\n\t\t\t\t\t\t\t\t\t\t\t\t<figure class=\"wp-caption\">\n\t\t\t\t\t\t\t\t\t\t<img loading=\"lazy\" decoding=\"async\" width=\"800\" height=\"534\" src=\"https:\/\/www.elturistatranquil.com\/wp-content\/uploads\/F9-As-Garzas-y-su-entorno.jpg\" class=\"attachment-large size-large wp-image-1747\" alt=\"\" srcset=\"https:\/\/www.elturistatranquil.com\/wp-content\/uploads\/F9-As-Garzas-y-su-entorno.jpg 800w, https:\/\/www.elturistatranquil.com\/wp-content\/uploads\/F9-As-Garzas-y-su-entorno-768x513.jpg 768w\" sizes=\"(max-width: 800px) 100vw, 800px\" \/>\t\t\t\t\t\t\t\t\t\t\t<figcaption class=\"widget-image-caption wp-caption-text\">As Garzas i el seu entorn<\/figcaption>\n\t\t\t\t\t\t\t\t\t\t<\/figure>\n\t\t\t\t\t\t\t\t\t<\/div>\n\t\t\t\t<\/div>\n\t\t\t\t<div class=\"elementor-element elementor-element-9566002 elementor-widget elementor-widget-menu-anchor\" data-id=\"9566002\" data-element_type=\"widget\" data-e-type=\"widget\" data-widget_type=\"menu-anchor.default\">\n\t\t\t\t<div class=\"elementor-widget-container\">\n\t\t\t\t\t\t\t<div class=\"elementor-menu-anchor\" id=\"a0102\"><\/div>\n\t\t\t\t\t\t<\/div>\n\t\t\t\t<\/div>\n\t\t\t\t<div class=\"elementor-element elementor-element-21e89fa elementor-widget elementor-widget-text-editor\" data-id=\"21e89fa\" data-element_type=\"widget\" data-e-type=\"widget\" data-widget_type=\"text-editor.default\">\n\t\t\t\t<div class=\"elementor-widget-container\">\n\t\t\t\t\t\t\t\t\t<p>La primera experi\u00e8ncia va ser tan bona que hi he tornat dues vegades m\u00e9s. I m\u2019agradaria repetir. \u00c9s el dilema d\u2019haver de triar, del que parlava a la presentaci\u00f3 del Blog, entre llocs nous i llocs coneguts que t\u2019atrapen.<\/p>\n\t\t\t\t\t\t\t\t<\/div>\n\t\t\t\t<\/div>\n\t\t\t\t<div class=\"elementor-element elementor-element-c750c61 elementor-widget elementor-widget-heading\" data-id=\"c750c61\" data-element_type=\"widget\" data-e-type=\"widget\" data-widget_type=\"heading.default\">\n\t\t\t\t<div class=\"elementor-widget-container\">\n\t\t\t\t\t<h2 class=\"elementor-heading-title elementor-size-default\">El territori: La Costa da Morte i prov\u00edncia de A Coru\u00f1a<\/h2>\t\t\t\t<\/div>\n\t\t\t\t<\/div>\n\t\t\t\t<div class=\"elementor-element elementor-element-e15af8e elementor-widget elementor-widget-text-editor\" data-id=\"e15af8e\" data-element_type=\"widget\" data-e-type=\"widget\" data-widget_type=\"text-editor.default\">\n\t\t\t\t<div class=\"elementor-widget-container\">\n\t\t\t\t\t\t\t\t\t<p>La destinaci\u00f3 a As Garzas tenia l\u2019al\u00b7licient de trobar-se en un territori molt singular i ple inter\u00e8s com \u00e9s la Costa da Morte. Al temps que la Costa da Morte pertany a una prov\u00edncia -A Coru\u00f1a- amb molts al\u00b7licients tur\u00edstics on poder triar per gaudir del territori durant l&#8217;estada. A l&#8217;abast disposem d&#8217;una costa excepcional, un territori rural molt particular, nuclis urbans moderns, com la ciutat de A Coru\u00f1a, o d\u2019hist\u00f2ria excepcional, com Santiago de Compostela. No es pot demanar m\u00e9s.<\/p>\n<p>La hist\u00f2ria, la morfologia del territori i les condicions del medi f\u00edsic fan qu\u00e8 Gal\u00edcia tingui particularitats pr\u00f2pies dins Espanya. Una llengua pr\u00f2pia, una estructura social rural de minifundisme agrari per\u00f2 tamb\u00e9 en l&#8217;explotaci\u00f3 dels recursos marins. Al minifundisme agrari l&#8217;acompanya un poblament dispers. Nuclis concentrats poc potents aix\u00ed com un seguit de petits ports pesquers per explotar la pesca de baixura i l\u2019extracci\u00f3 de marisc (percebes, clo\u00efsses o navalles) de les roques costaneres i de les platges.<\/p>\n<p>Cal insistir que la forma de l\u2019assentament de la poblaci\u00f3 al territori a Gal\u00edcia pren formes particulars. L\u2019estructura de propietat minifundista i una forta tradici\u00f3 religiosa cat\u00f2lica ha donat una forma de poblament molt dispers organitzat sobre la base de les parr\u00f2quies. Aquestes particularitats es manifesten en una organitzaci\u00f3\u00a0administrativa territorial amb certes particularitats. Dins el model administrativa espanyol actual Galicia -qu\u00e8 es considera una nacionalitat segons defineix del seu Estatut d&#8217;Autonomia-, est\u00e0 formada per 4 prov\u00edncies (hist\u00f2ricament havien estat 7 prov\u00edncies), 53 comarques, dividides en 313 <em>concellos <\/em>(municipis) que articulen 3.778 parr\u00f2quies, que era la forma territorial tradicional equivalent al municipi, ara sense funci\u00f3 administrativa.<\/p>\n<p>Analitzar com a exemple l\u2019estructura del municipi de Malpica de Berganti\u00f1os, on es localitza As Garzas ens mostrar\u00e0 amb claredat la forma particular de l\u2019assentament de la poblaci\u00f3 de Galicia.<\/p>\n\t\t\t\t\t\t\t\t<\/div>\n\t\t\t\t<\/div>\n\t\t\t\t<section class=\"elementor-section elementor-inner-section elementor-element elementor-element-36ee184 elementor-section-boxed elementor-section-height-default elementor-section-height-default\" data-id=\"36ee184\" data-element_type=\"section\" data-e-type=\"section\">\n\t\t\t\t\t\t<div class=\"elementor-container elementor-column-gap-default\">\n\t\t\t\t\t<div class=\"elementor-column elementor-col-100 elementor-inner-column elementor-element elementor-element-88a82dc\" data-id=\"88a82dc\" data-element_type=\"column\" data-e-type=\"column\">\n\t\t\t<div class=\"elementor-widget-wrap elementor-element-populated\">\n\t\t\t\t\t\t<div class=\"elementor-element elementor-element-05b52ab elementor-widget elementor-widget-text-editor\" data-id=\"05b52ab\" data-element_type=\"widget\" data-e-type=\"widget\" data-widget_type=\"text-editor.default\">\n\t\t\t\t<div class=\"elementor-widget-container\">\n\t\t\t\t\t\t\t\t\t<p>Concello de Malpica de Berganti\u00f1os<\/p>\n\t\t\t\t\t\t\t\t<\/div>\n\t\t\t\t<\/div>\n\t\t\t\t<div class=\"elementor-element elementor-element-3e82d3a elementor-widget elementor-widget-text-editor\" data-id=\"3e82d3a\" data-element_type=\"widget\" data-e-type=\"widget\" data-widget_type=\"text-editor.default\">\n\t\t\t\t<div class=\"elementor-widget-container\">\n\t\t\t\t\t\t\t\t\t<table style=\"width: 629px; border-color: #000000;\">\n<tbody>\n<tr>\n<td style=\"border-color: #000000; width: 182px; text-align: left; vertical-align: middle;\"><span style=\"font-size: 10pt;\">Concello: 61,22 km2<\/span><\/p>\n<p><span style=\"font-size: 10pt;\">Parr\u00f2quies 8<\/span><\/td>\n<td style=\"border-color: #000000; width: 67px; text-align: center; vertical-align: middle;\"><span style=\"font-size: 10pt;\">Nucli concello (Malpica)<\/span><\/td>\n<td style=\"border-color: #000000; width: 81px; text-align: center; vertical-align: middle;\"><span style=\"font-size: 10pt;\">Nuclis resta parr\u00f2quies<\/span><\/td>\n<td style=\"border-color: #000000; width: 79px; text-align: center; vertical-align: middle;\"><span style=\"font-size: 10pt;\">Altres nuclis<\/span><\/td>\n<td style=\"border-color: #000000; width: 30px; text-align: center; vertical-align: middle;\"><span style=\"font-size: 10pt;\">Disseminats<\/span><\/td>\n<td style=\"border-color: #000000; width: 83px; text-align: center; vertical-align: middle;\"><span style=\"font-size: 10pt;\">Total<\/span><\/td>\n<\/tr>\n<tr>\n<td style=\"border-color: #000000; width: 182px; text-align: left; vertical-align: middle;\"><span style=\"font-size: 10pt;\">Nuclis d&#8217;assentament<\/span><\/td>\n<td style=\"border-color: #000000; width: 67px; text-align: right; vertical-align: middle;\"><span style=\"font-size: 10pt;\">1<\/span><\/td>\n<td style=\"border-color: #000000; width: 81px; text-align: right; vertical-align: middle;\"><span style=\"font-size: 10pt;\">7<\/span><\/td>\n<td style=\"border-color: #000000; width: 79px; text-align: right; vertical-align: middle;\"><span style=\"font-size: 10pt;\">27<\/span><\/td>\n<td style=\"border-color: #000000; width: 29px; text-align: right; vertical-align: middle;\"><\/td>\n<td style=\"border-color: #000000; width: 83px; text-align: right; vertical-align: middle;\"><\/td>\n<\/tr>\n<tr>\n<td style=\"border-color: #000000; width: 182px; text-align: left; vertical-align: middle;\"><span style=\"font-size: 10pt;\">Poblaci\u00f3 habitants<\/span><\/td>\n<td style=\"border-color: #000000; width: 67px; text-align: right; vertical-align: middle;\"><span style=\"font-size: 10pt;\">1.884<\/span><\/td>\n<td style=\"border-color: #000000; width: 81px; text-align: right; vertical-align: middle;\"><span style=\"font-size: 10pt;\">1.521<\/span><\/td>\n<td style=\"border-color: #000000; width: 79px; text-align: right; vertical-align: middle;\"><span style=\"font-size: 10pt;\">1.844<\/span><\/td>\n<td style=\"border-color: #000000; width: 29px; text-align: right; vertical-align: middle;\"><span style=\"font-size: 10pt;\">269<\/span><\/td>\n<td style=\"border-color: #000000; width: 83px; text-align: right; vertical-align: middle;\"><span style=\"font-size: 10pt;\">5.518<\/span><\/td>\n<\/tr>\n<tr>\n<td style=\"border-color: #000000; width: 182px; text-align: left; vertical-align: middle;\"><span style=\"font-size: 10pt;\">% Distribuci\u00f3 de la poblaci\u00f3<\/span><\/td>\n<td style=\"border-color: #000000; width: 67px; text-align: right; vertical-align: middle;\"><span style=\"font-size: 10pt;\">34,1<\/span><\/td>\n<td style=\"border-color: #000000; width: 81px; text-align: right; vertical-align: middle;\"><span style=\"font-size: 10pt;\">27,6<\/span><\/td>\n<td style=\"border-color: #000000; width: 79px; text-align: right; vertical-align: middle;\"><span style=\"font-size: 10pt;\">33,4<\/span><\/td>\n<td style=\"border-color: #000000; width: 29px; text-align: right; vertical-align: middle;\"><span style=\"font-size: 10pt;\">4,9<\/span><\/td>\n<td style=\"border-color: #000000; width: 83px; text-align: right; vertical-align: middle;\"><span style=\"font-size: 10pt;\">100<\/span><\/td>\n<\/tr>\n<tr>\n<td style=\"border-color: #000000; width: 182px; text-align: left; vertical-align: middle;\"><span style=\"font-size: 10pt;\">Mitja de poblaci\u00f3 per nucli<\/span><\/td>\n<td style=\"border-color: #000000; width: 67px; text-align: right; vertical-align: middle;\"><\/td>\n<td style=\"border-color: #000000; width: 81px; text-align: right; vertical-align: middle;\"><span style=\"font-size: 10pt;\">217<\/span><\/td>\n<td style=\"border-color: #000000; width: 79px; text-align: right; vertical-align: middle;\"><span style=\"font-size: 10pt;\">68<\/span><\/td>\n<td style=\"border-color: #000000; width: 29px; text-align: right; vertical-align: middle;\"><\/td>\n<td style=\"border-color: #000000; width: 83px; text-align: right; vertical-align: middle;\"><\/td>\n<\/tr>\n<\/tbody>\n<\/table>\n\t\t\t\t\t\t\t\t<\/div>\n\t\t\t\t<\/div>\n\t\t\t\t<div class=\"elementor-element elementor-element-fe1a1fa elementor-widget elementor-widget-text-editor\" data-id=\"fe1a1fa\" data-element_type=\"widget\" data-e-type=\"widget\" data-widget_type=\"text-editor.default\">\n\t\t\t\t<div class=\"elementor-widget-container\">\n\t\t\t\t\t\t\t\t\t<p><span style=\"font-size: 8pt;\">Font: INE, Nomencl\u00e1tor: Poblaci\u00f3n del Padr\u00f3n Continuo por Unidad Poblacional a 1 de enero de 2017<\/span><\/p>\n\t\t\t\t\t\t\t\t<\/div>\n\t\t\t\t<\/div>\n\t\t\t\t\t<\/div>\n\t\t<\/div>\n\t\t\t\t\t<\/div>\n\t\t<\/section>\n\t\t\t\t<div class=\"elementor-element elementor-element-a1bd6cf elementor-widget elementor-widget-text-editor\" data-id=\"a1bd6cf\" data-element_type=\"widget\" data-e-type=\"widget\" data-widget_type=\"text-editor.default\">\n\t\t\t\t<div class=\"elementor-widget-container\">\n\t\t\t\t\t\t\t\t\t<p>Malpica \u00e9s el centre del <em>concello<\/em> (municipi) que concentra el 34,1% de la poblaci\u00f3 (1.884 hab. el 2017). El conjunt est\u00e0 constitu\u00eft per 8 parr\u00f2quies. Els nuclis de les altres 7 parr\u00f2quies tenen una dimensi\u00f3 mitja de 217 habitants que representa el 27,6% de la poblaci\u00f3 total. A m\u00e9s es troben 27 altres nuclis d\u2019una mitjana de 68 hab. que aglutinen el 34,4% del total. Per \u00faltim cal afegir-hi un 4,9% dels habitants del municipi que resideixen en casals disseminats.<\/p>\n<p>Al marge de la capital del <em>consello<\/em> -la parr\u00f2quia de Sant Xuli\u00e1n (Malpica de Berganti\u00f1os)-, el centre parroquial \u00e9s Bru\u00f1o amb 517 habitants, tots concentrats en el nucli, especialitzat en la producci\u00f3 de cer\u00e0mica tradicional. Mentre que el m\u00e9s petit \u00e9s la parr\u00f2quia de S. Cristobo (Cerqueda) amb 53 habitants sobre 495 habitants dispersos, sent la parr\u00f2quia m\u00e9s disseminada.<\/p>\n<p>El resultat es un paisatge en que en general es veuen cases per tot arreu, siguin de petits nuclis o de casals a\u00efllats.<\/p>\n\t\t\t\t\t\t\t\t<\/div>\n\t\t\t\t<\/div>\n\t\t\t\t<div class=\"elementor-element elementor-element-489861f elementor-widget elementor-widget-menu-anchor\" data-id=\"489861f\" data-element_type=\"widget\" data-e-type=\"widget\" data-widget_type=\"menu-anchor.default\">\n\t\t\t\t<div class=\"elementor-widget-container\">\n\t\t\t\t\t\t\t<div class=\"elementor-menu-anchor\" id=\"a0103\"><\/div>\n\t\t\t\t\t\t<\/div>\n\t\t\t\t<\/div>\n\t\t\t\t<div class=\"elementor-element elementor-element-6bf0778 elementor-widget elementor-widget-image\" data-id=\"6bf0778\" data-element_type=\"widget\" data-e-type=\"widget\" data-widget_type=\"image.default\">\n\t\t\t\t<div class=\"elementor-widget-container\">\n\t\t\t\t\t\t\t\t\t\t\t\t<figure class=\"wp-caption\">\n\t\t\t\t\t\t\t\t\t\t<img loading=\"lazy\" decoding=\"async\" width=\"800\" height=\"534\" src=\"https:\/\/www.elturistatranquil.com\/wp-content\/uploads\/F10-Playa-de-Barizo.jpg\" class=\"attachment-large size-large wp-image-1748\" alt=\"\" srcset=\"https:\/\/www.elturistatranquil.com\/wp-content\/uploads\/F10-Playa-de-Barizo.jpg 800w, https:\/\/www.elturistatranquil.com\/wp-content\/uploads\/F10-Playa-de-Barizo-768x513.jpg 768w\" sizes=\"(max-width: 800px) 100vw, 800px\" \/>\t\t\t\t\t\t\t\t\t\t\t<figcaption class=\"widget-image-caption wp-caption-text\">Exemple de poblament dispers (Barizo, Platja)<\/figcaption>\n\t\t\t\t\t\t\t\t\t\t<\/figure>\n\t\t\t\t\t\t\t\t\t<\/div>\n\t\t\t\t<\/div>\n\t\t\t\t<div class=\"elementor-element elementor-element-02f6742 elementor-widget elementor-widget-heading\" data-id=\"02f6742\" data-element_type=\"widget\" data-e-type=\"widget\" data-widget_type=\"heading.default\">\n\t\t\t\t<div class=\"elementor-widget-container\">\n\t\t\t\t\t<h2 class=\"elementor-heading-title elementor-size-default\">La Costa da Morte<\/h2>\t\t\t\t<\/div>\n\t\t\t\t<\/div>\n\t\t\t\t<div class=\"elementor-element elementor-element-024b7b6 elementor-widget elementor-widget-text-editor\" data-id=\"024b7b6\" data-element_type=\"widget\" data-e-type=\"widget\" data-widget_type=\"text-editor.default\">\n\t\t\t\t<div class=\"elementor-widget-container\">\n\t\t\t\t\t\t\t\t\t<p>La Costa da Morte \u00e9s un litoral dur i dif\u00edcil i un territori aparentment amable per\u00f2, en les seves condicions f\u00edsiques, tamb\u00e9 dur i dif\u00edcil a m\u00e9s d\u2019estar en \u201cun rac\u00f3 del m\u00f3n\u201d en relaci\u00f3 a la Pen\u00ednsula enclaustrada rere el Montes de Le\u00f3n. Aquesta duresa i dificultat, i la condici\u00f3 de <em>finis terrae<\/em> ha donat peu, des de l\u2019antiguitat celta fins al present, a la floraci\u00f3 de m\u00faltiples llegendes, mitologies, tradicions i literatura molt diversa i \u00e0mplia. No oblidem que estem en terra de <a href=\"https:\/\/es.wikipedia.org\/wiki\/Meiga\" target=\"_blank\" rel=\"noopener\"><em>meigas<\/em><\/a> (bruixes que fan el mal amb un pacte amb el diable).<\/p><p>Si per al turisme actual el que es busca sobretot \u00e9s el paisatge, las condicions mediambientals que facin agradable l\u2019estada, la hist\u00f2ria i l\u2019arquitectura, i la qualitat residencial, la Costa da Morte i el seu entorn les ofereix totes en escreix.<\/p><p>M\u00e9s que no pas estendre\u2019m en presentar aquest territori, penso que pot ser m\u00e9s \u00fatil per a un futur visitant oferir una s\u00e8rie d\u2019enlla\u00e7os a Internet que li permetin endinsar-se amb m\u00e9s propietat i informaci\u00f3 en alguns dels aspectes m\u00e9s rellevant del territori a visitar, per\u00f2 sense tenir cap pretensi\u00f3 d\u2019exhaustivitat. Cada visitant pot bussejar a Internet i trobar centenars de refer\u00e8ncies de cada tema i construir-se la seva pr\u00f2pia guia de refer\u00e8ncies, no faltaria m\u00e9s.<\/p>\t\t\t\t\t\t\t\t<\/div>\n\t\t\t\t<\/div>\n\t\t\t\t<div class=\"elementor-element elementor-element-6e55ea0 elementor-widget elementor-widget-image\" data-id=\"6e55ea0\" data-element_type=\"widget\" data-e-type=\"widget\" data-widget_type=\"image.default\">\n\t\t\t\t<div class=\"elementor-widget-container\">\n\t\t\t\t\t\t\t\t\t\t\t\t<figure class=\"wp-caption\">\n\t\t\t\t\t\t\t\t\t\t<img loading=\"lazy\" decoding=\"async\" width=\"800\" height=\"694\" src=\"https:\/\/www.elturistatranquil.com\/wp-content\/uploads\/F11-Mapa-tur\u00edstico-de-la-Costa-da-Morte.jpg\" class=\"attachment-large size-large wp-image-1749\" alt=\"\" srcset=\"https:\/\/www.elturistatranquil.com\/wp-content\/uploads\/F11-Mapa-tur\u00edstico-de-la-Costa-da-Morte.jpg 800w, https:\/\/www.elturistatranquil.com\/wp-content\/uploads\/F11-Mapa-tur\u00edstico-de-la-Costa-da-Morte-768x666.jpg 768w\" sizes=\"(max-width: 800px) 100vw, 800px\" \/>\t\t\t\t\t\t\t\t\t\t\t<figcaption class=\"widget-image-caption wp-caption-text\">Mapa tur\u00edstic de la Costa da Morte<\/figcaption>\n\t\t\t\t\t\t\t\t\t\t<\/figure>\n\t\t\t\t\t\t\t\t\t<\/div>\n\t\t\t\t<\/div>\n\t\t\t\t<div class=\"elementor-element elementor-element-ed1ad87 elementor-widget elementor-widget-text-editor\" data-id=\"ed1ad87\" data-element_type=\"widget\" data-e-type=\"widget\" data-widget_type=\"text-editor.default\">\n\t\t\t\t<div class=\"elementor-widget-container\">\n\t\t\t\t\t\t\t\t\t<h6>Turisme i Rutes<\/h6><p><a href=\"http:\/\/www.turismo.gal\/folletos-e-publicacions?langId=es_ES&amp;tDoc=APP\" target=\"_blank\" rel=\"noopener\">App<\/a> sobre la Costa da Morte<\/p><p>Entrada sobre la Costa da Morte a <a href=\"https:\/\/es.wikipedia.org\/wiki\/Costa_de_la_Muerte\" target=\"_blank\" rel=\"noopener\">Wikipedia<\/a>.<\/p><p>Qu\u00e8 fer a la Costa da Morte segons\u00a0<a href=\"https:\/\/www.escapadarural.com\/que-hacer\/costa-da-morte\" target=\"_blank\" rel=\"noopener\">escapada rural<\/a>.<\/p><p>Tota la Costa en cotxe\u00a0 a\u00a0<a href=\"https:\/\/www.motorpasion.com\/otros\/a-costa-da-morte-en-coche-una-ruta-espectacular-por-el-litoral-mas-magico-de-galicia\" target=\"_blank\" rel=\"noopener\">motorpasi\u00f3n<\/a>.<\/p><p>Llocs a visitar i museus segons\u00a0<a href=\"https:\/\/www.lavozdegalicia.es\/noticia\/carballo\/2016\/03\/23\/10-visitas-imprescindibles\/00031458680565168995780.htm\" target=\"_blank\" rel=\"noopener\">La Voz de Galicia<\/a>.<\/p><p>Llocs m\u00e9s excel\u00b7lents\u00a0 a\u00a0<a href=\"http:\/\/www.finisterrae.org\/lugares.php?idioma=es\" target=\"_blank\" rel=\"noopener\">finisterrae<\/a>.<\/p><p>Rutes a la Costa da Morte a\u00a0<a href=\"https:\/\/es.wikiloc.com\/wikiloc\/find.do?q=costa+da+morte\" target=\"_blank\" rel=\"noopener\">wikiloc<\/a> i <a href=\"http:\/\/www.finisterrae.org\/media\/documentos\/Ruta_Costadamorte_ca.pdf\" target=\"_blank\" rel=\"noopener\">finisterrae<\/a>.<\/p><p>Ruta dels fars a\u00a0<a href=\"http:\/\/www.finisterrae.org\/media\/documentos\/Rutafaros_ca.pdf\" target=\"_blank\" rel=\"noopener\">finisterrae<\/a>.<\/p><p>Tres rutes proposades per <a href=\"http:\/\/www.turismo.gal\/que-facer\/rutas-turisticas\/ruta-turistica-da-costa-da-morte?langId=es_ES\" target=\"_blank\" rel=\"noopener\">turismo Galicia<\/a>.<\/p><h6>V\u00eddeos<\/h6><p><a href=\"http:\/\/www.rtve.es\/alacarta\/videos\/espana-entre-el-cielo-y-la-tierra\/espana-entre-cielo-tierra-mundo-mas-alla-del-fin-del-mundo\/3213009\/\" target=\"_blank\" rel=\"noopener\">El Mundo m\u00e1s all\u00e1 del Fin del Mundo. Costa da Morte<\/a> (durada 52\u201941\u2019\u2019)<\/p><p><a href=\"https:\/\/www.youtube.com\/watch?v=7WsyznkZU-w\" target=\"_blank\" rel=\"noopener\">Costa da Morte<\/a> (Galicia) (durada 35\u201954\u2019\u2019)<\/p><p><a href=\"https:\/\/www.youtube.com\/watch?v=v09FLBlrSKo\" target=\"_blank\" rel=\"noopener\">O Cami\u00f1o dos Faros<\/a> (Costa da Morte &#8211; Galicia) (durada 4\u201942\u2019\u2019)<\/p><h6>Aproximacions hist\u00f2rico-m\u00edtiques-liter\u00e0ries<\/h6><p>Rep\u00e0s a la visi\u00f3 m\u00edtic-liter\u00e0ria de la Costa da Morte: Manuel Cousillas Rodr\u00edguez: <em><a href=\"http:\/\/webs.ono.com\/garoza\/G4-Cousillas.pdf\" target=\"_blank\" rel=\"noopener\">Enclaves m\u00edtico-literarios en la COSTA DA MORTE<\/a><\/em><\/p><p>Per als interessats en mites i llegendes: Manuel Cousillas Rodr\u00edguez: <em><a href=\"http:\/\/81.47.175.201\/costa_da_morte\/attachments\/article\/26\/Pages_from_leyendas_celtas.pdf\" target=\"_blank\" rel=\"noopener\">Rasgos c\u00e9lticos en la mitolog\u00eda y en el folclore de la Costa da Morte<\/a><\/em><\/p><p>Rep\u00e0s hist\u00f2ric a la llegenda negra sobre la Costa da Morte: Jes\u00fas \u00c1ngel S\u00e1nchez Garc\u00eda: <em><a href=\"http:\/\/www.usc.es\/revistas\/index.php\/semata\/article\/view\/1153\/1479\" target=\"_blank\" rel=\"noopener\">La leyenda de la Costa de la Muerte. Naufragios y faros como desencadenantes para la activaci\u00f3n de un patrimonio mar\u00edtimo<\/a><\/em><\/p><p>Aproximaci\u00f3 sumaria sobre As Meigas: I. Somoza Sampaio:<em><a href=\"https:\/\/scholar.google.es\/scholar?hl=es&amp;as_sdt=0%2C5&amp;q=meigas+galicia&amp;btnG=:\" target=\"_blank\" rel=\"noopener\">Galicia, terra de meigas<\/a><\/em><\/p><p>Meigas i turisme cultural: Guadalupe Jim\u00e9nez-Esquinas: <em><a href=\"http:\/\/rdtp.revistas.csic.es\/index.php\/rdtp\/article\/view\/289\/291\" target=\"_blank\" rel=\"noopener\">Las meigas: la transformaci\u00f3n de un estigma en recurso patrimonial<\/a><\/em><\/p><p>Mary Gutierrez, <a href=\"https:\/\/www.youtube.com\/watch?v=Xvs61ygXSFQ\" target=\"_blank\" rel=\"noopener\">La Leyenda de la Costa da Morte<\/a> (7\u201917\u2019\u2019),\u00a0Video.<\/p>\t\t\t\t\t\t\t\t<\/div>\n\t\t\t\t<\/div>\n\t\t\t\t<div class=\"elementor-element elementor-element-5c424ae elementor-widget elementor-widget-menu-anchor\" data-id=\"5c424ae\" data-element_type=\"widget\" data-e-type=\"widget\" data-widget_type=\"menu-anchor.default\">\n\t\t\t\t<div class=\"elementor-widget-container\">\n\t\t\t\t\t\t\t<div class=\"elementor-menu-anchor\" id=\"a0104\"><\/div>\n\t\t\t\t\t\t<\/div>\n\t\t\t\t<\/div>\n\t\t\t\t<div class=\"elementor-element elementor-element-f946909 elementor-widget elementor-widget-text-editor\" data-id=\"f946909\" data-element_type=\"widget\" data-e-type=\"widget\" data-widget_type=\"text-editor.default\">\n\t\t\t\t<div class=\"elementor-widget-container\">\n\t\t\t\t\t\t\t\t\t<h6>Cuina gallega<\/h6><p>Presentaci\u00f3 molt exhaustiva de productes del pa\u00eds y receptes tradicionals i innovadores de la cuina gallega a\u00a0<a href=\"http:\/\/www.turismo.gal\/docs\/mdaw\/mjg4\/~edisp\/turga288862.pdf?langId=es_ES\" target=\"_blank\" rel=\"noopener\">turismo Galicia<\/a>.<\/p><p>Les <a href=\"http:\/\/www.turismo.gal\/docs\/mdaw\/mzex\/~edisp\/turga311271.pdf?langId=es_ES\" target=\"_blank\" rel=\"noopener\">estrellas Michelin<\/a> a Galicia.<\/p>\t\t\t\t\t\t\t\t<\/div>\n\t\t\t\t<\/div>\n\t\t\t\t<div class=\"elementor-element elementor-element-28cbda0 elementor-widget elementor-widget-heading\" data-id=\"28cbda0\" data-element_type=\"widget\" data-e-type=\"widget\" data-widget_type=\"heading.default\">\n\t\t\t\t<div class=\"elementor-widget-container\">\n\t\t\t\t\t<h2 class=\"elementor-heading-title elementor-size-default\">Propostes de sortides <\/h2>\t\t\t\t<\/div>\n\t\t\t\t<\/div>\n\t\t\t\t<div class=\"elementor-element elementor-element-10fe764 elementor-widget elementor-widget-menu-anchor\" data-id=\"10fe764\" data-element_type=\"widget\" data-e-type=\"widget\" data-widget_type=\"menu-anchor.default\">\n\t\t\t\t<div class=\"elementor-widget-container\">\n\t\t\t\t\t\t\t<div class=\"elementor-menu-anchor\" id=\"a0105\"><\/div>\n\t\t\t\t\t\t<\/div>\n\t\t\t\t<\/div>\n\t\t\t\t<div class=\"elementor-element elementor-element-ffa8782 elementor-widget elementor-widget-text-editor\" data-id=\"ffa8782\" data-element_type=\"widget\" data-e-type=\"widget\" data-widget_type=\"text-editor.default\">\n\t\t\t\t<div class=\"elementor-widget-container\">\n\t\t\t\t\t\t\t\t\t<p>Tranquil\u00b7litat no vol dir avorriment o inactivitat.<\/p>\n<p>Si el temps acompanya, en 3\/4 dies es poden fer dues o tres sortides de mitja jornada i una de jornada completa. Aix\u00ed pots fer 2\/3 dinars i 3\/4 sopars a As Garzas. A les mitges jornades lliures, despr\u00e9s de fer una bona migdiada si s\u00f3n a la tarda, es pot anar a passejar per algun lloc de l\u2019entorn o pel poble m\u00e9s proper, en aquest cas Malpica de Berganti\u00f1os.<\/p>\n\t\t\t\t\t\t\t\t<\/div>\n\t\t\t\t<\/div>\n\t\t\t\t<div class=\"elementor-element elementor-element-4dd42c3 elementor-widget elementor-widget-heading\" data-id=\"4dd42c3\" data-element_type=\"widget\" data-e-type=\"widget\" data-widget_type=\"heading.default\">\n\t\t\t\t<div class=\"elementor-widget-container\">\n\t\t\t\t\t<h2 class=\"elementor-heading-title elementor-size-default\">Passejades per l\u2019entorn<\/h2>\t\t\t\t<\/div>\n\t\t\t\t<\/div>\n\t\t\t\t<div class=\"elementor-element elementor-element-8980987 elementor-widget elementor-widget-text-editor\" data-id=\"8980987\" data-element_type=\"widget\" data-e-type=\"widget\" data-widget_type=\"text-editor.default\">\n\t\t\t\t<div class=\"elementor-widget-container\">\n\t\t\t\t\t\t\t\t\t<h3>Barizo a peu<\/h3>\n<p>Al mat\u00ed abans d&#8217;esmorzar, abans de sopar, o en qualsevol altre moment, pot ser bo per fer una bona passejada a l&#8217;entorn de As Garzas: Anar fins a la platja, fins al port de Barizo o moure\u2019s pels carrers de l\u2019aquesta parr\u00f2quia.<\/p>\n\t\t\t\t\t\t\t\t<\/div>\n\t\t\t\t<\/div>\n\t\t\t\t<div class=\"elementor-element elementor-element-90b20dd elementor-widget elementor-widget-image\" data-id=\"90b20dd\" data-element_type=\"widget\" data-e-type=\"widget\" data-widget_type=\"image.default\">\n\t\t\t\t<div class=\"elementor-widget-container\">\n\t\t\t\t\t\t\t\t\t\t\t\t<figure class=\"wp-caption\">\n\t\t\t\t\t\t\t\t\t\t<img loading=\"lazy\" decoding=\"async\" width=\"800\" height=\"534\" src=\"https:\/\/www.elturistatranquil.com\/wp-content\/uploads\/F12-As-Garzas.jpg\" class=\"attachment-large size-large wp-image-1750\" alt=\"\" srcset=\"https:\/\/www.elturistatranquil.com\/wp-content\/uploads\/F12-As-Garzas.jpg 800w, https:\/\/www.elturistatranquil.com\/wp-content\/uploads\/F12-As-Garzas-768x513.jpg 768w\" sizes=\"(max-width: 800px) 100vw, 800px\" \/>\t\t\t\t\t\t\t\t\t\t\t<figcaption class=\"widget-image-caption wp-caption-text\">A punt per caminar<\/figcaption>\n\t\t\t\t\t\t\t\t\t\t<\/figure>\n\t\t\t\t\t\t\t\t\t<\/div>\n\t\t\t\t<\/div>\n\t\t\t\t<div class=\"elementor-element elementor-element-ad527c4 elementor-widget elementor-widget-menu-anchor\" data-id=\"ad527c4\" data-element_type=\"widget\" data-e-type=\"widget\" data-widget_type=\"menu-anchor.default\">\n\t\t\t\t<div class=\"elementor-widget-container\">\n\t\t\t\t\t\t\t<div class=\"elementor-menu-anchor\" id=\"a0106\"><\/div>\n\t\t\t\t\t\t<\/div>\n\t\t\t\t<\/div>\n\t\t\t\t<div class=\"elementor-element elementor-element-b1e9fe8 elementor-widget elementor-widget-image\" data-id=\"b1e9fe8\" data-element_type=\"widget\" data-e-type=\"widget\" data-widget_type=\"image.default\">\n\t\t\t\t<div class=\"elementor-widget-container\">\n\t\t\t\t\t\t\t\t\t\t\t\t<figure class=\"wp-caption\">\n\t\t\t\t\t\t\t\t\t\t<img loading=\"lazy\" decoding=\"async\" width=\"800\" height=\"534\" src=\"https:\/\/www.elturistatranquil.com\/wp-content\/uploads\/F13-Playa-de-Barizo.jpg\" class=\"attachment-large size-large wp-image-1751\" alt=\"\" srcset=\"https:\/\/www.elturistatranquil.com\/wp-content\/uploads\/F13-Playa-de-Barizo.jpg 800w, https:\/\/www.elturistatranquil.com\/wp-content\/uploads\/F13-Playa-de-Barizo-768x513.jpg 768w\" sizes=\"(max-width: 800px) 100vw, 800px\" \/>\t\t\t\t\t\t\t\t\t\t\t<figcaption class=\"widget-image-caption wp-caption-text\">Entorn ideal per passejar<\/figcaption>\n\t\t\t\t\t\t\t\t\t\t<\/figure>\n\t\t\t\t\t\t\t\t\t<\/div>\n\t\t\t\t<\/div>\n\t\t\t\t<div class=\"elementor-element elementor-element-618ba1f elementor-widget elementor-widget-text-editor\" data-id=\"618ba1f\" data-element_type=\"widget\" data-e-type=\"widget\" data-widget_type=\"text-editor.default\">\n\t\t\t\t<div class=\"elementor-widget-container\">\n\t\t\t\t\t\t\t\t\t<p>Veure rutes a i des de Barizo a <a href=\"https:\/\/es.wikiloc.com\/wikiloc\/find.do?t=&amp;d=&amp;lfr=&amp;lto=&amp;src=&amp;act=&amp;q=barizo\" target=\"_blank\" rel=\"noopener\">wikiloc<\/a>.<\/p>\n<h3>Malpica de Berganti\u00f1os<\/h3>\n\t\t\t\t\t\t\t\t<\/div>\n\t\t\t\t<\/div>\n\t\t\t\t<div class=\"elementor-element elementor-element-5b3be71 elementor-widget elementor-widget-text-editor\" data-id=\"5b3be71\" data-element_type=\"widget\" data-e-type=\"widget\" data-widget_type=\"text-editor.default\">\n\t\t\t\t<div class=\"elementor-widget-container\">\n\t\t\t\t\t\t\t\t\t<p style=\"text-align: right;\">Enlla\u00e7 amb el post: <a href=\"https:\/\/www.elturistatranquil.com\/ca\/malpica-de-bergantinos\/\" target=\"_blank\" rel=\"noopener\">SORTIDA A MALPICA DE BERGANTI\u00d1OS<\/a><\/p>\t\t\t\t\t\t\t\t<\/div>\n\t\t\t\t<\/div>\n\t\t\t\t<div class=\"elementor-element elementor-element-f7b6ed6 elementor-widget elementor-widget-text-editor\" data-id=\"f7b6ed6\" data-element_type=\"widget\" data-e-type=\"widget\" data-widget_type=\"text-editor.default\">\n\t\t\t\t<div class=\"elementor-widget-container\">\n\t\t\t\t\t\t\t\t\t<p>A 10 minuts en cotxe hi ha l&#8217;opci\u00f3 d&#8217;arribar-se a Malpica de Berganti\u00f1os.<\/p>\n<p>Per aparcar podem triar quedar-nos al carrer d&#8217;entrada -rua Emilio Gonz\u00e1lez L\u00f3pez- abans d&#8217;arribar al centre-, o b\u00e9 baixar al port on hi ha un ampli aparcament.<\/p>\n<p>La visita al port \u00e9s obligada. El port pesquer \u00e9s ple d&#8217;activitat i a la tarda, a partir de les 17h, es pot assistir a la subhasta a l\u2019estil tradicional i sobre les 19h a la del percebe en un espai adjunt. Des del port \u00e9s espectacular la vista de tot l&#8217;entorn de cases encavalcades que formen una imatge exclusiva de paisatge humanitzat.<\/p>\n\t\t\t\t\t\t\t\t<\/div>\n\t\t\t\t<\/div>\n\t\t\t\t<div class=\"elementor-element elementor-element-46fdee0 elementor-widget elementor-widget-image\" data-id=\"46fdee0\" data-element_type=\"widget\" data-e-type=\"widget\" data-widget_type=\"image.default\">\n\t\t\t\t<div class=\"elementor-widget-container\">\n\t\t\t\t\t\t\t\t\t\t\t\t<figure class=\"wp-caption\">\n\t\t\t\t\t\t\t\t\t\t<img loading=\"lazy\" decoding=\"async\" width=\"800\" height=\"534\" src=\"https:\/\/www.elturistatranquil.com\/wp-content\/uploads\/F14-Malpica-de-Berganti\u00f1os-.jpg\" class=\"attachment-large size-large wp-image-1752\" alt=\"\" srcset=\"https:\/\/www.elturistatranquil.com\/wp-content\/uploads\/F14-Malpica-de-Berganti\u00f1os-.jpg 800w, https:\/\/www.elturistatranquil.com\/wp-content\/uploads\/F14-Malpica-de-Berganti\u00f1os--768x513.jpg 768w\" sizes=\"(max-width: 800px) 100vw, 800px\" \/>\t\t\t\t\t\t\t\t\t\t\t<figcaption class=\"widget-image-caption wp-caption-text\">Malpica de Berganti\u00f1os des del port<\/figcaption>\n\t\t\t\t\t\t\t\t\t\t<\/figure>\n\t\t\t\t\t\t\t\t\t<\/div>\n\t\t\t\t<\/div>\n\t\t\t\t<div class=\"elementor-element elementor-element-f4ab441 elementor-widget elementor-widget-menu-anchor\" data-id=\"f4ab441\" data-element_type=\"widget\" data-e-type=\"widget\" data-widget_type=\"menu-anchor.default\">\n\t\t\t\t<div class=\"elementor-widget-container\">\n\t\t\t\t\t\t\t<div class=\"elementor-menu-anchor\" id=\"a0107\"><\/div>\n\t\t\t\t\t\t<\/div>\n\t\t\t\t<\/div>\n\t\t\t\t<div class=\"elementor-element elementor-element-bb41cb7 elementor-widget elementor-widget-text-editor\" data-id=\"bb41cb7\" data-element_type=\"widget\" data-e-type=\"widget\" data-widget_type=\"text-editor.default\">\n\t\t\t\t<div class=\"elementor-widget-container\">\n\t\t\t\t\t\t\t\t\t<p>Despr\u00e8s de visitar el Port es pot passar a l\u2019altre costat de l\u2019istme. Travessem per carrerons d\u2019aquest poble mariner i, arribant al costat nord, podrem gaudir de l\u2018extensa platja.<\/p>\n\t\t\t\t\t\t\t\t<\/div>\n\t\t\t\t<\/div>\n\t\t\t\t<div class=\"elementor-element elementor-element-30da3e4 elementor-widget elementor-widget-text-editor\" data-id=\"30da3e4\" data-element_type=\"widget\" data-e-type=\"widget\" data-widget_type=\"text-editor.default\">\n\t\t\t\t<div class=\"elementor-widget-container\">\n\t\t\t\t\t\t\t\t\t<h3>Posta de sol sobre l\u2019Atl\u00e0ntic des de l\u2019Ermita de Santo Adri\u00e1n<\/h3><p>En el recorregut entre As Garzas i Malpica \u00e9s aconsellable pujar a l\u2019Ermita de San Adri\u00e1n, des d&#8217;on es podran observar les tres illes Sisarga. Si a tocar de l&#8217;ermita seguim pel cam\u00ed de l&#8217;esquerra (per l\u2019Estrada da Vixia) arribarem a una torre de radars. En aquest indret a l&#8217;hora de la posta de sol podreu viure un espectacle que per a mi va ser inoblidable.<\/p><p>En aquest punt l&#8217;orientaci\u00f3 \u00e9s oest. La visi\u00f3 de la posta del Sol permet veure com aquest desapareix a l&#8217;horitz\u00f3 del mar. Pots viure l&#8217;experi\u00e8ncia d\u2019imaginar el que podien sentir els que en \u00e8poques pret\u00e8rites arribaven fins aquesta zona que consideraven com el <em>finisterre<\/em>. Per a qui no sabia que la Terra \u00e9s esf\u00e8rica i que gira sobre si mateixa dia a dia, la imatge de la caiguda del sol darrere la l\u00ednia de l\u2019horitz\u00f3, i que tot seguit\u00a0s\u2019est\u00e9n la foscor per tot arreu, et permet d\u2019imaginar que devia ser un fet absolutament enigm\u00e0tic. Al costat de viure la sensaci\u00f3 de que et trobes en el fi de la Terra per\u00f2, tamb\u00e9, que el Sol s&#8217;enfonsa en la fi del M\u00f3n. Nom\u00e9s hi ha mar, i en al llunyania, m\u00e9s enll\u00e0 del mar, el Sol es precipita en el buit. Entens que poguessin pensar que la Terra era plana i que m\u00e9s enll\u00e0 de l&#8217;horitz\u00f3 existia un buit indesxifrable.<\/p><p>En un altre sentit, per a un peninsular que ve de la mediterr\u00e0nia com jo, la posta de sol sobre el mar em va portar vers altres sensacions i reflexions. Per als qui la primera relaci\u00f3 entre el Sol y el mar \u00e9s d\u2019aparici\u00f3 i enlairament des de l\u2019horitz\u00f3, la seva sortida di\u00e0ria te un significat de naixement, de vida, de claror, de dia. De manera contraposada, la posta de sol provoca un fort contrast quant per l&#8217;occident atl\u00e0ntic el contacte del Sol i del mar \u00e9s de descens, de declivi, d\u2019entrada en la foscor, de nit i d\u2019imatge de mort. Aquest contrast et permet preveure que els car\u00e0cters dels pobles que viuen aquesta sensaci\u00f3 oposada han de tenir quelcom de diferent en el seu car\u00e0cter, com diferent \u00e9s la seva relaci\u00f3 amb la natura.<\/p>\t\t\t\t\t\t\t\t<\/div>\n\t\t\t\t<\/div>\n\t\t\t\t<div class=\"elementor-element elementor-element-e6d3b98 elementor-widget elementor-widget-menu-anchor\" data-id=\"e6d3b98\" data-element_type=\"widget\" data-e-type=\"widget\" data-widget_type=\"menu-anchor.default\">\n\t\t\t\t<div class=\"elementor-widget-container\">\n\t\t\t\t\t\t\t<div class=\"elementor-menu-anchor\" id=\"a0108\"><\/div>\n\t\t\t\t\t\t<\/div>\n\t\t\t\t<\/div>\n\t\t\t\t<div class=\"elementor-element elementor-element-5f20b2e elementor-widget elementor-widget-image\" data-id=\"5f20b2e\" data-element_type=\"widget\" data-e-type=\"widget\" data-widget_type=\"image.default\">\n\t\t\t\t<div class=\"elementor-widget-container\">\n\t\t\t\t\t\t\t\t\t\t\t\t<figure class=\"wp-caption\">\n\t\t\t\t\t\t\t\t\t\t<img loading=\"lazy\" decoding=\"async\" width=\"800\" height=\"534\" src=\"https:\/\/www.elturistatranquil.com\/wp-content\/uploads\/F15-Puesta-de-sol-sobre-el-Atl\u00e1ntico-.jpg\" class=\"attachment-large size-large wp-image-1753\" alt=\"\" srcset=\"https:\/\/www.elturistatranquil.com\/wp-content\/uploads\/F15-Puesta-de-sol-sobre-el-Atl\u00e1ntico-.jpg 800w, https:\/\/www.elturistatranquil.com\/wp-content\/uploads\/F15-Puesta-de-sol-sobre-el-Atl\u00e1ntico--768x513.jpg 768w\" sizes=\"(max-width: 800px) 100vw, 800px\" \/>\t\t\t\t\t\t\t\t\t\t\t<figcaption class=\"widget-image-caption wp-caption-text\">Posta de sol sobre l\u2019Atl\u00e0ntic des de l\u2019Ermita de Santo Adrian<\/figcaption>\n\t\t\t\t\t\t\t\t\t\t<\/figure>\n\t\t\t\t\t\t\t\t\t<\/div>\n\t\t\t\t<\/div>\n\t\t\t\t<div class=\"elementor-element elementor-element-fee0fc5 elementor-widget elementor-widget-menu-anchor\" data-id=\"fee0fc5\" data-element_type=\"widget\" data-e-type=\"widget\" data-widget_type=\"menu-anchor.default\">\n\t\t\t\t<div class=\"elementor-widget-container\">\n\t\t\t\t\t\t\t<div class=\"elementor-menu-anchor\" id=\"a0109a\"><\/div>\n\t\t\t\t\t\t<\/div>\n\t\t\t\t<\/div>\n\t\t\t\t<div class=\"elementor-element elementor-element-d8e7ae2 elementor-widget elementor-widget-text-editor\" data-id=\"d8e7ae2\" data-element_type=\"widget\" data-e-type=\"widget\" data-widget_type=\"text-editor.default\">\n\t\t\t\t<div class=\"elementor-widget-container\">\n\t\t\t\t\t\t\t\t\t<h2>Sortides de mitja jornada per les comarques de la Costa da Morte<\/h2><p>Despr\u00e9s d&#8217;esmorzar, tranquil\u00b7lament, es pot destinar al mat\u00ed a fer una sortida que ens permeti tornar a dinar al restaurant. Proposar\u00e9 tres sortides de mitja jornada. Dues de visita a la costa i un altre d&#8217;interior.<\/p>\t\t\t\t\t\t\t\t<\/div>\n\t\t\t\t<\/div>\n\t\t\t\t<div class=\"elementor-element elementor-element-d87c846 elementor-widget elementor-widget-heading\" data-id=\"d87c846\" data-element_type=\"widget\" data-e-type=\"widget\" data-widget_type=\"heading.default\">\n\t\t\t\t<div class=\"elementor-widget-container\">\n\t\t\t\t\t<h3 class=\"elementor-heading-title elementor-size-default\">Punta Roncudo, Corme I Laxe <\/h3>\t\t\t\t<\/div>\n\t\t\t\t<\/div>\n\t\t\t\t<div class=\"elementor-element elementor-element-76b06cf elementor-widget elementor-widget-image\" data-id=\"76b06cf\" data-element_type=\"widget\" data-e-type=\"widget\" data-widget_type=\"image.default\">\n\t\t\t\t<div class=\"elementor-widget-container\">\n\t\t\t\t\t\t\t\t\t\t\t\t<figure class=\"wp-caption\">\n\t\t\t\t\t\t\t\t\t\t<img loading=\"lazy\" decoding=\"async\" width=\"800\" height=\"636\" src=\"https:\/\/www.elturistatranquil.com\/wp-content\/uploads\/F16-Recorrido-Punta-Roncuda-y-Laxe-1.jpg\" class=\"attachment-large size-large wp-image-1802\" alt=\"\" srcset=\"https:\/\/www.elturistatranquil.com\/wp-content\/uploads\/F16-Recorrido-Punta-Roncuda-y-Laxe-1.jpg 800w, https:\/\/www.elturistatranquil.com\/wp-content\/uploads\/F16-Recorrido-Punta-Roncuda-y-Laxe-1-768x611.jpg 768w\" sizes=\"(max-width: 800px) 100vw, 800px\" \/>\t\t\t\t\t\t\t\t\t\t\t<figcaption class=\"widget-image-caption wp-caption-text\">Recorregut de la sortida a Punta Roncudo, Corme i Laxe<\/figcaption>\n\t\t\t\t\t\t\t\t\t\t<\/figure>\n\t\t\t\t\t\t\t\t\t<\/div>\n\t\t\t\t<\/div>\n\t\t\t\t<div class=\"elementor-element elementor-element-d3bd950 elementor-widget elementor-widget-menu-anchor\" data-id=\"d3bd950\" data-element_type=\"widget\" data-e-type=\"widget\" data-widget_type=\"menu-anchor.default\">\n\t\t\t\t<div class=\"elementor-widget-container\">\n\t\t\t\t\t\t\t<div class=\"elementor-menu-anchor\" id=\"a0109\"><\/div>\n\t\t\t\t\t\t<\/div>\n\t\t\t\t<\/div>\n\t\t\t\t<div class=\"elementor-element elementor-element-3c1d916 elementor-widget elementor-widget-text-editor\" data-id=\"3c1d916\" data-element_type=\"widget\" data-e-type=\"widget\" data-widget_type=\"text-editor.default\">\n\t\t\t\t<div class=\"elementor-widget-container\">\n\t\t\t\t\t\t\t\t\t<p>En aquest recorregut, amb un total de 67 km i un temps total de viatge de 1,30 h (segons Google Maps), proposo fer dues parades.<\/p>\n<h4>Punta Roncudo (Far de Roncudo)<\/h4>\n\t\t\t\t\t\t\t\t<\/div>\n\t\t\t\t<\/div>\n\t\t\t\t<div class=\"elementor-element elementor-element-86538ac elementor-widget elementor-widget-text-editor\" data-id=\"86538ac\" data-element_type=\"widget\" data-e-type=\"widget\" data-widget_type=\"text-editor.default\">\n\t\t\t\t<div class=\"elementor-widget-container\">\n\t\t\t\t\t\t\t\t\t<p style=\"text-align: right;\">Enlla\u00e7 amb el post: <a href=\"https:\/\/www.elturistatranquil.com\/ca\/punta-roncudo-i-far-de-roncudo\/\" target=\"_blank\" rel=\"noopener\">SORTIDA A PUNTA RONCUDO<\/a><\/p>\t\t\t\t\t\t\t\t<\/div>\n\t\t\t\t<\/div>\n\t\t\t\t<div class=\"elementor-element elementor-element-bb11ba7 elementor-widget elementor-widget-text-editor\" data-id=\"bb11ba7\" data-element_type=\"widget\" data-e-type=\"widget\" data-widget_type=\"text-editor.default\">\n\t\t\t\t<div class=\"elementor-widget-container\">\n\t\t\t\t\t\t\t\t\t<p><strong>As Garzas a Punta Roncudo (Far de Roncudo) (A a B)<\/strong> (19 km; 25 min): L\u2019objectiu \u00e9s arribar al Far de Punta Roncudo. Es tracta d&#8217;un dels punts emblem\u00e0tics de la Costa da Morte, en el que s\u00f3n un s\u00edmbol les creus situades a les roques en record dels morts en aquest perill\u00f3s indret. A la punta s\u2019erigeix el far del mateix nom. Mirant en direcci\u00f3 nord s\u2019admira un perfil t\u00edpic d&#8217;aquesta costa. En direcci\u00f3 sud tindrem la visi\u00f3 d&#8217;una ria, la ria de Corme i Laxe. A l&#8217;altra banda de la ria distingirem el poble de Laxe.<\/p>\n\t\t\t\t\t\t\t\t<\/div>\n\t\t\t\t<\/div>\n\t\t\t\t<div class=\"elementor-element elementor-element-6ead886 elementor-widget elementor-widget-image\" data-id=\"6ead886\" data-element_type=\"widget\" data-e-type=\"widget\" data-widget_type=\"image.default\">\n\t\t\t\t<div class=\"elementor-widget-container\">\n\t\t\t\t\t\t\t\t\t\t\t\t\t\t\t<img loading=\"lazy\" decoding=\"async\" width=\"800\" height=\"800\" src=\"https:\/\/www.elturistatranquil.com\/wp-content\/uploads\/F22-Sta-Mar\u00eda-da-Atalaia-Laxe.jpg\" class=\"attachment-large size-large wp-image-1803\" alt=\"\" srcset=\"https:\/\/www.elturistatranquil.com\/wp-content\/uploads\/F22-Sta-Mar\u00eda-da-Atalaia-Laxe.jpg 800w, https:\/\/www.elturistatranquil.com\/wp-content\/uploads\/F22-Sta-Mar\u00eda-da-Atalaia-Laxe-768x768.jpg 768w\" sizes=\"(max-width: 800px) 100vw, 800px\" \/>\t\t\t\t\t\t\t\t\t\t\t\t\t\t\t<\/div>\n\t\t\t\t<\/div>\n\t\t\t\t<div class=\"elementor-element elementor-element-e6d49b0 elementor-widget elementor-widget-image\" data-id=\"e6d49b0\" data-element_type=\"widget\" data-e-type=\"widget\" data-widget_type=\"image.default\">\n\t\t\t\t<div class=\"elementor-widget-container\">\n\t\t\t\t\t\t\t\t\t\t\t\t<figure class=\"wp-caption\">\n\t\t\t\t\t\t\t\t\t\t<img loading=\"lazy\" decoding=\"async\" width=\"800\" height=\"533\" src=\"https:\/\/www.elturistatranquil.com\/wp-content\/uploads\/F19-Punta-Roncudo.jpg\" class=\"attachment-large size-large wp-image-1756\" alt=\"\" srcset=\"https:\/\/www.elturistatranquil.com\/wp-content\/uploads\/F19-Punta-Roncudo.jpg 800w, https:\/\/www.elturistatranquil.com\/wp-content\/uploads\/F19-Punta-Roncudo-768x512.jpg 768w\" sizes=\"(max-width: 800px) 100vw, 800px\" \/>\t\t\t\t\t\t\t\t\t\t\t<figcaption class=\"widget-image-caption wp-caption-text\">Far Roncudo i Punta Roncudo<\/figcaption>\n\t\t\t\t\t\t\t\t\t\t<\/figure>\n\t\t\t\t\t\t\t\t\t<\/div>\n\t\t\t\t<\/div>\n\t\t\t\t<div class=\"elementor-element elementor-element-48552b9 elementor-widget elementor-widget-image\" data-id=\"48552b9\" data-element_type=\"widget\" data-e-type=\"widget\" data-widget_type=\"image.default\">\n\t\t\t\t<div class=\"elementor-widget-container\">\n\t\t\t\t\t\t\t\t\t\t\t\t<figure class=\"wp-caption\">\n\t\t\t\t\t\t\t\t\t\t<img loading=\"lazy\" decoding=\"async\" width=\"800\" height=\"534\" src=\"https:\/\/www.elturistatranquil.com\/wp-content\/uploads\/F20-La-R\u00eda-de-Corme-y-Laxe.jpg\" class=\"attachment-large size-large wp-image-1757\" alt=\"\" srcset=\"https:\/\/www.elturistatranquil.com\/wp-content\/uploads\/F20-La-R\u00eda-de-Corme-y-Laxe.jpg 800w, https:\/\/www.elturistatranquil.com\/wp-content\/uploads\/F20-La-R\u00eda-de-Corme-y-Laxe-768x513.jpg 768w\" sizes=\"(max-width: 800px) 100vw, 800px\" \/>\t\t\t\t\t\t\t\t\t\t\t<figcaption class=\"widget-image-caption wp-caption-text\">Imatge de la R\u00eda de Corme i Laxe amb Laxe al fons des de Punta Roncudo<\/figcaption>\n\t\t\t\t\t\t\t\t\t\t<\/figure>\n\t\t\t\t\t\t\t\t\t<\/div>\n\t\t\t\t<\/div>\n\t\t\t\t<div class=\"elementor-element elementor-element-8325dc3 elementor-widget elementor-widget-menu-anchor\" data-id=\"8325dc3\" data-element_type=\"widget\" data-e-type=\"widget\" data-widget_type=\"menu-anchor.default\">\n\t\t\t\t<div class=\"elementor-widget-container\">\n\t\t\t\t\t\t\t<div class=\"elementor-menu-anchor\" id=\"a0110\"><\/div>\n\t\t\t\t\t\t<\/div>\n\t\t\t\t<\/div>\n\t\t\t\t<div class=\"elementor-element elementor-element-20acc61 elementor-widget elementor-widget-text-editor\" data-id=\"20acc61\" data-element_type=\"widget\" data-e-type=\"widget\" data-widget_type=\"text-editor.default\">\n\t\t\t\t<div class=\"elementor-widget-container\">\n\t\t\t\t\t\t\t\t\t<p><strong>Punta de Roncudo a Laxe (B a C) <\/strong>(24 km, 30 min): Despr\u00e9s de la passejada retornarem pel port de Corme, i pot ser l\u2019ocasi\u00f3 de detenir-nos \u2018hi una estona. Ens dirigirem a Ponteceso, situat la desembocadura del riu Anll\u00f3ns a la ria de Corme i Laxe. Des d&#8217;aqu\u00ed, seguint m\u00e9s o menys la costa, arribarem a Laxe.<\/p>\n<h4>Laxe<\/h4>\n\t\t\t\t\t\t\t\t<\/div>\n\t\t\t\t<\/div>\n\t\t\t\t<div class=\"elementor-element elementor-element-75c355d elementor-widget elementor-widget-text-editor\" data-id=\"75c355d\" data-element_type=\"widget\" data-e-type=\"widget\" data-widget_type=\"text-editor.default\">\n\t\t\t\t<div class=\"elementor-widget-container\">\n\t\t\t\t\t\t\t\t\t<p style=\"text-align: right;\">Enlla\u00e7 amb el post: <a href=\"https:\/\/www.elturistatranquil.com\/ca\/laxe-lage\/\" target=\"_blank\" rel=\"noopener\">SORTIDA A LAXE<\/a><\/p>\t\t\t\t\t\t\t\t<\/div>\n\t\t\t\t<\/div>\n\t\t\t\t<div class=\"elementor-element elementor-element-b6e02a7 elementor-widget elementor-widget-text-editor\" data-id=\"b6e02a7\" data-element_type=\"widget\" data-e-type=\"widget\" data-widget_type=\"text-editor.default\">\n\t\t\t\t<div class=\"elementor-widget-container\">\n\t\t\t\t\t\t\t\t\t<p>Al arribar trobarem una magnifica platja de dunes i el port de pesca de litoral.<\/p><p>Al voltant del port i la platja s&#8217;articula la vida i l&#8217;activitat econ\u00f2mica de Laxe.<\/p>\t\t\t\t\t\t\t\t<\/div>\n\t\t\t\t<\/div>\n\t\t\t\t<div class=\"elementor-element elementor-element-6cae1ce elementor-widget elementor-widget-image\" data-id=\"6cae1ce\" data-element_type=\"widget\" data-e-type=\"widget\" data-widget_type=\"image.default\">\n\t\t\t\t<div class=\"elementor-widget-container\">\n\t\t\t\t\t\t\t\t\t\t\t\t<figure class=\"wp-caption\">\n\t\t\t\t\t\t\t\t\t\t<img loading=\"lazy\" decoding=\"async\" width=\"800\" height=\"533\" src=\"https:\/\/www.elturistatranquil.com\/wp-content\/uploads\/F21-Laxe.jpg\" class=\"attachment-large size-large wp-image-1804\" alt=\"\" srcset=\"https:\/\/www.elturistatranquil.com\/wp-content\/uploads\/F21-Laxe.jpg 800w, https:\/\/www.elturistatranquil.com\/wp-content\/uploads\/F21-Laxe-768x512.jpg 768w\" sizes=\"(max-width: 800px) 100vw, 800px\" \/>\t\t\t\t\t\t\t\t\t\t\t<figcaption class=\"widget-image-caption wp-caption-text\">Laxe des del port amb la platja de dunes<\/figcaption>\n\t\t\t\t\t\t\t\t\t\t<\/figure>\n\t\t\t\t\t\t\t\t\t<\/div>\n\t\t\t\t<\/div>\n\t\t\t\t<div class=\"elementor-element elementor-element-eb926ef elementor-widget elementor-widget-text-editor\" data-id=\"eb926ef\" data-element_type=\"widget\" data-e-type=\"widget\" data-widget_type=\"text-editor.default\">\n\t\t\t\t<div class=\"elementor-widget-container\">\n\t\t\t\t\t\t\t\t\t<p>L&#8217;Esgl\u00e9sia Parroquial de Santa Maria da Atalaia de Laxe, d\u2019estil g\u00f2tic, es troba en un lloc privilegiat, hist\u00f2ricament com a talaia de defensa del port.<\/p>\t\t\t\t\t\t\t\t<\/div>\n\t\t\t\t<\/div>\n\t\t\t\t<div class=\"elementor-element elementor-element-b33a567 elementor-widget elementor-widget-image\" data-id=\"b33a567\" data-element_type=\"widget\" data-e-type=\"widget\" data-widget_type=\"image.default\">\n\t\t\t\t<div class=\"elementor-widget-container\">\n\t\t\t\t\t\t\t\t\t\t\t\t<figure class=\"wp-caption\">\n\t\t\t\t\t\t\t\t\t\t<img loading=\"lazy\" decoding=\"async\" width=\"800\" height=\"701\" src=\"https:\/\/www.elturistatranquil.com\/wp-content\/uploads\/F22-Sta-Mar\u00eda-da-Atalaia-Laxe-1.jpg\" class=\"attachment-large size-large wp-image-1805\" alt=\"\" srcset=\"https:\/\/www.elturistatranquil.com\/wp-content\/uploads\/F22-Sta-Mar\u00eda-da-Atalaia-Laxe-1.jpg 800w, https:\/\/www.elturistatranquil.com\/wp-content\/uploads\/F22-Sta-Mar\u00eda-da-Atalaia-Laxe-1-768x673.jpg 768w\" sizes=\"(max-width: 800px) 100vw, 800px\" \/>\t\t\t\t\t\t\t\t\t\t\t<figcaption class=\"widget-image-caption wp-caption-text\">Esgl\u00e9sia de Santa Mar\u00eda da Atalaia <\/figcaption>\n\t\t\t\t\t\t\t\t\t\t<\/figure>\n\t\t\t\t\t\t\t\t\t<\/div>\n\t\t\t\t<\/div>\n\t\t\t\t<div class=\"elementor-element elementor-element-19d34c6 elementor-widget elementor-widget-text-editor\" data-id=\"19d34c6\" data-element_type=\"widget\" data-e-type=\"widget\" data-widget_type=\"text-editor.default\">\n\t\t\t\t<div class=\"elementor-widget-container\">\n\t\t\t\t\t\t\t\t\t<p>Despr\u00e8s de passejar tranquil\u00b7lament per la platja, el port i el poble iniciem el retorn relaxadament per dinar a As Garzas.<\/p><p><strong>Laxe a As Garzas (C a D) <\/strong>(23 km, 30 min): En aquest recorregut es pot anar parant a ran de carretera a diversos indrets que ens cridin l\u2019atenci\u00f3, sigui per la seva arquitectura o pel paisatge. Podrem observar el poblament dispers i els petits nuclis habitats que es disseminen per tot el territori i deturar-nos en algun d\u2019ells per observar la seva construcci\u00f3 i estructura.<\/p>\t\t\t\t\t\t\t\t<\/div>\n\t\t\t\t<\/div>\n\t\t\t\t<div class=\"elementor-element elementor-element-bd9ce4e elementor-widget elementor-widget-menu-anchor\" data-id=\"bd9ce4e\" data-element_type=\"widget\" data-e-type=\"widget\" data-widget_type=\"menu-anchor.default\">\n\t\t\t\t<div class=\"elementor-widget-container\">\n\t\t\t\t\t\t\t<div class=\"elementor-menu-anchor\" id=\"a0111\"><\/div>\n\t\t\t\t\t\t<\/div>\n\t\t\t\t<\/div>\n\t\t\t\t<div class=\"elementor-element elementor-element-4154e1f elementor-widget elementor-widget-text-editor\" data-id=\"4154e1f\" data-element_type=\"widget\" data-e-type=\"widget\" data-widget_type=\"text-editor.default\">\n\t\t\t\t<div class=\"elementor-widget-container\">\n\t\t\t\t\t\t\t\t\t<p>\u00a0<\/p><p>Tamb\u00e9 apreciarem l\u2019estructura agr\u00e0ria minifundista i la vegetaci\u00f3, amb innumerables zones d\u2019eucaliptus per a la producci\u00f3 de cel\u00b7lulosa, activitat sotmesa a un fort debat entre el seu paper com a activitat econ\u00f2mica, la seva problem\u00e0tica ecol\u00f2gica de degradaci\u00f3 del s\u00f2l i la relaci\u00f3 que pot tenir en l\u2019expansi\u00f3 dels incendis que sovintegen a Galicia.<\/p>\t\t\t\t\t\t\t\t<\/div>\n\t\t\t\t<\/div>\n\t\t\t\t<div class=\"elementor-element elementor-element-2ae5064 elementor-widget elementor-widget-heading\" data-id=\"2ae5064\" data-element_type=\"widget\" data-e-type=\"widget\" data-widget_type=\"heading.default\">\n\t\t\t\t<div class=\"elementor-widget-container\">\n\t\t\t\t\t<h3 class=\"elementor-heading-title elementor-size-default\">Fisterra i Mux\u00eda<\/h3>\t\t\t\t<\/div>\n\t\t\t\t<\/div>\n\t\t\t\t<div class=\"elementor-element elementor-element-0954d81 elementor-widget elementor-widget-image\" data-id=\"0954d81\" data-element_type=\"widget\" data-e-type=\"widget\" data-widget_type=\"image.default\">\n\t\t\t\t<div class=\"elementor-widget-container\">\n\t\t\t\t\t\t\t\t\t\t\t\t<figure class=\"wp-caption\">\n\t\t\t\t\t\t\t\t\t\t<img loading=\"lazy\" decoding=\"async\" width=\"800\" height=\"749\" src=\"https:\/\/www.elturistatranquil.com\/wp-content\/uploads\/F27-Salida-a-Fisterra-y-Mux\u00eda.jpg\" class=\"attachment-large size-large wp-image-1806\" alt=\"\" srcset=\"https:\/\/www.elturistatranquil.com\/wp-content\/uploads\/F27-Salida-a-Fisterra-y-Mux\u00eda.jpg 800w, https:\/\/www.elturistatranquil.com\/wp-content\/uploads\/F27-Salida-a-Fisterra-y-Mux\u00eda-768x719.jpg 768w\" sizes=\"(max-width: 800px) 100vw, 800px\" \/>\t\t\t\t\t\t\t\t\t\t\t<figcaption class=\"widget-image-caption wp-caption-text\">Recorregut de la sortida a Fisterra i Mux\u00eda<\/figcaption>\n\t\t\t\t\t\t\t\t\t\t<\/figure>\n\t\t\t\t\t\t\t\t\t<\/div>\n\t\t\t\t<\/div>\n\t\t\t\t<div class=\"elementor-element elementor-element-587795c elementor-widget elementor-widget-menu-anchor\" data-id=\"587795c\" data-element_type=\"widget\" data-e-type=\"widget\" data-widget_type=\"menu-anchor.default\">\n\t\t\t\t<div class=\"elementor-widget-container\">\n\t\t\t\t\t\t\t<div class=\"elementor-menu-anchor\" id=\"a0112\"><\/div>\n\t\t\t\t\t\t<\/div>\n\t\t\t\t<\/div>\n\t\t\t\t<div class=\"elementor-element elementor-element-35fa4e4 elementor-widget elementor-widget-text-editor\" data-id=\"35fa4e4\" data-element_type=\"widget\" data-e-type=\"widget\" data-widget_type=\"text-editor.default\">\n\t\t\t\t<div class=\"elementor-widget-container\">\n\t\t\t\t\t\t\t\t\t<p>Recorregut total de 152 km, 2,35h, amb dues parades.<\/p>\n<h4>Fisterra (Far de Fisterra)<\/h4>\n\t\t\t\t\t\t\t\t<\/div>\n\t\t\t\t<\/div>\n\t\t\t\t<div class=\"elementor-element elementor-element-af4d4a6 elementor-widget elementor-widget-text-editor\" data-id=\"af4d4a6\" data-element_type=\"widget\" data-e-type=\"widget\" data-widget_type=\"text-editor.default\">\n\t\t\t\t<div class=\"elementor-widget-container\">\n\t\t\t\t\t\t\t\t\t<p style=\"text-align: right;\">Enlla\u00e7 amb el post: <a href=\"https:\/\/www.elturistatranquil.com\/ca\/far-de-fisterra-finisterre\/\" target=\"_blank\" rel=\"noopener\">SORTIDA AL FAR DE FISTERRA<\/a><\/p>\t\t\t\t\t\t\t\t<\/div>\n\t\t\t\t<\/div>\n\t\t\t\t<div class=\"elementor-element elementor-element-e528fe4 elementor-widget elementor-widget-text-editor\" data-id=\"e528fe4\" data-element_type=\"widget\" data-e-type=\"widget\" data-widget_type=\"text-editor.default\">\n\t\t\t\t<div class=\"elementor-widget-container\">\n\t\t\t\t\t\t\t\t\t<p><strong>As Garzas a Fisterra (A a B)<\/strong> (67 km, 1h): La segona proposta ens portar\u00e0 al m\u00edtic cap de Fisterra. Ens dirigirem directament fins al far de Fisterra, que constitueix l&#8217;objectiu principal d&#8217;aquesta sortida, on volem arribar a la \u201cfi del m\u00f3n conegut\u201d durant molts segles, al <strong>finis terrae <\/strong>i comencament<strong> del Mare Tenebrosum<\/strong> dels romans.<\/p>\n\t\t\t\t\t\t\t\t<\/div>\n\t\t\t\t<\/div>\n\t\t\t\t<div class=\"elementor-element elementor-element-4fb1de6 elementor-widget elementor-widget-image\" data-id=\"4fb1de6\" data-element_type=\"widget\" data-e-type=\"widget\" data-widget_type=\"image.default\">\n\t\t\t\t<div class=\"elementor-widget-container\">\n\t\t\t\t\t\t\t\t\t\t\t\t<figure class=\"wp-caption\">\n\t\t\t\t\t\t\t\t\t\t<img loading=\"lazy\" decoding=\"async\" width=\"800\" height=\"658\" src=\"https:\/\/www.elturistatranquil.com\/wp-content\/uploads\/F29-Faro-de-Fisterra.jpg\" class=\"attachment-large size-large wp-image-1765\" alt=\"\" srcset=\"https:\/\/www.elturistatranquil.com\/wp-content\/uploads\/F29-Faro-de-Fisterra.jpg 800w, https:\/\/www.elturistatranquil.com\/wp-content\/uploads\/F29-Faro-de-Fisterra-768x632.jpg 768w\" sizes=\"(max-width: 800px) 100vw, 800px\" \/>\t\t\t\t\t\t\t\t\t\t\t<figcaption class=\"widget-image-caption wp-caption-text\">El majestu\u00f3s Far de Fisterra<\/figcaption>\n\t\t\t\t\t\t\t\t\t\t<\/figure>\n\t\t\t\t\t\t\t\t\t<\/div>\n\t\t\t\t<\/div>\n\t\t\t\t<div class=\"elementor-element elementor-element-b9acaa0 elementor-widget elementor-widget-image\" data-id=\"b9acaa0\" data-element_type=\"widget\" data-e-type=\"widget\" data-widget_type=\"image.default\">\n\t\t\t\t<div class=\"elementor-widget-container\">\n\t\t\t\t\t\t\t\t\t\t\t\t<figure class=\"wp-caption\">\n\t\t\t\t\t\t\t\t\t\t<img loading=\"lazy\" decoding=\"async\" width=\"800\" height=\"533\" src=\"https:\/\/www.elturistatranquil.com\/wp-content\/uploads\/F28-Bota-en-Fisterra.jpg\" class=\"attachment-large size-large wp-image-1764\" alt=\"\" srcset=\"https:\/\/www.elturistatranquil.com\/wp-content\/uploads\/F28-Bota-en-Fisterra.jpg 800w, https:\/\/www.elturistatranquil.com\/wp-content\/uploads\/F28-Bota-en-Fisterra-768x512.jpg 768w\" sizes=\"(max-width: 800px) 100vw, 800px\" \/>\t\t\t\t\t\t\t\t\t\t\t<figcaption class=\"widget-image-caption wp-caption-text\">La bota que assenyala la fi del cam\u00ed de Sant Jaume a Fisterra. <\/figcaption>\n\t\t\t\t\t\t\t\t\t\t<\/figure>\n\t\t\t\t\t\t\t\t\t<\/div>\n\t\t\t\t<\/div>\n\t\t\t\t<div class=\"elementor-element elementor-element-b4f62fd elementor-widget elementor-widget-menu-anchor\" data-id=\"b4f62fd\" data-element_type=\"widget\" data-e-type=\"widget\" data-widget_type=\"menu-anchor.default\">\n\t\t\t\t<div class=\"elementor-widget-container\">\n\t\t\t\t\t\t\t<div class=\"elementor-menu-anchor\" id=\"a0113\"><\/div>\n\t\t\t\t\t\t<\/div>\n\t\t\t\t<\/div>\n\t\t\t\t<div class=\"elementor-element elementor-element-0c6b5b7 elementor-widget elementor-widget-text-editor\" data-id=\"0c6b5b7\" data-element_type=\"widget\" data-e-type=\"widget\" data-widget_type=\"text-editor.default\">\n\t\t\t\t<div class=\"elementor-widget-container\">\n\t\t\t\t\t\t\t\t\t<p>Despr\u00e8s de la immersi\u00f3 en la magnitud d\u2019aquest paisatge i de la seva significaci\u00f3 hist\u00f2rica durant mil\u00b7lennis, reprendrem el nostre recorregut d\u2019avui.<\/p>\n<p>Detenir-se al poble de Fisterra \u00e9s una opci\u00f3 si es disposa de temps.<\/p>\n<p>Volem fer un retorn que sigui m\u00e9s mariner, el que ens portar\u00e0 a Mux\u00eda, al centre de la Costa da Morte.<\/p>\n\t\t\t\t\t\t\t\t<\/div>\n\t\t\t\t<\/div>\n\t\t\t\t<div class=\"elementor-element elementor-element-413ccae elementor-widget elementor-widget-text-editor\" data-id=\"413ccae\" data-element_type=\"widget\" data-e-type=\"widget\" data-widget_type=\"text-editor.default\">\n\t\t\t\t<div class=\"elementor-widget-container\">\n\t\t\t\t\t\t\t\t\t<h4>Mux\u00eda<\/h4>\n\t\t\t\t\t\t\t\t<\/div>\n\t\t\t\t<\/div>\n\t\t\t\t<div class=\"elementor-element elementor-element-18fb1b4 elementor-widget elementor-widget-text-editor\" data-id=\"18fb1b4\" data-element_type=\"widget\" data-e-type=\"widget\" data-widget_type=\"text-editor.default\">\n\t\t\t\t<div class=\"elementor-widget-container\">\n\t\t\t\t\t\t\t\t\t<p style=\"text-align: right;\">Enlla\u00e7 amb el post: <a href=\"https:\/\/www.elturistatranquil.com\/ca\/muxia\/\" target=\"_blank\" rel=\"noopener\">SORTIDA A MUX\u00cdA<\/a><\/p>\t\t\t\t\t\t\t\t<\/div>\n\t\t\t\t<\/div>\n\t\t\t\t<div class=\"elementor-element elementor-element-34e753a elementor-widget elementor-widget-text-editor\" data-id=\"34e753a\" data-element_type=\"widget\" data-e-type=\"widget\" data-widget_type=\"text-editor.default\">\n\t\t\t\t<div class=\"elementor-widget-container\">\n\t\t\t\t\t\t\t\t\t<p>Fisterra a Mux\u00eda (B a C) (29 km, 35 min): Un cop decidit finalitzar l&#8217;estada a Fisterra ens dirigim a la costa central, i concretament a Mux\u00eda, per visitar al Cap de Touri\u00f1\u00e1n el Santuario da Virxe da Barca i passejar pel Passeig mar\u00edtim i pel poble.<\/p>\n\t\t\t\t\t\t\t\t<\/div>\n\t\t\t\t<\/div>\n\t\t\t\t<div class=\"elementor-element elementor-element-8fdf0a6 elementor-widget elementor-widget-image\" data-id=\"8fdf0a6\" data-element_type=\"widget\" data-e-type=\"widget\" data-widget_type=\"image.default\">\n\t\t\t\t<div class=\"elementor-widget-container\">\n\t\t\t\t\t\t\t\t\t\t\t\t<figure class=\"wp-caption\">\n\t\t\t\t\t\t\t\t\t\t<img loading=\"lazy\" decoding=\"async\" width=\"800\" height=\"532\" src=\"https:\/\/www.elturistatranquil.com\/wp-content\/uploads\/F31-Muxia.jpg\" class=\"attachment-large size-large wp-image-1767\" alt=\"\" srcset=\"https:\/\/www.elturistatranquil.com\/wp-content\/uploads\/F31-Muxia.jpg 800w, https:\/\/www.elturistatranquil.com\/wp-content\/uploads\/F31-Muxia-768x511.jpg 768w\" sizes=\"(max-width: 800px) 100vw, 800px\" \/>\t\t\t\t\t\t\t\t\t\t\t<figcaption class=\"widget-image-caption wp-caption-text\">Muxia. Foto de <a href=\"https:\/\/commons.wikimedia.org\/wiki\/Mux%C3%ADa#\/media\/File:Muxia,_Spain_-_view_from_hill.jpg\"> Adri\u00e1n Est\u00e9vez <\/a><\/figcaption>\n\t\t\t\t\t\t\t\t\t\t<\/figure>\n\t\t\t\t\t\t\t\t\t<\/div>\n\t\t\t\t<\/div>\n\t\t\t\t<div class=\"elementor-element elementor-element-f9954f7 elementor-widget elementor-widget-image\" data-id=\"f9954f7\" data-element_type=\"widget\" data-e-type=\"widget\" data-widget_type=\"image.default\">\n\t\t\t\t<div class=\"elementor-widget-container\">\n\t\t\t\t\t\t\t\t\t\t\t\t<figure class=\"wp-caption\">\n\t\t\t\t\t\t\t\t\t\t<img loading=\"lazy\" decoding=\"async\" width=\"770\" height=\"513\" src=\"https:\/\/www.elturistatranquil.com\/wp-content\/uploads\/F27-Punta-da-Barca-Muxia-Google-earth-2018-03-09.jpg\" class=\"attachment-large size-large wp-image-1821\" alt=\"\" srcset=\"https:\/\/www.elturistatranquil.com\/wp-content\/uploads\/F27-Punta-da-Barca-Muxia-Google-earth-2018-03-09.jpg 770w, https:\/\/www.elturistatranquil.com\/wp-content\/uploads\/F27-Punta-da-Barca-Muxia-Google-earth-2018-03-09-768x512.jpg 768w\" sizes=\"(max-width: 770px) 100vw, 770px\" \/>\t\t\t\t\t\t\t\t\t\t\t<figcaption class=\"widget-image-caption wp-caption-text\">Els tres elements alineats a la Punta da Barca: Pedra da Ferida en primer terme, Santuario da Virxe da Barca (davant les Pedres m\u00edtiques de Mux\u00eda) i el far de Punta da Barca al fons (Google earth 2018-03-09)<\/figcaption>\n\t\t\t\t\t\t\t\t\t\t<\/figure>\n\t\t\t\t\t\t\t\t\t<\/div>\n\t\t\t\t<\/div>\n\t\t\t\t<div class=\"elementor-element elementor-element-0ad754b elementor-widget elementor-widget-menu-anchor\" data-id=\"0ad754b\" data-element_type=\"widget\" data-e-type=\"widget\" data-widget_type=\"menu-anchor.default\">\n\t\t\t\t<div class=\"elementor-widget-container\">\n\t\t\t\t\t\t\t<div class=\"elementor-menu-anchor\" id=\"a0114\"><\/div>\n\t\t\t\t\t\t<\/div>\n\t\t\t\t<\/div>\n\t\t\t\t<div class=\"elementor-element elementor-element-cc90c17 elementor-widget elementor-widget-text-editor\" data-id=\"cc90c17\" data-element_type=\"widget\" data-e-type=\"widget\" data-widget_type=\"text-editor.default\">\n\t\t\t\t<div class=\"elementor-widget-container\">\n\t\t\t\t\t\t\t\t\t<p><strong>Mux\u00eda a As Garzas (C a D)<\/strong> (56 km, 1 h): Restarem en aquest indret, i al poble de Mux\u00eda, fins el moment en que ens quedi aproximadament una hora per arribar a temps a l&#8217;hora de dinar.<\/p>\n\t\t\t\t\t\t\t\t<\/div>\n\t\t\t\t<\/div>\n\t\t\t\t<div class=\"elementor-element elementor-element-0ce0b41 elementor-widget elementor-widget-heading\" data-id=\"0ce0b41\" data-element_type=\"widget\" data-e-type=\"widget\" data-widget_type=\"heading.default\">\n\t\t\t\t<div class=\"elementor-widget-container\">\n\t\t\t\t\t<h3 class=\"elementor-heading-title elementor-size-default\">Ecomuseo Forno do Forte (Bu\u00f1o), (compra de cer\u00e0mica), Paratge Mui\u00f1os de Verdes<\/h3>\t\t\t\t<\/div>\n\t\t\t\t<\/div>\n\t\t\t\t<div class=\"elementor-element elementor-element-68ea894 elementor-widget elementor-widget-image\" data-id=\"68ea894\" data-element_type=\"widget\" data-e-type=\"widget\" data-widget_type=\"image.default\">\n\t\t\t\t<div class=\"elementor-widget-container\">\n\t\t\t\t\t\t\t\t\t\t\t\t<figure class=\"wp-caption\">\n\t\t\t\t\t\t\t\t\t\t<img loading=\"lazy\" decoding=\"async\" width=\"800\" height=\"651\" src=\"https:\/\/www.elturistatranquil.com\/wp-content\/uploads\/F35-Salida-a-Bu\u00f1o-y-Mui\u00f1os-de-Verdes.jpg\" class=\"attachment-large size-large wp-image-1807\" alt=\"\" srcset=\"https:\/\/www.elturistatranquil.com\/wp-content\/uploads\/F35-Salida-a-Bu\u00f1o-y-Mui\u00f1os-de-Verdes.jpg 800w, https:\/\/www.elturistatranquil.com\/wp-content\/uploads\/F35-Salida-a-Bu\u00f1o-y-Mui\u00f1os-de-Verdes-768x625.jpg 768w\" sizes=\"(max-width: 800px) 100vw, 800px\" \/>\t\t\t\t\t\t\t\t\t\t\t<figcaption class=\"widget-image-caption wp-caption-text\">Recorregut de la sortida al Ecomuseo Forno do Forte i Mui\u00f1os de Verdes<\/figcaption>\n\t\t\t\t\t\t\t\t\t\t<\/figure>\n\t\t\t\t\t\t\t\t\t<\/div>\n\t\t\t\t<\/div>\n\t\t\t\t<div class=\"elementor-element elementor-element-38f92b9 elementor-widget elementor-widget-menu-anchor\" data-id=\"38f92b9\" data-element_type=\"widget\" data-e-type=\"widget\" data-widget_type=\"menu-anchor.default\">\n\t\t\t\t<div class=\"elementor-widget-container\">\n\t\t\t\t\t\t\t<div class=\"elementor-menu-anchor\" id=\"a0115\"><\/div>\n\t\t\t\t\t\t<\/div>\n\t\t\t\t<\/div>\n\t\t\t\t<div class=\"elementor-element elementor-element-b4a127b elementor-widget elementor-widget-text-editor\" data-id=\"b4a127b\" data-element_type=\"widget\" data-e-type=\"widget\" data-widget_type=\"text-editor.default\">\n\t\t\t\t<div class=\"elementor-widget-container\">\n\t\t\t\t\t\t\t\t\t<p>Aquest recorregut no \u00e9s gaire llarg, amb un total de 40 km i un temps total de viatge de 1,05 h (segons Google Maps) i dues parades.<\/p>\n<h4>Ecomuseo Forno do Forte (Bu\u00f1o)<\/h4>\n\t\t\t\t\t\t\t\t<\/div>\n\t\t\t\t<\/div>\n\t\t\t\t<div class=\"elementor-element elementor-element-9643a91 elementor-widget elementor-widget-text-editor\" data-id=\"9643a91\" data-element_type=\"widget\" data-e-type=\"widget\" data-widget_type=\"text-editor.default\">\n\t\t\t\t<div class=\"elementor-widget-container\">\n\t\t\t\t\t\t\t\t\t<p style=\"text-align: right;\">Enlla\u00e7 amb el post: <a href=\"https:\/\/www.elturistatranquil.com\/ca\/ecomuseo-forno-do-forte-buno\/\" target=\"_blank\" rel=\"noopener\">SORTIDA AL ECOMUSEO FORNO DO FORTE<\/a><\/p>\t\t\t\t\t\t\t\t<\/div>\n\t\t\t\t<\/div>\n\t\t\t\t<div class=\"elementor-element elementor-element-afb374a elementor-widget elementor-widget-text-editor\" data-id=\"afb374a\" data-element_type=\"widget\" data-e-type=\"widget\" data-widget_type=\"text-editor.default\">\n\t\t\t\t<div class=\"elementor-widget-container\">\n\t\t\t\t\t\t\t\t\t<p><strong>As Garzas a Ecomuseo Forno do Forte (Bu\u00f1o) (A a B), <\/strong>(compra de cer\u00e0mica) (14 km, 20 min): Aquesta jornada en mourem pel territori interior de la Costa da Morte. Ens permetr\u00e0 con\u00e8ixer una de les formes d\u2019activitat econ\u00f2mica del territori centrada en la producci\u00f3 de cer\u00e0mica artesanal i gaudir d\u2019un paratge espl\u00e8ndid on s\u2019aprofitava l\u2019energia cin\u00e8tica de l\u2019aigua en l\u2019assentament de molins de m\u00f2lta.<\/p>\n<p>Bu\u00f1o es el nucli de la parr\u00f2quia de San Estebo del consello de Malpica. El 2017 estaven censats 517 habitants, segons les estad\u00edstiques tots concentrats. Sobre el territori observarem que la concentraci\u00f3 no \u00e9s compacte, sin\u00f3 que s\u2019est\u00e9n en forma d\u2019estrella seguint els camins que porten al centre de Bu\u00f1o. Aquesta imatge de distribuci\u00f3 del poblament \u00e9s la que es va repetint per tot el territori, alternada amb nuclis m\u00e9s petits i casals totalment disseminats.<\/p>\n<p>La proposta concreta, a m\u00e9s de passejar una estona pel poble, i poder-hi comprar cer\u00e0mica popular si se\u2019n tenen ganes, \u00e9s la de visitar el <em>Ecomuseo Forno do Forte<\/em> (\u00e9s aconsellable aparcar a la rua Santa Catalina, a pocs metres del museu).<\/p>\n<p>A m\u00e9s d\u2019ensenyar l\u2019ambient de treball dels terrissaires, el <strong>Ecomuseo Forno do Forte<\/strong> mostra les condicions d\u2019habitatge de les fam\u00edlies, aix\u00ed com una mostra d\u2019eines i utensilis de l\u2019activitat agr\u00e0ria que tamb\u00e9 desenvolupaven les fam\u00edlies.<\/p>\n\t\t\t\t\t\t\t\t<\/div>\n\t\t\t\t<\/div>\n\t\t\t\t<div class=\"elementor-element elementor-element-798048e elementor-widget elementor-widget-image\" data-id=\"798048e\" data-element_type=\"widget\" data-e-type=\"widget\" data-widget_type=\"image.default\">\n\t\t\t\t<div class=\"elementor-widget-container\">\n\t\t\t\t\t\t\t\t\t\t\t\t<figure class=\"wp-caption\">\n\t\t\t\t\t\t\t\t\t\t<img loading=\"lazy\" decoding=\"async\" width=\"800\" height=\"534\" src=\"https:\/\/www.elturistatranquil.com\/wp-content\/uploads\/F36-Ecomuseo-Forno-do-Forte.jpg\" class=\"attachment-large size-large wp-image-1771\" alt=\"\" srcset=\"https:\/\/www.elturistatranquil.com\/wp-content\/uploads\/F36-Ecomuseo-Forno-do-Forte.jpg 800w, https:\/\/www.elturistatranquil.com\/wp-content\/uploads\/F36-Ecomuseo-Forno-do-Forte-768x513.jpg 768w\" sizes=\"(max-width: 800px) 100vw, 800px\" \/>\t\t\t\t\t\t\t\t\t\t\t<figcaption class=\"widget-image-caption wp-caption-text\">El Ecomuseo Forno do Forte vist des del pati interior<\/figcaption>\n\t\t\t\t\t\t\t\t\t\t<\/figure>\n\t\t\t\t\t\t\t\t\t<\/div>\n\t\t\t\t<\/div>\n\t\t\t\t<div class=\"elementor-element elementor-element-f0d8ec2 elementor-widget elementor-widget-image\" data-id=\"f0d8ec2\" data-element_type=\"widget\" data-e-type=\"widget\" data-widget_type=\"image.default\">\n\t\t\t\t<div class=\"elementor-widget-container\">\n\t\t\t\t\t\t\t\t\t\t\t\t<figure class=\"wp-caption\">\n\t\t\t\t\t\t\t\t\t\t<img loading=\"lazy\" decoding=\"async\" width=\"383\" height=\"600\" src=\"https:\/\/www.elturistatranquil.com\/wp-content\/uploads\/F30-El-alfarero-en-su-puesto-de-trabajo-1-2.jpg\" class=\"attachment-large size-large wp-image-1817\" alt=\"\" \/>\t\t\t\t\t\t\t\t\t\t\t<figcaption class=\"widget-image-caption wp-caption-text\">El terrisser al seu lloc de treball<\/figcaption>\n\t\t\t\t\t\t\t\t\t\t<\/figure>\n\t\t\t\t\t\t\t\t\t<\/div>\n\t\t\t\t<\/div>\n\t\t\t\t<div class=\"elementor-element elementor-element-78243b3 elementor-widget elementor-widget-image\" data-id=\"78243b3\" data-element_type=\"widget\" data-e-type=\"widget\" data-widget_type=\"image.default\">\n\t\t\t\t<div class=\"elementor-widget-container\">\n\t\t\t\t\t\t\t\t\t\t\t\t<figure class=\"wp-caption\">\n\t\t\t\t\t\t\t\t\t\t<img loading=\"lazy\" decoding=\"async\" width=\"800\" height=\"589\" src=\"https:\/\/www.elturistatranquil.com\/wp-content\/uploads\/F31-Muestras-de-cer\u00e1mica-tradicional-expuesta-en-el-Ecomuseo-Forno-do-Forte.jpg\" class=\"attachment-large size-large wp-image-1808\" alt=\"\" srcset=\"https:\/\/www.elturistatranquil.com\/wp-content\/uploads\/F31-Muestras-de-cer\u00e1mica-tradicional-expuesta-en-el-Ecomuseo-Forno-do-Forte.jpg 800w, https:\/\/www.elturistatranquil.com\/wp-content\/uploads\/F31-Muestras-de-cer\u00e1mica-tradicional-expuesta-en-el-Ecomuseo-Forno-do-Forte-768x565.jpg 768w\" sizes=\"(max-width: 800px) 100vw, 800px\" \/>\t\t\t\t\t\t\t\t\t\t\t<figcaption class=\"widget-image-caption wp-caption-text\">Mostres de cer\u00e0mica fetes per terrissaires del museu<\/figcaption>\n\t\t\t\t\t\t\t\t\t\t<\/figure>\n\t\t\t\t\t\t\t\t\t<\/div>\n\t\t\t\t<\/div>\n\t\t\t\t<div class=\"elementor-element elementor-element-5cb9774 elementor-widget elementor-widget-menu-anchor\" data-id=\"5cb9774\" data-element_type=\"widget\" data-e-type=\"widget\" data-widget_type=\"menu-anchor.default\">\n\t\t\t\t<div class=\"elementor-widget-container\">\n\t\t\t\t\t\t\t<div class=\"elementor-menu-anchor\" id=\"a0116\"><\/div>\n\t\t\t\t\t\t<\/div>\n\t\t\t\t<\/div>\n\t\t\t\t<div class=\"elementor-element elementor-element-27ce0da elementor-widget elementor-widget-image\" data-id=\"27ce0da\" data-element_type=\"widget\" data-e-type=\"widget\" data-widget_type=\"image.default\">\n\t\t\t\t<div class=\"elementor-widget-container\">\n\t\t\t\t\t\t\t\t\t\t\t\t<figure class=\"wp-caption\">\n\t\t\t\t\t\t\t\t\t\t<img loading=\"lazy\" decoding=\"async\" width=\"800\" height=\"592\" src=\"https:\/\/www.elturistatranquil.com\/wp-content\/uploads\/F32-Ecomuseo-Forno-do-Forte-.jpg\" class=\"attachment-large size-large wp-image-1809\" alt=\"\" srcset=\"https:\/\/www.elturistatranquil.com\/wp-content\/uploads\/F32-Ecomuseo-Forno-do-Forte-.jpg 800w, https:\/\/www.elturistatranquil.com\/wp-content\/uploads\/F32-Ecomuseo-Forno-do-Forte--768x568.jpg 768w\" sizes=\"(max-width: 800px) 100vw, 800px\" \/>\t\t\t\t\t\t\t\t\t\t\t<figcaption class=\"widget-image-caption wp-caption-text\">Detalle de la parte destinada a museo de actividades agrarias<\/figcaption>\n\t\t\t\t\t\t\t\t\t\t<\/figure>\n\t\t\t\t\t\t\t\t\t<\/div>\n\t\t\t\t<\/div>\n\t\t\t\t<div class=\"elementor-element elementor-element-f7dcf04 elementor-widget elementor-widget-heading\" data-id=\"f7dcf04\" data-element_type=\"widget\" data-e-type=\"widget\" data-widget_type=\"heading.default\">\n\t\t\t\t<div class=\"elementor-widget-container\">\n\t\t\t\t\t<h3 class=\"elementor-heading-title elementor-size-default\">Mui\u00f1os de Verdes<\/h3>\t\t\t\t<\/div>\n\t\t\t\t<\/div>\n\t\t\t\t<div class=\"elementor-element elementor-element-ee57870 elementor-widget elementor-widget-text-editor\" data-id=\"ee57870\" data-element_type=\"widget\" data-e-type=\"widget\" data-widget_type=\"text-editor.default\">\n\t\t\t\t<div class=\"elementor-widget-container\">\n\t\t\t\t\t\t\t\t\t<p style=\"text-align: right;\">Enlla\u00e7 amb el post: <a href=\"https:\/\/www.elturistatranquil.com\/ca\/muinos-de-verdes-paratge-i-refugi\/\" target=\"_blank\" rel=\"noopener\">SORTIDA A MUI\u00d1OS DE VERDES<\/a><\/p>\t\t\t\t\t\t\t\t<\/div>\n\t\t\t\t<\/div>\n\t\t\t\t<div class=\"elementor-element elementor-element-c1f751e elementor-widget elementor-widget-text-editor\" data-id=\"c1f751e\" data-element_type=\"widget\" data-e-type=\"widget\" data-widget_type=\"text-editor.default\">\n\t\t\t\t<div class=\"elementor-widget-container\">\n\t\t\t\t\t\t\t\t\t<p><strong>Bu\u00f1o a Mui\u00f1os de Verdes (B a C)<\/strong> (7 km, 15 min): El que ens espera a la propera parada es gaudir d\u2019un paisatge natural impressionant a <em>Mui\u00f1os de Verdes<\/em>. En gallec, <em>mui\u00f1o<\/em> significa mol\u00ed. Vol dir que a m\u00e9s de la meravella de la natura en la que ens inserirem, estarem en un territori que havia desenvolupar un paper productiu com a assentament de molins de gra (de blat i blat demoro), aprofitant l\u2019energia de l\u2019aigua del riu Anll\u00f3ns.<\/p>\n<p>El lloc est\u00e0 ben condicionat per passejar i restar-hi all\u00e0 una bona estona gaudint del moviment i dels sons de l\u2019aigua, d\u2019una <em>vegetaci\u00f3 de <\/em>ribera (verns, freixes, salzes i roures una bona varietat de falgueres i altres plantes pr\u00f2pies de les vores d\u2019aquets rius). Si se\u2019n tenen ganes i temps \u00e9s f\u00e0cil fer senderisme per aquesta zona, on si troben fins a 30 molins.<\/p>\n<p>El Paratge de Mui\u00f1os de Verdes al riu Anll\u00f3ns. Entre la vegetaci\u00f3 es poden observar alguns dels 30 molins (<em>mui\u00f1os<\/em>) del lloc.<\/p>\n\t\t\t\t\t\t\t\t<\/div>\n\t\t\t\t<\/div>\n\t\t\t\t<div class=\"elementor-element elementor-element-3315290 elementor-widget elementor-widget-image\" data-id=\"3315290\" data-element_type=\"widget\" data-e-type=\"widget\" data-widget_type=\"image.default\">\n\t\t\t\t<div class=\"elementor-widget-container\">\n\t\t\t\t\t\t\t\t\t\t\t\t\t\t\t<img loading=\"lazy\" decoding=\"async\" width=\"800\" height=\"533\" src=\"https:\/\/www.elturistatranquil.com\/wp-content\/uploads\/F48-Mui\u00f1os-de-Verdes.jpg\" class=\"attachment-large size-large wp-image-1777\" alt=\"\" srcset=\"https:\/\/www.elturistatranquil.com\/wp-content\/uploads\/F48-Mui\u00f1os-de-Verdes.jpg 800w, https:\/\/www.elturistatranquil.com\/wp-content\/uploads\/F48-Mui\u00f1os-de-Verdes-768x512.jpg 768w\" sizes=\"(max-width: 800px) 100vw, 800px\" \/>\t\t\t\t\t\t\t\t\t\t\t\t\t\t\t<\/div>\n\t\t\t\t<\/div>\n\t\t\t\t<div class=\"elementor-element elementor-element-a472ae1 elementor-widget elementor-widget-image\" data-id=\"a472ae1\" data-element_type=\"widget\" data-e-type=\"widget\" data-widget_type=\"image.default\">\n\t\t\t\t<div class=\"elementor-widget-container\">\n\t\t\t\t\t\t\t\t\t\t\t\t\t\t\t<img loading=\"lazy\" decoding=\"async\" width=\"800\" height=\"533\" src=\"https:\/\/www.elturistatranquil.com\/wp-content\/uploads\/F51-Mui\u00f1os-de-Verdes.jpg\" class=\"attachment-large size-large wp-image-1780\" alt=\"\" srcset=\"https:\/\/www.elturistatranquil.com\/wp-content\/uploads\/F51-Mui\u00f1os-de-Verdes.jpg 800w, https:\/\/www.elturistatranquil.com\/wp-content\/uploads\/F51-Mui\u00f1os-de-Verdes-768x512.jpg 768w\" sizes=\"(max-width: 800px) 100vw, 800px\" \/>\t\t\t\t\t\t\t\t\t\t\t\t\t\t\t<\/div>\n\t\t\t\t<\/div>\n\t\t\t\t<div class=\"elementor-element elementor-element-01b439e elementor-widget elementor-widget-image\" data-id=\"01b439e\" data-element_type=\"widget\" data-e-type=\"widget\" data-widget_type=\"image.default\">\n\t\t\t\t<div class=\"elementor-widget-container\">\n\t\t\t\t\t\t\t\t\t\t\t\t<figure class=\"wp-caption\">\n\t\t\t\t\t\t\t\t\t\t<img loading=\"lazy\" decoding=\"async\" width=\"800\" height=\"533\" src=\"https:\/\/www.elturistatranquil.com\/wp-content\/uploads\/F50-Mui\u00f1os-de-Verdes.jpg\" class=\"attachment-large size-large wp-image-1779\" alt=\"\" srcset=\"https:\/\/www.elturistatranquil.com\/wp-content\/uploads\/F50-Mui\u00f1os-de-Verdes.jpg 800w, https:\/\/www.elturistatranquil.com\/wp-content\/uploads\/F50-Mui\u00f1os-de-Verdes-768x512.jpg 768w\" sizes=\"(max-width: 800px) 100vw, 800px\" \/>\t\t\t\t\t\t\t\t\t\t\t<figcaption class=\"widget-image-caption wp-caption-text\">Imatges de mui\u00f1os i del curs del riu Anll\u00f3ns a Mui\u00f1os de Verdes al mes de mar\u00e7<\/figcaption>\n\t\t\t\t\t\t\t\t\t\t<\/figure>\n\t\t\t\t\t\t\t\t\t<\/div>\n\t\t\t\t<\/div>\n\t\t\t\t<div class=\"elementor-element elementor-element-d9a2736 elementor-widget elementor-widget-menu-anchor\" data-id=\"d9a2736\" data-element_type=\"widget\" data-e-type=\"widget\" data-widget_type=\"menu-anchor.default\">\n\t\t\t\t<div class=\"elementor-widget-container\">\n\t\t\t\t\t\t\t<div class=\"elementor-menu-anchor\" id=\"a0117\"><\/div>\n\t\t\t\t\t\t<\/div>\n\t\t\t\t<\/div>\n\t\t\t\t<div class=\"elementor-element elementor-element-5fd763e elementor-widget elementor-widget-text-editor\" data-id=\"5fd763e\" data-element_type=\"widget\" data-e-type=\"widget\" data-widget_type=\"text-editor.default\">\n\t\t\t\t<div class=\"elementor-widget-container\">\n\t\t\t\t\t\t\t\t\t<p><strong>Mui\u00f1os de Verdes a As Garzas (C a D) <\/strong>(19 km, 30 min): Amb la visi\u00f3 al cap d\u2019aquest paisatge espectacular, retornarem directament a As Garza per gaudir d\u2019un espl\u00e8ndid dinar.<\/p>\n\t\t\t\t\t\t\t\t<\/div>\n\t\t\t\t<\/div>\n\t\t\t\t<div class=\"elementor-element elementor-element-57e7747 elementor-widget elementor-widget-heading\" data-id=\"57e7747\" data-element_type=\"widget\" data-e-type=\"widget\" data-widget_type=\"heading.default\">\n\t\t\t\t<div class=\"elementor-widget-container\">\n\t\t\t\t\t<h2 class=\"elementor-heading-title elementor-size-default\">Sortides de jornada completa: Santiago de Compostela i A Coru\u00f1a<\/h2>\t\t\t\t<\/div>\n\t\t\t\t<\/div>\n\t\t\t\t<div class=\"elementor-element elementor-element-0fe7514 elementor-widget elementor-widget-text-editor\" data-id=\"0fe7514\" data-element_type=\"widget\" data-e-type=\"widget\" data-widget_type=\"text-editor.default\">\n\t\t\t\t<div class=\"elementor-widget-container\">\n\t\t\t\t\t\t\t\t\t<p>Si ens ve de gust, podem aprofitar un dia sencer per fer una escapada a llocs que \u00e9s mereixen que els hi dediquen un temps d\u2019estan\u00e7a. En proposo dos: <em>Santiago de Compostela<\/em> i la ciutat de <em>A Coru\u00f1a.<\/em><\/p>\n<h3>Santiago de Compostela<\/h3>\n<p><strong>As Garzas a Santiago de Compostela<\/strong> (70 km, 1,20h el trajecte. Total de la jornada 140 km, 2,40 h): Santiago de Compostela ve val com a m\u00ednim 1 dia i fer uns quant quil\u00f2metres. Si no \u00e9s coneix pr\u00e8viament, anar a Galicia, restar-hi un dies, i no visitar Santiago seria quasi com un pecat. Actualment Santiago \u00e9s la capital de la Comunitat Aut\u00f2noma de Galicia, amb 96.456 habitants (2017)<\/p>\n<p>El trajectes \u00e9s c\u00f2mode de fer, per bones carreteres. Ens podem dirigir directament al centre hist\u00f2ric i aparcar a algun dels p\u00e0rquings disponibles.<\/p>\n<p>Un cop ens endinsem a la part vella de la ciutat, declarada Patrimoni Cultural de la Humanitat per la UNESCO el 1985, copsarem r\u00e0pidament l\u2019ambient d\u2019aquest conjunt urb\u00e0, en el que es barrejan nadius, turistes i pelegrins.<\/p>\n<p>Un cop dins del nucli podem comen\u00e7ar per la visita a la <em>Plaza do Obradoiro<\/em>, centre d&#8217;activitats de la ciutat. Podrem observar com arriben els pelegrins a la pla\u00e7a, i la facilitat amb que s\u2019estiren a terra mols d\u2019ells com a mostra del final d\u2019un esfor\u00e7 que ha valgut la pena. Pelegrins a peu i, cada vegada m\u00e9s pelegrins de bicicleta, formen un conjunt d\u2019indument\u00e0ries caracter\u00edstiques i multicolors.<\/p>\n\t\t\t\t\t\t\t\t<\/div>\n\t\t\t\t<\/div>\n\t\t\t\t<div class=\"elementor-element elementor-element-57a9261 elementor-widget elementor-widget-image\" data-id=\"57a9261\" data-element_type=\"widget\" data-e-type=\"widget\" data-widget_type=\"image.default\">\n\t\t\t\t<div class=\"elementor-widget-container\">\n\t\t\t\t\t\t\t\t\t\t\t\t<figure class=\"wp-caption\">\n\t\t\t\t\t\t\t\t\t\t<img loading=\"lazy\" decoding=\"async\" width=\"800\" height=\"600\" src=\"https:\/\/www.elturistatranquil.com\/wp-content\/uploads\/F52-Fachada-barroca-de-la-Catedral-de-Santiago-de-Compostela.jpg\" class=\"attachment-large size-large wp-image-1781\" alt=\"\" srcset=\"https:\/\/www.elturistatranquil.com\/wp-content\/uploads\/F52-Fachada-barroca-de-la-Catedral-de-Santiago-de-Compostela.jpg 800w, https:\/\/www.elturistatranquil.com\/wp-content\/uploads\/F52-Fachada-barroca-de-la-Catedral-de-Santiago-de-Compostela-768x576.jpg 768w\" sizes=\"(max-width: 800px) 100vw, 800px\" \/>\t\t\t\t\t\t\t\t\t\t\t<figcaption class=\"widget-image-caption wp-caption-text\">Fa\u00e7ana barroca de la Catedral de Santiago de Compostela<\/figcaption>\n\t\t\t\t\t\t\t\t\t\t<\/figure>\n\t\t\t\t\t\t\t\t\t<\/div>\n\t\t\t\t<\/div>\n\t\t\t\t<div class=\"elementor-element elementor-element-1dea4e0 elementor-widget elementor-widget-image\" data-id=\"1dea4e0\" data-element_type=\"widget\" data-e-type=\"widget\" data-widget_type=\"image.default\">\n\t\t\t\t<div class=\"elementor-widget-container\">\n\t\t\t\t\t\t\t\t\t\t\t\t<figure class=\"wp-caption\">\n\t\t\t\t\t\t\t\t\t\t<img loading=\"lazy\" decoding=\"async\" width=\"800\" height=\"511\" src=\"https:\/\/www.elturistatranquil.com\/wp-content\/uploads\/F53-Portico-de-la-Gloria.jpg\" class=\"attachment-large size-large wp-image-1782\" alt=\"\" srcset=\"https:\/\/www.elturistatranquil.com\/wp-content\/uploads\/F53-Portico-de-la-Gloria.jpg 800w, https:\/\/www.elturistatranquil.com\/wp-content\/uploads\/F53-Portico-de-la-Gloria-768x491.jpg 768w\" sizes=\"(max-width: 800px) 100vw, 800px\" \/>\t\t\t\t\t\t\t\t\t\t\t<figcaption class=\"widget-image-caption wp-caption-text\">El P\u00f3rtico de la Gloria i l\u2019interior de la catedral rom\u00e0nica <\/figcaption>\n\t\t\t\t\t\t\t\t\t\t<\/figure>\n\t\t\t\t\t\t\t\t\t<\/div>\n\t\t\t\t<\/div>\n\t\t\t\t<div class=\"elementor-element elementor-element-9fd491d elementor-widget elementor-widget-image\" data-id=\"9fd491d\" data-element_type=\"widget\" data-e-type=\"widget\" data-widget_type=\"image.default\">\n\t\t\t\t<div class=\"elementor-widget-container\">\n\t\t\t\t\t\t\t\t\t\t\t\t<figure class=\"wp-caption\">\n\t\t\t\t\t\t\t\t\t\t<img loading=\"lazy\" decoding=\"async\" width=\"800\" height=\"533\" src=\"https:\/\/www.elturistatranquil.com\/wp-content\/uploads\/F54-Santiago_Catedral.jpg\" class=\"attachment-large size-large wp-image-1783\" alt=\"\" srcset=\"https:\/\/www.elturistatranquil.com\/wp-content\/uploads\/F54-Santiago_Catedral.jpg 800w, https:\/\/www.elturistatranquil.com\/wp-content\/uploads\/F54-Santiago_Catedral-768x512.jpg 768w\" sizes=\"(max-width: 800px) 100vw, 800px\" \/>\t\t\t\t\t\t\t\t\t\t\t<figcaption class=\"widget-image-caption wp-caption-text\">Altar barroc de Sant Jaume. Foto de <a href=\"https:\/\/commons.wikimedia.org\/wiki\/File%3ASantiago_Catedral_060510_001.jpg\"> Luis Miguel Bugallo S\u00e1nchez <\/a>, <a href=\"https:\/\/commons.wikimedia.org\/wiki\/File%3ASantiago_Catedral_060510_001.jpg\">via Wikimedia Commons<\/a><\/figcaption>\n\t\t\t\t\t\t\t\t\t\t<\/figure>\n\t\t\t\t\t\t\t\t\t<\/div>\n\t\t\t\t<\/div>\n\t\t\t\t<div class=\"elementor-element elementor-element-6ff7f66 elementor-widget elementor-widget-image\" data-id=\"6ff7f66\" data-element_type=\"widget\" data-e-type=\"widget\" data-widget_type=\"image.default\">\n\t\t\t\t<div class=\"elementor-widget-container\">\n\t\t\t\t\t\t\t\t\t\t\t\t<figure class=\"wp-caption\">\n\t\t\t\t\t\t\t\t\t\t<img loading=\"lazy\" decoding=\"async\" width=\"800\" height=\"480\" src=\"https:\/\/www.elturistatranquil.com\/wp-content\/uploads\/F55-Escultura-de-Henry-Moore-en-la-Praza-do-Obradoiro-2.jpg\" class=\"attachment-large size-large wp-image-1784\" alt=\"\" srcset=\"https:\/\/www.elturistatranquil.com\/wp-content\/uploads\/F55-Escultura-de-Henry-Moore-en-la-Praza-do-Obradoiro-2.jpg 800w, https:\/\/www.elturistatranquil.com\/wp-content\/uploads\/F55-Escultura-de-Henry-Moore-en-la-Praza-do-Obradoiro-2-768x461.jpg 768w\" sizes=\"(max-width: 800px) 100vw, 800px\" \/>\t\t\t\t\t\t\t\t\t\t\t<figcaption class=\"widget-image-caption wp-caption-text\">Praza do Obradoiro de nit. Al fons el Hostal de los Reyes Cat\u00f3licos (antic hospital de pelegrins), a l\u2019esquerra Pazo de Raxoi (seu de la Xunta de Galicia i de l\u2019Ajuntament). En primer terme un escultura de Henry Moore exposada temporalment.<\/figcaption>\n\t\t\t\t\t\t\t\t\t\t<\/figure>\n\t\t\t\t\t\t\t\t\t<\/div>\n\t\t\t\t<\/div>\n\t\t\t\t<div class=\"elementor-element elementor-element-4b1f9ef elementor-widget elementor-widget-text-editor\" data-id=\"4b1f9ef\" data-element_type=\"widget\" data-e-type=\"widget\" data-widget_type=\"text-editor.default\">\n\t\t\t\t<div class=\"elementor-widget-container\">\n\t\t\t\t\t\t\t\t\t<p>La pla\u00e7a esta delimitada per quatre edificis, un per costat. Presidint-la i dominant-la, la <em>Fa\u00e7ana de la Catedral<\/em> donant protecci\u00f3 al seu interior al <em>P\u00f3rtico de la Gloria<\/em>. A l\u2019esquerra <em>l\u2019Hospital Real de Santiago<\/em> (actualment Parador Nacional Hostal de los Reyes Cat\u00f3licos), edifici d\u2019estil plateresc constru\u00eft per ordre dels Reis Cat\u00f2lics per servei dels pelegrins. A l\u2019esquena, enfront de la Catedral, el <em>Pazo de Raxoi<\/em> (actualment seu de la Xunta de Galicia i de l\u2019Ajuntament) del segle XVIII i estil neocl\u00e0ssic, constru\u00eft per servir de seminari, residencia de los nens del cor de la catedral i pres\u00f3. A la dreta el <em>Colegio de San Xerome<\/em> (actual seu del rectorat de la universitat), edifici renaixentista del segle XVI per acollir estudiants pobres.<\/p>\n<p>La Catedral es va iniciar el 1075 en estil rom\u00e0nic segons el model arquitect\u00f2nic de l\u2019\u00e8poca, que \u00e9s mant\u00e9 a la planta de la catedral. El\u00a0<em>P\u00f3rtico de la Gloria<\/em>\u00a0\u00e9s una de les parts\u00a0rom\u00e0niques. Al llarg del segles s\u2019hi han anat incorporant elements g\u00f2tics, una escala d\u2019estil renaixentista i la fa\u00e7ana barroca iniciada el 1738 (i acabada el 1950) que \u00e9s la que s\u2019observa actualment des de la pla\u00e7a, constru\u00efda per protegir el p\u00f2rtic rom\u00e0nic de la seva degradaci\u00f3 derivad de les inclem\u00e8ncia del temps.<\/p>\n\t\t\t\t\t\t\t\t<\/div>\n\t\t\t\t<\/div>\n\t\t\t\t<div class=\"elementor-element elementor-element-9061814 elementor-widget elementor-widget-image\" data-id=\"9061814\" data-element_type=\"widget\" data-e-type=\"widget\" data-widget_type=\"image.default\">\n\t\t\t\t<div class=\"elementor-widget-container\">\n\t\t\t\t\t\t\t\t\t\t\t\t<figure class=\"wp-caption\">\n\t\t\t\t\t\t\t\t\t\t<img loading=\"lazy\" decoding=\"async\" width=\"800\" height=\"534\" src=\"https:\/\/www.elturistatranquil.com\/wp-content\/uploads\/F56-Gaitero-junto-a-la-Catedral-de-Santiado-de-C.jpg\" class=\"attachment-large size-large wp-image-1785\" alt=\"\" srcset=\"https:\/\/www.elturistatranquil.com\/wp-content\/uploads\/F56-Gaitero-junto-a-la-Catedral-de-Santiado-de-C.jpg 800w, https:\/\/www.elturistatranquil.com\/wp-content\/uploads\/F56-Gaitero-junto-a-la-Catedral-de-Santiado-de-C-768x513.jpg 768w\" sizes=\"(max-width: 800px) 100vw, 800px\" \/>\t\t\t\t\t\t\t\t\t\t\t<figcaption class=\"widget-image-caption wp-caption-text\">Al carrer que puja pel costat esquerra de la catedral, per on arriben el pelegrins, es f\u00e0cil trobar-hi un gaiteiro amb el so caracter\u00edstic.<\/figcaption>\n\t\t\t\t\t\t\t\t\t\t<\/figure>\n\t\t\t\t\t\t\t\t\t<\/div>\n\t\t\t\t<\/div>\n\t\t\t\t<div class=\"elementor-element elementor-element-502c53c elementor-widget elementor-widget-text-editor\" data-id=\"502c53c\" data-element_type=\"widget\" data-e-type=\"widget\" data-widget_type=\"text-editor.default\">\n\t\t\t\t<div class=\"elementor-widget-container\">\n\t\t\t\t\t\t\t\t\t<p>Si ens desplacem pel carrer de la dreta de la Catedral (r\u00faa de Fonseca) arribarem a la <em>Praza das Plater\u00edas<\/em>, on est\u00e0 situada la porta d\u2019entrada habitual al temple. A continuaci\u00f3 ve la\u00a0<em>Praza da Quintana<\/em>\u00a0on est\u00e0 localitzada la <em>Puerta del Perd\u00f3n<\/em>, un acc\u00e9s que nom\u00e9s est\u00e0 obert durant els Anys Sants.<\/p>\n\t\t\t\t\t\t\t\t<\/div>\n\t\t\t\t<\/div>\n\t\t\t\t<div class=\"elementor-element elementor-element-584f61b elementor-widget elementor-widget-image\" data-id=\"584f61b\" data-element_type=\"widget\" data-e-type=\"widget\" data-widget_type=\"image.default\">\n\t\t\t\t<div class=\"elementor-widget-container\">\n\t\t\t\t\t\t\t\t\t\t\t\t<figure class=\"wp-caption\">\n\t\t\t\t\t\t\t\t\t\t<img loading=\"lazy\" decoding=\"async\" width=\"450\" height=\"600\" src=\"https:\/\/www.elturistatranquil.com\/wp-content\/uploads\/F57-Fuente_de_los_Caballos-3.jpg\" class=\"attachment-large size-large wp-image-1818\" alt=\"\" \/>\t\t\t\t\t\t\t\t\t\t\t<figcaption class=\"widget-image-caption wp-caption-text\">Praza das Plater\u00edas i la Fuente de los Caballos. Foto de  <a href> Jos\u00e9 Luis Filpo Cabana <\/a> (Own work), <a href=\"https:\/\/commons.wikimedia.org\/wiki\/File%3AFuente_de_los_Caballos._Plaza_de_Plater%C3%ADas.jpg\">via Wikimedia Commons<\/a><\/figcaption>\n\t\t\t\t\t\t\t\t\t\t<\/figure>\n\t\t\t\t\t\t\t\t\t<\/div>\n\t\t\t\t<\/div>\n\t\t\t\t<div class=\"elementor-element elementor-element-c2d9962 elementor-widget elementor-widget-image\" data-id=\"c2d9962\" data-element_type=\"widget\" data-e-type=\"widget\" data-widget_type=\"image.default\">\n\t\t\t\t<div class=\"elementor-widget-container\">\n\t\t\t\t\t\t\t\t\t\t\t\t<figure class=\"wp-caption\">\n\t\t\t\t\t\t\t\t\t\t<img loading=\"lazy\" decoding=\"async\" width=\"800\" height=\"413\" src=\"https:\/\/www.elturistatranquil.com\/wp-content\/uploads\/F58-Praza-Quintana.jpg\" class=\"attachment-large size-large wp-image-1786\" alt=\"\" srcset=\"https:\/\/www.elturistatranquil.com\/wp-content\/uploads\/F58-Praza-Quintana.jpg 800w, https:\/\/www.elturistatranquil.com\/wp-content\/uploads\/F58-Praza-Quintana-768x396.jpg 768w\" sizes=\"(max-width: 800px) 100vw, 800px\" \/>\t\t\t\t\t\t\t\t\t\t\t<figcaption class=\"widget-image-caption wp-caption-text\">Puerta del Perd\u00f3n a la Praza Quintana. Foto de <a href> _Lares_<\/a><\/figcaption>\n\t\t\t\t\t\t\t\t\t\t<\/figure>\n\t\t\t\t\t\t\t\t\t<\/div>\n\t\t\t\t<\/div>\n\t\t\t\t<div class=\"elementor-element elementor-element-5947121 elementor-widget elementor-widget-text-editor\" data-id=\"5947121\" data-element_type=\"widget\" data-e-type=\"widget\" data-widget_type=\"text-editor.default\">\n\t\t\t\t<div class=\"elementor-widget-container\">\n\t\t\t\t\t\t\t\t\t<p>El grandi\u00f3s interior d\u2019estil rom\u00e0nic permet esmer\u00e7ar-hi el temps que vulguem.<\/p><p>L\u2019objectiu del pelegrins es visitar el sepulcre. Situat sota l\u2019altar major, si accedeix per un lateral de l\u2019absis. Una petita porta dona hi dona acc\u00e9s per unes escales que descendeixen al lloc on hi ha el sepulcre.<\/p><p>En moments molt particulars del calendari lit\u00fargic de la Catedral es pot assistir al balanceig del <em>botafumeiro<\/em> (&#8220;Encenser&#8221; en gallec) que \u00e9s un dels s\u00edmbols m\u00e9s famosos i populars de la Catedral de Santiago de Compostel\u00b7la. El pot veure susp\u00e8s sobre el <em>Altar Mayor<\/em>,\u00a0d\u2019estil barroc. \u00c9s un encenser de grans dimensions que es mou des de la c\u00fapula central de la Catedral, d\u2019on penja, cap a les naus laterals, empres per les estirades r\u00edtmiques d\u2019un grup d\u2019homes des de terra.<\/p><p>A tenir en compte tamb\u00e9 el <em>Claustre<\/em> g\u00f2tic-renaixentista de la catedral, on hi ha ubicat el\u00a0<em>Museo catedralicio<\/em>.<\/p><p>Si a l\u2019arribada hem avan\u00e7at r\u00e0pidament pels carrers hist\u00f2rics de Santiago, ara ser\u00e0 el moment de gaudir de la <em>R\u00faa do Vilar<\/em>, de la <em>R\u00faa Nova<\/em>, i dels carrerons que les creuen, plens de botigues, bars i restaurants. I de persones.<\/p><p>Si el dia \u00e9s de pluja, veurem la utilitat dels porxos que ocupen aquests carrers. No fa falta que plogui per gaudir-ne de la seva bellesa.<\/p>\t\t\t\t\t\t\t\t<\/div>\n\t\t\t\t<\/div>\n\t\t\t\t<div class=\"elementor-element elementor-element-ab29bdd elementor-widget elementor-widget-image\" data-id=\"ab29bdd\" data-element_type=\"widget\" data-e-type=\"widget\" data-widget_type=\"image.default\">\n\t\t\t\t<div class=\"elementor-widget-container\">\n\t\t\t\t\t\t\t\t\t\t\t\t<figure class=\"wp-caption\">\n\t\t\t\t\t\t\t\t\t\t<img loading=\"lazy\" decoding=\"async\" width=\"800\" height=\"531\" src=\"https:\/\/www.elturistatranquil.com\/wp-content\/uploads\/F59-Santiago-de-Compostela.jpg\" class=\"attachment-large size-large wp-image-1787\" alt=\"\" srcset=\"https:\/\/www.elturistatranquil.com\/wp-content\/uploads\/F59-Santiago-de-Compostela.jpg 800w, https:\/\/www.elturistatranquil.com\/wp-content\/uploads\/F59-Santiago-de-Compostela-768x510.jpg 768w\" sizes=\"(max-width: 800px) 100vw, 800px\" \/>\t\t\t\t\t\t\t\t\t\t\t<figcaption class=\"widget-image-caption wp-caption-text\">Rua Nova. Foto de <a href>Neticola Sny<\/a><\/figcaption>\n\t\t\t\t\t\t\t\t\t\t<\/figure>\n\t\t\t\t\t\t\t\t\t<\/div>\n\t\t\t\t<\/div>\n\t\t\t\t<div class=\"elementor-element elementor-element-14d9e05 elementor-widget elementor-widget-image\" data-id=\"14d9e05\" data-element_type=\"widget\" data-e-type=\"widget\" data-widget_type=\"image.default\">\n\t\t\t\t<div class=\"elementor-widget-container\">\n\t\t\t\t\t\t\t\t\t\t\t\t<figure class=\"wp-caption\">\n\t\t\t\t\t\t\t\t\t\t<img loading=\"lazy\" decoding=\"async\" width=\"800\" height=\"564\" src=\"https:\/\/www.elturistatranquil.com\/wp-content\/uploads\/F60-Santiago-de-Compostela.jpg\" class=\"attachment-large size-large wp-image-1788\" alt=\"\" srcset=\"https:\/\/www.elturistatranquil.com\/wp-content\/uploads\/F60-Santiago-de-Compostela.jpg 800w, https:\/\/www.elturistatranquil.com\/wp-content\/uploads\/F60-Santiago-de-Compostela-768x541.jpg 768w\" sizes=\"(max-width: 800px) 100vw, 800px\" \/>\t\t\t\t\t\t\t\t\t\t\t<figcaption class=\"widget-image-caption wp-caption-text\">Carrers del casc antic. Al fons una torre de la catedral. Foto de juantiagues (Santiago-Confluencia de calles) [<a href=\"https:\/\/creativecommons.org\/licenses\/by-sa\/2.0\">CC BY-SA 2.0<\/a>], <a href=\"https:\/\/commons.wikimedia.org\/wiki\/File%3ASantiago-Confluencia_de_calles_(14636070906).jpg\">via Wikimedia Commons<\/a><\/figcaption>\n\t\t\t\t\t\t\t\t\t\t<\/figure>\n\t\t\t\t\t\t\t\t\t<\/div>\n\t\t\t\t<\/div>\n\t\t\t\t<div class=\"elementor-element elementor-element-20ba4de elementor-widget elementor-widget-menu-anchor\" data-id=\"20ba4de\" data-element_type=\"widget\" data-e-type=\"widget\" data-widget_type=\"menu-anchor.default\">\n\t\t\t\t<div class=\"elementor-widget-container\">\n\t\t\t\t\t\t\t<div class=\"elementor-menu-anchor\" id=\"a0118\"><\/div>\n\t\t\t\t\t\t<\/div>\n\t\t\t\t<\/div>\n\t\t\t\t<div class=\"elementor-element elementor-element-b60f389 elementor-widget elementor-widget-text-editor\" data-id=\"b60f389\" data-element_type=\"widget\" data-e-type=\"widget\" data-widget_type=\"text-editor.default\">\n\t\t\t\t<div class=\"elementor-widget-container\">\n\t\t\t\t\t\t\t\t\t<p>Com \u00e9s imaginable, Internet ofereix moltes entrades sobre Santiago de Compostel\u00b7la. Alguns exemples els tenim en: <a href=\"https:\/\/es.wikipedia.org\/wiki\/Santiago_de_Compostela\" target=\"_blank\" rel=\"noopener\">Wikipedia<\/a>; <a href=\"http:\/\/www.santiagoturismo.com\/info-xeral\" target=\"_blank\" rel=\"noopener\">Santiago turismo<\/a>\u00a0i\u00a0<a href=\"https:\/\/www.escapadarural.com\/que-hacer\/santiago-de-compostela\" target=\"_blank\" rel=\"noopener\">escapada rural<\/a>.<\/p>\n<p>Sobre la Catedral de Santiago poden consultar-se: <a href=\"https:\/\/es.wikipedia.org\/wiki\/Catedral_de_Santiago_de_Compostela\" target=\"_blank\" rel=\"noopener\">wikipedia<\/a>\u00a0i\u00a0<a href=\"http:\/\/www.vivirgaliciaturismo.com\/la-catedral-de-santiago-por-los-cuatro-costados\/\" target=\"_blank\" rel=\"noopener\">vivir Galicia turismo<\/a>.<\/p>\n<p>Un context hist\u00f2ric de qu\u00e8 representaven les peregrinacions a Santiago de Compostel\u00b7la i a Fisterra pot llegir-se a: Alfredo L\u00f3pez Serrano: <em><a href=\"https:\/\/e-archivo.uc3m.es\/bitstream\/handle\/10016\/12351\/peregrinaciones_lopez_2003.pdf?sequence=1\" target=\"_blank\" rel=\"noopener\">Peregrinaciones y catedrales. El sue\u00f1o europeo de la mano del arte rom\u00e1nico y g\u00f3tico<\/a>.<\/em><\/p>\n<p>Rutes a i des de Santiago a\u00a0<a href=\"https:\/\/es.wikiloc.com\/wikiloc\/find.do?t=&amp;d=&amp;lfr=&amp;lto=&amp;src=&amp;act=&amp;q=Santiago+de+Compostela\" target=\"_blank\" rel=\"noopener\">wikiloc<\/a>.<\/p>\n\t\t\t\t\t\t\t\t<\/div>\n\t\t\t\t<\/div>\n\t\t\t\t<div class=\"elementor-element elementor-element-6ddc941 elementor-widget elementor-widget-text-editor\" data-id=\"6ddc941\" data-element_type=\"widget\" data-e-type=\"widget\" data-widget_type=\"text-editor.default\">\n\t\t\t\t<div class=\"elementor-widget-container\">\n\t\t\t\t\t\t\t\t\t<h3>A Coru\u00f1a<\/h3>\n<p><strong>As Garzas a A Coru\u00f1a ciutat<\/strong> (60 km, 2 h el trajecte. Total de la jornada 120 km, 2 h): \u00c9s la ciutat m\u00e9s important de Galicia, amb 244.099 habitants (2017)<\/p>\n\t\t\t\t\t\t\t\t<\/div>\n\t\t\t\t<\/div>\n\t\t\t\t<div class=\"elementor-element elementor-element-e0ded13 elementor-widget elementor-widget-image\" data-id=\"e0ded13\" data-element_type=\"widget\" data-e-type=\"widget\" data-widget_type=\"image.default\">\n\t\t\t\t<div class=\"elementor-widget-container\">\n\t\t\t\t\t\t\t\t\t\t\t\t<figure class=\"wp-caption\">\n\t\t\t\t\t\t\t\t\t\t<img loading=\"lazy\" decoding=\"async\" width=\"800\" height=\"543\" src=\"https:\/\/www.elturistatranquil.com\/wp-content\/uploads\/F45-Vista-a\u00e9rea-de-A-Coru\u00f1a-Google-earth-28-02-2018.jpg\" class=\"attachment-large size-large wp-image-1810\" alt=\"\" srcset=\"https:\/\/www.elturistatranquil.com\/wp-content\/uploads\/F45-Vista-a\u00e9rea-de-A-Coru\u00f1a-Google-earth-28-02-2018.jpg 800w, https:\/\/www.elturistatranquil.com\/wp-content\/uploads\/F45-Vista-a\u00e9rea-de-A-Coru\u00f1a-Google-earth-28-02-2018-768x521.jpg 768w\" sizes=\"(max-width: 800px) 100vw, 800px\" \/>\t\t\t\t\t\t\t\t\t\t\t<figcaption class=\"widget-image-caption wp-caption-text\">Vista a\u00e8ria de A Coru\u00f1a, lloc mil\u00b7lenari i far del m\u00f3n. Ciutat cosmopolita i din\u00e0mica qu\u00e8 espl\u00e8ndidament mira cap al mar per els seus dos costats (Google earth, 28-02-2018)<\/figcaption>\n\t\t\t\t\t\t\t\t\t\t<\/figure>\n\t\t\t\t\t\t\t\t\t<\/div>\n\t\t\t\t<\/div>\n\t\t\t\t<div class=\"elementor-element elementor-element-7ecb982 elementor-widget elementor-widget-text-editor\" data-id=\"7ecb982\" data-element_type=\"widget\" data-e-type=\"widget\" data-widget_type=\"text-editor.default\">\n\t\t\t\t<div class=\"elementor-widget-container\">\n\t\t\t\t\t\t\t\t\t<p>Arribant a la ciutat la zona d\u2019aparcament triada va ser a la <em>Maestranza<\/em>. Des d\u2019aquest lloc \u00e9s c\u00f2mode acostar-se al Passeig Mar\u00edtim de La Coru\u00f1a que, segons diuen, va ser fins a l\u2019any 2014 el passeig mar\u00edtim m\u00e9s llarg de Europa, amb quasi 16 km de recorregut envoltant la ciutat. Prenent el sentit cap a la dreta veurem des de la part de mar el llarg <em>Dique de Abrigo<\/em>, en mig del qual s&#8217;ha constru\u00eft un espectacular edifici com a torre de control mar\u00edtim.<\/p>\n\t\t\t\t\t\t\t\t<\/div>\n\t\t\t\t<\/div>\n\t\t\t\t<div class=\"elementor-element elementor-element-0d184b6 elementor-widget elementor-widget-image\" data-id=\"0d184b6\" data-element_type=\"widget\" data-e-type=\"widget\" data-widget_type=\"image.default\">\n\t\t\t\t<div class=\"elementor-widget-container\">\n\t\t\t\t\t\t\t\t\t\t\t\t<figure class=\"wp-caption\">\n\t\t\t\t\t\t\t\t\t\t<img loading=\"lazy\" decoding=\"async\" width=\"800\" height=\"533\" src=\"https:\/\/www.elturistatranquil.com\/wp-content\/uploads\/F61-Dique-de-Abrigo-y-edificio-de-la-Torre-de-control-mar\u00edtimo.jpg\" class=\"attachment-large size-large wp-image-1789\" alt=\"\" srcset=\"https:\/\/www.elturistatranquil.com\/wp-content\/uploads\/F61-Dique-de-Abrigo-y-edificio-de-la-Torre-de-control-mar\u00edtimo.jpg 800w, https:\/\/www.elturistatranquil.com\/wp-content\/uploads\/F61-Dique-de-Abrigo-y-edificio-de-la-Torre-de-control-mar\u00edtimo-768x512.jpg 768w\" sizes=\"(max-width: 800px) 100vw, 800px\" \/>\t\t\t\t\t\t\t\t\t\t\t<figcaption class=\"widget-image-caption wp-caption-text\">Dique de Abrigo i edifici de la Torre de control mar\u00edtim.<\/figcaption>\n\t\t\t\t\t\t\t\t\t\t<\/figure>\n\t\t\t\t\t\t\t\t\t<\/div>\n\t\t\t\t<\/div>\n\t\t\t\t<div class=\"elementor-element elementor-element-3758714 elementor-widget elementor-widget-text-editor\" data-id=\"3758714\" data-element_type=\"widget\" data-e-type=\"widget\" data-widget_type=\"text-editor.default\">\n\t\t\t\t<div class=\"elementor-widget-container\">\n\t\t\t\t\t\t\t\t\t<p>Entrant ja al port esportiu es troba el <em>Castillo de San Ant\u00f3n<\/em> (Museu Arqueol\u00f2gic) -fortalesa defensiva mar\u00edtima iniciada la construcci\u00f3 al segle XVI- i, tot seguit, restes de les antigues <em>muralles <\/em>de la ciutat. Continuant pel Passeig obtindrem unes magn\u00edfiques perspectives de les construccions de la fa\u00e7ana mar\u00edtima al llarg de la <em>Avenida Marina<\/em>, amb els caracter\u00edstics finestrals de vidres quadrats petits.<\/p>\n\t\t\t\t\t\t\t\t<\/div>\n\t\t\t\t<\/div>\n\t\t\t\t<div class=\"elementor-element elementor-element-bbc436f elementor-widget elementor-widget-image\" data-id=\"bbc436f\" data-element_type=\"widget\" data-e-type=\"widget\" data-widget_type=\"image.default\">\n\t\t\t\t<div class=\"elementor-widget-container\">\n\t\t\t\t\t\t\t\t\t\t\t\t\t\t\t<img loading=\"lazy\" decoding=\"async\" width=\"800\" height=\"524\" src=\"https:\/\/www.elturistatranquil.com\/wp-content\/uploads\/F47-Frente-portuario-de-A-Coru\u00f1a.jpg\" class=\"attachment-large size-large wp-image-1815\" alt=\"\" srcset=\"https:\/\/www.elturistatranquil.com\/wp-content\/uploads\/F47-Frente-portuario-de-A-Coru\u00f1a.jpg 800w, https:\/\/www.elturistatranquil.com\/wp-content\/uploads\/F47-Frente-portuario-de-A-Coru\u00f1a-768x503.jpg 768w\" sizes=\"(max-width: 800px) 100vw, 800px\" \/>\t\t\t\t\t\t\t\t\t\t\t\t\t\t\t<\/div>\n\t\t\t\t<\/div>\n\t\t\t\t<div class=\"elementor-element elementor-element-9ded903 elementor-widget elementor-widget-image\" data-id=\"9ded903\" data-element_type=\"widget\" data-e-type=\"widget\" data-widget_type=\"image.default\">\n\t\t\t\t<div class=\"elementor-widget-container\">\n\t\t\t\t\t\t\t\t\t\t\t\t<figure class=\"wp-caption\">\n\t\t\t\t\t\t\t\t\t\t<img loading=\"lazy\" decoding=\"async\" width=\"800\" height=\"548\" src=\"https:\/\/www.elturistatranquil.com\/wp-content\/uploads\/F48-Frente-portuario-de-A-Coru\u00f1a.jpg\" class=\"attachment-large size-large wp-image-1814\" alt=\"Front portuari de A Coru\u00f1a\" srcset=\"https:\/\/www.elturistatranquil.com\/wp-content\/uploads\/F48-Frente-portuario-de-A-Coru\u00f1a.jpg 800w, https:\/\/www.elturistatranquil.com\/wp-content\/uploads\/F48-Frente-portuario-de-A-Coru\u00f1a-768x526.jpg 768w\" sizes=\"(max-width: 800px) 100vw, 800px\" \/>\t\t\t\t\t\t\t\t\t\t\t<figcaption class=\"widget-image-caption wp-caption-text\">Caracter\u00edstiques fa\u00e7anes de casa gallega a la fa\u00e7ana portu\u00e0ria<\/figcaption>\n\t\t\t\t\t\t\t\t\t\t<\/figure>\n\t\t\t\t\t\t\t\t\t<\/div>\n\t\t\t\t<\/div>\n\t\t\t\t<div class=\"elementor-element elementor-element-92200ce elementor-widget elementor-widget-text-editor\" data-id=\"92200ce\" data-element_type=\"widget\" data-e-type=\"widget\" data-widget_type=\"text-editor.default\">\n\t\t\t\t<div class=\"elementor-widget-container\">\n\t\t\t\t\t\t\t\t\t<p>Podem passejar per l\u2019avinguda o endinsar-nos ver la <em>Praza de Mar\u00eda Pita<\/em> (hero\u00efna i guanyadora de la resist\u00e8ncia de la ciutat a l\u2019assetjament del brit\u00e0nic Sir Francis Drake l\u2019any 1589), on es troba el <em>Palacio Municipal<\/em> (ajuntament), edifici modernista constru\u00eft entre els anys 1.908 i 1.912, ocupant el front nord de la Plaza. La pla\u00e7a, de mitjans segle XIX, de forma quadrangular tancada per tres costats. El quart, com element aut\u00f2nom, sense acabar de tancar el quadrat, si va disposar l\u2019ajuntament d\u2019una forma urban\u00edstica que a mi em va donar la impressi\u00f3 de molt teatral.<\/p>\n\t\t\t\t\t\t\t\t<\/div>\n\t\t\t\t<\/div>\n\t\t\t\t<div class=\"elementor-element elementor-element-7e801e2 elementor-widget elementor-widget-image\" data-id=\"7e801e2\" data-element_type=\"widget\" data-e-type=\"widget\" data-widget_type=\"image.default\">\n\t\t\t\t<div class=\"elementor-widget-container\">\n\t\t\t\t\t\t\t\t\t\t\t\t<figure class=\"wp-caption\">\n\t\t\t\t\t\t\t\t\t\t<img loading=\"lazy\" decoding=\"async\" width=\"800\" height=\"464\" src=\"https:\/\/www.elturistatranquil.com\/wp-content\/uploads\/F49-Palacio-Municipal-de-A-Coru\u00f1a.jpg\" class=\"attachment-large size-large wp-image-1816\" alt=\"\" srcset=\"https:\/\/www.elturistatranquil.com\/wp-content\/uploads\/F49-Palacio-Municipal-de-A-Coru\u00f1a.jpg 800w, https:\/\/www.elturistatranquil.com\/wp-content\/uploads\/F49-Palacio-Municipal-de-A-Coru\u00f1a-768x445.jpg 768w\" sizes=\"(max-width: 800px) 100vw, 800px\" \/>\t\t\t\t\t\t\t\t\t\t\t<figcaption class=\"widget-image-caption wp-caption-text\">Praza de Mar\u00eda Pita con el Palacio Municipal i una estatua de Mar\u00eda Pita al centre<\/figcaption>\n\t\t\t\t\t\t\t\t\t\t<\/figure>\n\t\t\t\t\t\t\t\t\t<\/div>\n\t\t\t\t<\/div>\n\t\t\t\t<div class=\"elementor-element elementor-element-8bae658 elementor-widget elementor-widget-text-editor\" data-id=\"8bae658\" data-element_type=\"widget\" data-e-type=\"widget\" data-widget_type=\"text-editor.default\">\n\t\t\t\t<div class=\"elementor-widget-container\">\n\t\t\t\t\t\t\t\t\t<p>Els voltants configuren la ciutat vella, especialment al costat est. A l\u2019interior de la ciutat vella, a la <em>Praza da Constituci\u00f3n<\/em> podrem admirar <em>l\u2019esgl\u00e9sia rom\u00e0nica de Santiago<\/em> (SS. XII-XIII).<\/p>\n\t\t\t\t\t\t\t\t<\/div>\n\t\t\t\t<\/div>\n\t\t\t\t<div class=\"elementor-element elementor-element-44eaca0 elementor-widget elementor-widget-image\" data-id=\"44eaca0\" data-element_type=\"widget\" data-e-type=\"widget\" data-widget_type=\"image.default\">\n\t\t\t\t<div class=\"elementor-widget-container\">\n\t\t\t\t\t\t\t\t\t\t\t\t\t\t\t<img loading=\"lazy\" decoding=\"async\" width=\"800\" height=\"659\" src=\"https:\/\/www.elturistatranquil.com\/wp-content\/uploads\/F50-Casas-del-barrio-antiguo-de-A-Coru\u00f1a.jpg\" class=\"attachment-large size-large wp-image-1811\" alt=\"\" srcset=\"https:\/\/www.elturistatranquil.com\/wp-content\/uploads\/F50-Casas-del-barrio-antiguo-de-A-Coru\u00f1a.jpg 800w, https:\/\/www.elturistatranquil.com\/wp-content\/uploads\/F50-Casas-del-barrio-antiguo-de-A-Coru\u00f1a-768x633.jpg 768w\" sizes=\"(max-width: 800px) 100vw, 800px\" \/>\t\t\t\t\t\t\t\t\t\t\t\t\t\t\t<\/div>\n\t\t\t\t<\/div>\n\t\t\t\t<div class=\"elementor-element elementor-element-0eed6ac elementor-widget elementor-widget-image\" data-id=\"0eed6ac\" data-element_type=\"widget\" data-e-type=\"widget\" data-widget_type=\"image.default\">\n\t\t\t\t<div class=\"elementor-widget-container\">\n\t\t\t\t\t\t\t\t\t\t\t\t<figure class=\"wp-caption\">\n\t\t\t\t\t\t\t\t\t\t<img loading=\"lazy\" decoding=\"async\" width=\"800\" height=\"668\" src=\"https:\/\/www.elturistatranquil.com\/wp-content\/uploads\/F51-Casas-del-barrio-antiguo-de-A-Coru\u00f1a.jpg\" class=\"attachment-large size-large wp-image-1812\" alt=\"\" srcset=\"https:\/\/www.elturistatranquil.com\/wp-content\/uploads\/F51-Casas-del-barrio-antiguo-de-A-Coru\u00f1a.jpg 800w, https:\/\/www.elturistatranquil.com\/wp-content\/uploads\/F51-Casas-del-barrio-antiguo-de-A-Coru\u00f1a-768x641.jpg 768w\" sizes=\"(max-width: 800px) 100vw, 800px\" \/>\t\t\t\t\t\t\t\t\t\t\t<figcaption class=\"widget-image-caption wp-caption-text\">Cases del barri antic<\/figcaption>\n\t\t\t\t\t\t\t\t\t\t<\/figure>\n\t\t\t\t\t\t\t\t\t<\/div>\n\t\t\t\t<\/div>\n\t\t\t\t<div class=\"elementor-element elementor-element-cd0550a elementor-widget elementor-widget-text-editor\" data-id=\"cd0550a\" data-element_type=\"widget\" data-e-type=\"widget\" data-widget_type=\"text-editor.default\">\n\t\t\t\t<div class=\"elementor-widget-container\">\n\t\t\t\t\t\t\t\t\t<p>Aquesta es la zona de <em>tapeo<\/em> de A Coru\u00f1a.<\/p>\n\t\t\t\t\t\t\t\t<\/div>\n\t\t\t\t<\/div>\n\t\t\t\t<div class=\"elementor-element elementor-element-c7931be elementor-widget elementor-widget-image\" data-id=\"c7931be\" data-element_type=\"widget\" data-e-type=\"widget\" data-widget_type=\"image.default\">\n\t\t\t\t<div class=\"elementor-widget-container\">\n\t\t\t\t\t\t\t\t\t\t\t\t\t\t\t<img loading=\"lazy\" decoding=\"async\" width=\"800\" height=\"800\" src=\"https:\/\/www.elturistatranquil.com\/wp-content\/uploads\/F64-Iglesia-de-Santiago-A-Coru\u00f1a.jpg\" class=\"attachment-large size-large wp-image-1792\" alt=\"\" srcset=\"https:\/\/www.elturistatranquil.com\/wp-content\/uploads\/F64-Iglesia-de-Santiago-A-Coru\u00f1a.jpg 800w, https:\/\/www.elturistatranquil.com\/wp-content\/uploads\/F64-Iglesia-de-Santiago-A-Coru\u00f1a-768x768.jpg 768w\" sizes=\"(max-width: 800px) 100vw, 800px\" \/>\t\t\t\t\t\t\t\t\t\t\t\t\t\t\t<\/div>\n\t\t\t\t<\/div>\n\t\t\t\t<div class=\"elementor-element elementor-element-66a7e25 elementor-widget elementor-widget-image\" data-id=\"66a7e25\" data-element_type=\"widget\" data-e-type=\"widget\" data-widget_type=\"image.default\">\n\t\t\t\t<div class=\"elementor-widget-container\">\n\t\t\t\t\t\t\t\t\t\t\t\t<figure class=\"wp-caption\">\n\t\t\t\t\t\t\t\t\t\t<img loading=\"lazy\" decoding=\"async\" width=\"800\" height=\"800\" src=\"https:\/\/www.elturistatranquil.com\/wp-content\/uploads\/F53-T\u00edmpano-de-la-Iglesia-rom\u00e1nica-de-Santiago-de-A-Coru\u00f1a.jpg\" class=\"attachment-large size-large wp-image-1813\" alt=\"\" srcset=\"https:\/\/www.elturistatranquil.com\/wp-content\/uploads\/F53-T\u00edmpano-de-la-Iglesia-rom\u00e1nica-de-Santiago-de-A-Coru\u00f1a.jpg 800w, https:\/\/www.elturistatranquil.com\/wp-content\/uploads\/F53-T\u00edmpano-de-la-Iglesia-rom\u00e1nica-de-Santiago-de-A-Coru\u00f1a-768x768.jpg 768w\" sizes=\"(max-width: 800px) 100vw, 800px\" \/>\t\t\t\t\t\t\t\t\t\t\t<figcaption class=\"widget-image-caption wp-caption-text\">L\u2019esgl\u00e9sia rom\u00e0nica de Santiago i detall del timp\u00e0<\/figcaption>\n\t\t\t\t\t\t\t\t\t\t<\/figure>\n\t\t\t\t\t\t\t\t\t<\/div>\n\t\t\t\t<\/div>\n\t\t\t\t<div class=\"elementor-element elementor-element-f128dbc elementor-widget elementor-widget-text-editor\" data-id=\"f128dbc\" data-element_type=\"widget\" data-e-type=\"widget\" data-widget_type=\"text-editor.default\">\n\t\t\t\t<div class=\"elementor-widget-container\">\n\t\t\t\t\t\t\t\t\t<p>Quan ens h\u00e0gim cansat de caminar, despr\u00e8s d\u2019haver dinat, podem iniciar el retorn. Un cop recollit el cotxe, un recorregut a proposar \u00e9s prendre el passeig mar\u00edtim aquesta vegada cap a l\u2019esquerra. Estem en una pen\u00ednsula i, seguint aquest sentit arribarem a l\u2019extrem nord on, sobre un pujol d\u2019uns 50 metres, apareixer\u00e0 majestuosament la coneguda <em>Torre de H\u00e8rcules<\/em> (declarada monument Patrimoni de la Humanitat en 2009). Es tracta del far rom\u00e0 m\u00e9s antic del m\u00f3n i l\u2019\u00fanic que es conserva en servei. Constru\u00efda al segle I, en la \u00e8poca del Emperador Traj\u00e0, mentre que el revestiment exterior actual \u00e9s del segle XVIII. Es pot visitar. En els seus voltants es troba el <em>Parque Escult\u00f3rico de La Torre de H\u00e9rcules<\/em>.<\/p>\n\t\t\t\t\t\t\t\t<\/div>\n\t\t\t\t<\/div>\n\t\t\t\t<div class=\"elementor-element elementor-element-1b26a89 elementor-widget elementor-widget-image\" data-id=\"1b26a89\" data-element_type=\"widget\" data-e-type=\"widget\" data-widget_type=\"image.default\">\n\t\t\t\t<div class=\"elementor-widget-container\">\n\t\t\t\t\t\t\t\t\t\t\t\t<figure class=\"wp-caption\">\n\t\t\t\t\t\t\t\t\t\t<img loading=\"lazy\" decoding=\"async\" width=\"800\" height=\"800\" src=\"https:\/\/www.elturistatranquil.com\/wp-content\/uploads\/F65-Torre-de-H\u00e9rcules.jpg\" class=\"attachment-large size-large wp-image-1793\" alt=\"\" srcset=\"https:\/\/www.elturistatranquil.com\/wp-content\/uploads\/F65-Torre-de-H\u00e9rcules.jpg 800w, https:\/\/www.elturistatranquil.com\/wp-content\/uploads\/F65-Torre-de-H\u00e9rcules-768x768.jpg 768w\" sizes=\"(max-width: 800px) 100vw, 800px\" \/>\t\t\t\t\t\t\t\t\t\t\t<figcaption class=\"widget-image-caption wp-caption-text\">La famosa Torre de H\u00e8rcules, far d\u2019origen rom\u00e0.<\/figcaption>\n\t\t\t\t\t\t\t\t\t\t<\/figure>\n\t\t\t\t\t\t\t\t\t<\/div>\n\t\t\t\t<\/div>\n\t\t\t\t<div class=\"elementor-element elementor-element-546ec81 elementor-widget elementor-widget-text-editor\" data-id=\"546ec81\" data-element_type=\"widget\" data-e-type=\"widget\" data-widget_type=\"text-editor.default\">\n\t\t\t\t<div class=\"elementor-widget-container\">\n\t\t\t\t\t\t\t\t\t<p>Iniciem el retorn definitiu a As Garzas. Continuant pel passeig mar\u00edtim veurem la <em>Ensenada do Orzan<\/em> i l\u2019amplia platja de <em>Oza<\/em>. Per als amants del futbol a continuaci\u00f3 podran observar l\u2019estadi de <em>Riazor<\/em>.<\/p><p>En menys d\u2019una hora podem estar de retorn a l\u2019habitaci\u00f3.<\/p><p>M\u00e9s informaci\u00f3 sobre A Coru\u00f1a a: <a href=\"http:\/\/www.coruna.gal\/portal\/es\/ciudad\/turismo\" target=\"_blank\" rel=\"noopener\">coruna.gal<\/a>; <a href=\"http:\/\/www.turismocoruna.com\/web\/corTurServer.php?idSecweb=97&amp;idCategoria=42\" target=\"_blank\" rel=\"noopener\">turismocoruna<\/a>\u00a0i\u00a0<a href=\"https:\/\/es.wikipedia.org\/wiki\/La_Coru%C3%B1a\" target=\"_blank\" rel=\"noopener\">wikipedia<\/a>.<\/p><p>Sobre la Torre de H\u00e9rcules a la web de <a href=\"http:\/\/turismocoruna.com\/web\/corTurServer.php?idSecweb=227&amp;idFicha=566&amp;id_secPadre=217&amp;idCategoria=288&amp;scrollear_2\" target=\"_blank\" rel=\"noopener\">turismocoruna<\/a>.<\/p><p>Rutes a y des de A Coru\u00f1a a <a href=\"https:\/\/es.wikiloc.com\/wikiloc\/find.do?t=&amp;d=&amp;lfr=&amp;lto=&amp;src=&amp;act=&amp;q=a+coru%C3%B1a\" target=\"_blank\" rel=\"noopener\">wikiloc<\/a>.<\/p><p>\u00a0<\/p><h2>Fi de la sortida: el retorn<\/h2><p>En el cam\u00ed de tornada s\u2019ha convertit en norma sortir un moment de l\u2019autopista a deturar-me a <em>Pedrafita do Cebreiro<\/em>, en el l\u00edmit entre Gal\u00edcia i Lle\u00f3. Aquesta aturada te com a funci\u00f3 anar a comprar productes de la terra de Gal\u00edcia que no hav\u00edem fet encara.<\/p><p>Entrant al poble per la N-VI, al cap de munt hi ha un gran p\u00e0rquing. A la cantonada es troba la botiga <em>O Forno do Ca\u00f1oto<\/em>, on es poden comprar pa i productes artesans de qualitat. A mi m\u2019agrada comprar <a href=\"http:\/\/cebreiro.es\/recetas.asp\" target=\"_blank\" rel=\"noopener\">Quejo do Cebreiro<\/a>, per fer amanides d\u2019end\u00edvies, que trobo especialment simples i delicioses.<\/p><p>Ben prove\u00efts de queviures per recordar, \u00e9s el moment del retorn definitiu a casa, fent les parades oportunes per menjar i descansar, que ens queden encara m\u00e9s de 900 km per davant.<\/p>\t\t\t\t\t\t\t\t<\/div>\n\t\t\t\t<\/div>\n\t\t\t\t\t<\/div>\n\t\t<\/div>\n\t\t\t\t\t<\/div>\n\t\t<\/section>\n\t\t\t\t<section class=\"elementor-section elementor-top-section elementor-element elementor-element-f920039 elementor-section-boxed elementor-section-height-default elementor-section-height-default\" data-id=\"f920039\" data-element_type=\"section\" data-e-type=\"section\">\n\t\t\t\t\t\t<div class=\"elementor-container elementor-column-gap-default\">\n\t\t\t\t\t<div class=\"elementor-column elementor-col-50 elementor-top-column elementor-element elementor-element-ae910b1\" data-id=\"ae910b1\" data-element_type=\"column\" data-e-type=\"column\">\n\t\t\t<div class=\"elementor-widget-wrap\">\n\t\t\t\t\t\t\t<\/div>\n\t\t<\/div>\n\t\t\t\t<div class=\"elementor-column elementor-col-50 elementor-top-column elementor-element elementor-element-797bed8\" data-id=\"797bed8\" data-element_type=\"column\" data-e-type=\"column\">\n\t\t\t<div class=\"elementor-widget-wrap\">\n\t\t\t\t\t\t\t<\/div>\n\t\t<\/div>\n\t\t\t\t\t<\/div>\n\t\t<\/section>\n\t\t\t\t<section class=\"elementor-section elementor-top-section elementor-element elementor-element-604e0c02 elementor-section-boxed elementor-section-height-default elementor-section-height-default\" data-id=\"604e0c02\" data-element_type=\"section\" data-e-type=\"section\">\n\t\t\t\t\t\t<div class=\"elementor-container elementor-column-gap-default\">\n\t\t\t\t\t<div class=\"elementor-column elementor-col-100 elementor-top-column elementor-element elementor-element-5a9da156\" data-id=\"5a9da156\" data-element_type=\"column\" data-e-type=\"column\">\n\t\t\t<div class=\"elementor-widget-wrap\">\n\t\t\t\t\t\t\t<\/div>\n\t\t<\/div>\n\t\t\t\t\t<\/div>\n\t\t<\/section>\n\t\t\t\t<section class=\"elementor-section elementor-top-section elementor-element elementor-element-129cc9b7 elementor-section-boxed elementor-section-height-default elementor-section-height-default\" data-id=\"129cc9b7\" data-element_type=\"section\" data-e-type=\"section\">\n\t\t\t\t\t\t<div class=\"elementor-container elementor-column-gap-default\">\n\t\t\t\t\t<div class=\"elementor-column elementor-col-100 elementor-top-column elementor-element elementor-element-77238eaa\" data-id=\"77238eaa\" data-element_type=\"column\" data-e-type=\"column\">\n\t\t\t<div class=\"elementor-widget-wrap elementor-element-populated\">\n\t\t\t\t\t\t<div class=\"elementor-element elementor-element-2ce16b89 elementor-share-buttons--view-icon elementor-share-buttons--skin-minimal elementor-share-buttons--shape-circle elementor-grid-0 elementor-share-buttons--color-official elementor-widget elementor-widget-global elementor-global-398 elementor-widget-share-buttons\" data-id=\"2ce16b89\" data-element_type=\"widget\" data-e-type=\"widget\" data-widget_type=\"share-buttons.default\">\n\t\t\t\t<div class=\"elementor-widget-container\">\n\t\t\t\t\t\t\t<div class=\"elementor-grid\" role=\"list\">\n\t\t\t\t\t\t\t\t<div class=\"elementor-grid-item\" role=\"listitem\">\n\t\t\t\t\t\t<div class=\"elementor-share-btn elementor-share-btn_facebook\" role=\"button\" tabindex=\"0\" aria-label=\"Compartici\u00f3 en facebook\">\n\t\t\t\t\t\t\t\t\t\t\t\t\t\t\t<span class=\"elementor-share-btn__icon\">\n\t\t\t\t\t\t\t\t<i class=\"fab fa-facebook\" aria-hidden=\"true\"><\/i>\t\t\t\t\t\t\t<\/span>\n\t\t\t\t\t\t\t\t\t\t\t\t\t\t\t\t\t\t\t\t<\/div>\n\t\t\t\t\t<\/div>\n\t\t\t\t\t\t\t\t\t<div class=\"elementor-grid-item\" role=\"listitem\">\n\t\t\t\t\t\t<div class=\"elementor-share-btn elementor-share-btn_twitter\" role=\"button\" tabindex=\"0\" aria-label=\"Compartici\u00f3 en twitter\">\n\t\t\t\t\t\t\t\t\t\t\t\t\t\t\t<span class=\"elementor-share-btn__icon\">\n\t\t\t\t\t\t\t\t<i class=\"fab fa-twitter\" aria-hidden=\"true\"><\/i>\t\t\t\t\t\t\t<\/span>\n\t\t\t\t\t\t\t\t\t\t\t\t\t\t\t\t\t\t\t\t<\/div>\n\t\t\t\t\t<\/div>\n\t\t\t\t\t\t\t\t\t<div class=\"elementor-grid-item\" role=\"listitem\">\n\t\t\t\t\t\t<div class=\"elementor-share-btn elementor-share-btn_pinterest\" role=\"button\" tabindex=\"0\" aria-label=\"Compartici\u00f3 en pinterest\">\n\t\t\t\t\t\t\t\t\t\t\t\t\t\t\t<span class=\"elementor-share-btn__icon\">\n\t\t\t\t\t\t\t\t<i class=\"fab fa-pinterest\" aria-hidden=\"true\"><\/i>\t\t\t\t\t\t\t<\/span>\n\t\t\t\t\t\t\t\t\t\t\t\t\t\t\t\t\t\t\t\t<\/div>\n\t\t\t\t\t<\/div>\n\t\t\t\t\t\t\t\t\t<div class=\"elementor-grid-item\" role=\"listitem\">\n\t\t\t\t\t\t<div class=\"elementor-share-btn elementor-share-btn_whatsapp\" role=\"button\" tabindex=\"0\" aria-label=\"Compartici\u00f3 en whatsapp\">\n\t\t\t\t\t\t\t\t\t\t\t\t\t\t\t<span class=\"elementor-share-btn__icon\">\n\t\t\t\t\t\t\t\t<i class=\"fab fa-whatsapp\" aria-hidden=\"true\"><\/i>\t\t\t\t\t\t\t<\/span>\n\t\t\t\t\t\t\t\t\t\t\t\t\t\t\t\t\t\t\t\t<\/div>\n\t\t\t\t\t<\/div>\n\t\t\t\t\t\t\t\t\t<div class=\"elementor-grid-item\" role=\"listitem\">\n\t\t\t\t\t\t<div class=\"elementor-share-btn elementor-share-btn_email\" role=\"button\" tabindex=\"0\" aria-label=\"Compartici\u00f3 en email\">\n\t\t\t\t\t\t\t\t\t\t\t\t\t\t\t<span class=\"elementor-share-btn__icon\">\n\t\t\t\t\t\t\t\t<i class=\"fas fa-envelope\" aria-hidden=\"true\"><\/i>\t\t\t\t\t\t\t<\/span>\n\t\t\t\t\t\t\t\t\t\t\t\t\t\t\t\t\t\t\t\t<\/div>\n\t\t\t\t\t<\/div>\n\t\t\t\t\t\t<\/div>\n\t\t\t\t\t\t<\/div>\n\t\t\t\t<\/div>\n\t\t\t\t\t<\/div>\n\t\t<\/div>\n\t\t\t\t\t<\/div>\n\t\t<\/section>\n\t\t\t\t<\/div>\n\t\t","protected":false},"excerpt":{"rendered":"<p>As Garzas (A Coru\u00f1a) compleix absolutament l&#8217;ideal d&#8217;un turista tranquil: bon menjar, ben estar i un entorn fabul\u00f3s, mirant-li la cara a l&#8217;Oce\u00e0 Atl\u00e0ntic des dels seus finestrals. La Costa &#8230; <a title=\"As Garzas. Costa da Morte\" class=\"read-more\" href=\"https:\/\/www.elturistatranquil.com\/ca\/costa-da-morte-as-garzas\/\" aria-label=\"M\u00e9s informaci\u00f3 sobre As Garzas. Costa da Morte\">[ &#8230; ]<\/a><\/p>\n","protected":false},"author":1,"featured_media":710,"comment_status":"open","ping_status":"closed","sticky":false,"template":"","format":"standard","meta":{"footnotes":""},"categories":[121,84,102,108],"tags":[],"class_list":["post-937","post","type-post","status-publish","format-standard","has-post-thumbnail","hentry","category-a-coruna-ca-2","category-hotel-ca","category-restaurant","category-turisme-tranquil","infinite-scroll-item","generate-columns","tablet-grid-50","mobile-grid-100","grid-parent","grid-50","no-featured-image-padding"],"yoast_head":"<!-- This site is optimized with the Yoast SEO plugin v27.4 - https:\/\/yoast.com\/product\/yoast-seo-wordpress\/ -->\n<title>Costa da Morte: Restaurant-Allotjament As Garzas - El turista tranquil<\/title>\n<meta name=\"description\" content=\"As Garzas (A Coru\u00f1a) compleix absolutament l&#039;ideal d&#039;un turista tranquil: bon menjar, ben estar i un entorn fabul\u00f3s, mirant-li la cara a l&#039;Oce\u00e0 Atl\u00e0ntic des dels seus finestrals. La Costa da Morte ser\u00e0 l&#039;\u00e0mbit de les nostres correries pel territori, podent escapar-nos a Santiago o A Coru\u00f1a.\" \/>\n<meta name=\"robots\" content=\"index, follow, max-snippet:-1, max-image-preview:large, max-video-preview:-1\" \/>\n<link rel=\"canonical\" href=\"https:\/\/www.elturistatranquil.com\/ca\/costa-da-morte-as-garzas\/\" \/>\n<meta property=\"og:locale\" content=\"ca_ES\" \/>\n<meta property=\"og:type\" content=\"article\" \/>\n<meta property=\"og:title\" content=\"Costa da Morte: Restaurant-Allotjament As Garzas - El turista tranquil\" \/>\n<meta property=\"og:description\" content=\"As Garzas (A Coru\u00f1a) compleix absolutament l&#039;ideal d&#039;un turista tranquil: bon menjar, ben estar i un entorn fabul\u00f3s, mirant-li la cara a l&#039;Oce\u00e0 Atl\u00e0ntic des dels seus finestrals. La Costa da Morte ser\u00e0 l&#039;\u00e0mbit de les nostres correries pel territori, podent escapar-nos a Santiago o A Coru\u00f1a.\" \/>\n<meta property=\"og:url\" content=\"https:\/\/www.elturistatranquil.com\/ca\/costa-da-morte-as-garzas\/\" \/>\n<meta property=\"og:site_name\" content=\"El turista tranquil\" \/>\n<meta property=\"article:publisher\" content=\"https:\/\/www.facebook.com\/elturistatranquilo\/\" \/>\n<meta property=\"article:published_time\" content=\"2018-03-07T08:53:05+00:00\" \/>\n<meta property=\"article:modified_time\" content=\"2021-09-02T14:02:22+00:00\" \/>\n<meta property=\"og:image\" content=\"https:\/\/www.elturistatranquil.com\/wp-content\/uploads\/F0-Porto-de-Barizo.jpg\" \/>\n\t<meta property=\"og:image:width\" content=\"800\" \/>\n\t<meta property=\"og:image:height\" content=\"534\" \/>\n\t<meta property=\"og:image:type\" content=\"image\/jpeg\" \/>\n<meta name=\"author\" content=\"admin\" \/>\n<meta name=\"twitter:card\" content=\"summary_large_image\" \/>\n<meta name=\"twitter:label1\" content=\"Escrit per\" \/>\n\t<meta name=\"twitter:data1\" content=\"admin\" \/>\n\t<meta name=\"twitter:label2\" content=\"Temps estimat de lectura\" \/>\n\t<meta name=\"twitter:data2\" content=\"35 minuts\" \/>\n<script type=\"application\/ld+json\" class=\"yoast-schema-graph\">{\"@context\":\"https:\\\/\\\/schema.org\",\"@graph\":[{\"@type\":\"Article\",\"@id\":\"https:\\\/\\\/www.elturistatranquil.com\\\/ca\\\/costa-da-morte-as-garzas\\\/#article\",\"isPartOf\":{\"@id\":\"https:\\\/\\\/www.elturistatranquil.com\\\/ca\\\/costa-da-morte-as-garzas\\\/\"},\"author\":{\"name\":\"admin\",\"@id\":\"https:\\\/\\\/www.elturistatranquil.com\\\/ca\\\/#\\\/schema\\\/person\\\/16f607c3079b96ed0c530a52e6b58bb5\"},\"headline\":\"As Garzas. Costa da Morte\",\"datePublished\":\"2018-03-07T08:53:05+00:00\",\"dateModified\":\"2021-09-02T14:02:22+00:00\",\"mainEntityOfPage\":{\"@id\":\"https:\\\/\\\/www.elturistatranquil.com\\\/ca\\\/costa-da-morte-as-garzas\\\/\"},\"wordCount\":4889,\"commentCount\":0,\"image\":{\"@id\":\"https:\\\/\\\/www.elturistatranquil.com\\\/ca\\\/costa-da-morte-as-garzas\\\/#primaryimage\"},\"thumbnailUrl\":\"https:\\\/\\\/www.elturistatranquil.com\\\/wp-content\\\/uploads\\\/F0-Porto-de-Barizo.jpg\",\"articleSection\":[\"A Coru\u00f1a\",\"Hotel, Allotjament\",\"Restaurant\",\"Turisme tranquil\"],\"inLanguage\":\"ca\",\"potentialAction\":[{\"@type\":\"CommentAction\",\"name\":\"Comment\",\"target\":[\"https:\\\/\\\/www.elturistatranquil.com\\\/ca\\\/costa-da-morte-as-garzas\\\/#respond\"]}]},{\"@type\":\"WebPage\",\"@id\":\"https:\\\/\\\/www.elturistatranquil.com\\\/ca\\\/costa-da-morte-as-garzas\\\/\",\"url\":\"https:\\\/\\\/www.elturistatranquil.com\\\/ca\\\/costa-da-morte-as-garzas\\\/\",\"name\":\"Costa da Morte: Restaurant-Allotjament As Garzas - El turista tranquil\",\"isPartOf\":{\"@id\":\"https:\\\/\\\/www.elturistatranquil.com\\\/ca\\\/#website\"},\"primaryImageOfPage\":{\"@id\":\"https:\\\/\\\/www.elturistatranquil.com\\\/ca\\\/costa-da-morte-as-garzas\\\/#primaryimage\"},\"image\":{\"@id\":\"https:\\\/\\\/www.elturistatranquil.com\\\/ca\\\/costa-da-morte-as-garzas\\\/#primaryimage\"},\"thumbnailUrl\":\"https:\\\/\\\/www.elturistatranquil.com\\\/wp-content\\\/uploads\\\/F0-Porto-de-Barizo.jpg\",\"datePublished\":\"2018-03-07T08:53:05+00:00\",\"dateModified\":\"2021-09-02T14:02:22+00:00\",\"author\":{\"@id\":\"https:\\\/\\\/www.elturistatranquil.com\\\/ca\\\/#\\\/schema\\\/person\\\/16f607c3079b96ed0c530a52e6b58bb5\"},\"description\":\"As Garzas (A Coru\u00f1a) compleix absolutament l'ideal d'un turista tranquil: bon menjar, ben estar i un entorn fabul\u00f3s, mirant-li la cara a l'Oce\u00e0 Atl\u00e0ntic des dels seus finestrals. La Costa da Morte ser\u00e0 l'\u00e0mbit de les nostres correries pel territori, podent escapar-nos a Santiago o A Coru\u00f1a.\",\"breadcrumb\":{\"@id\":\"https:\\\/\\\/www.elturistatranquil.com\\\/ca\\\/costa-da-morte-as-garzas\\\/#breadcrumb\"},\"inLanguage\":\"ca\",\"potentialAction\":[{\"@type\":\"ReadAction\",\"target\":[\"https:\\\/\\\/www.elturistatranquil.com\\\/ca\\\/costa-da-morte-as-garzas\\\/\"]}]},{\"@type\":\"ImageObject\",\"inLanguage\":\"ca\",\"@id\":\"https:\\\/\\\/www.elturistatranquil.com\\\/ca\\\/costa-da-morte-as-garzas\\\/#primaryimage\",\"url\":\"https:\\\/\\\/www.elturistatranquil.com\\\/wp-content\\\/uploads\\\/F0-Porto-de-Barizo.jpg\",\"contentUrl\":\"https:\\\/\\\/www.elturistatranquil.com\\\/wp-content\\\/uploads\\\/F0-Porto-de-Barizo.jpg\",\"width\":800,\"height\":534,\"caption\":\"As Garzas en primer t\u00e9rmino. Al fondo las Islas Sisargas\"},{\"@type\":\"BreadcrumbList\",\"@id\":\"https:\\\/\\\/www.elturistatranquil.com\\\/ca\\\/costa-da-morte-as-garzas\\\/#breadcrumb\",\"itemListElement\":[{\"@type\":\"ListItem\",\"position\":1,\"name\":\"Portada\",\"item\":\"https:\\\/\\\/www.elturistatranquil.com\\\/ca\\\/\"},{\"@type\":\"ListItem\",\"position\":2,\"name\":\"As Garzas. Costa da Morte\"}]},{\"@type\":\"WebSite\",\"@id\":\"https:\\\/\\\/www.elturistatranquil.com\\\/ca\\\/#website\",\"url\":\"https:\\\/\\\/www.elturistatranquil.com\\\/ca\\\/\",\"name\":\"El turista tranquil\",\"description\":\"Blog de viatges\",\"potentialAction\":[{\"@type\":\"SearchAction\",\"target\":{\"@type\":\"EntryPoint\",\"urlTemplate\":\"https:\\\/\\\/www.elturistatranquil.com\\\/ca\\\/?s={search_term_string}\"},\"query-input\":{\"@type\":\"PropertyValueSpecification\",\"valueRequired\":true,\"valueName\":\"search_term_string\"}}],\"inLanguage\":\"ca\"},{\"@type\":\"Person\",\"@id\":\"https:\\\/\\\/www.elturistatranquil.com\\\/ca\\\/#\\\/schema\\\/person\\\/16f607c3079b96ed0c530a52e6b58bb5\",\"name\":\"admin\",\"image\":{\"@type\":\"ImageObject\",\"inLanguage\":\"ca\",\"@id\":\"https:\\\/\\\/secure.gravatar.com\\\/avatar\\\/1fbaf22aee75fcbb29a2f97b107f95d25d3a19b7c3416105be10269872673e8d?s=96&d=mm&r=g\",\"url\":\"https:\\\/\\\/secure.gravatar.com\\\/avatar\\\/1fbaf22aee75fcbb29a2f97b107f95d25d3a19b7c3416105be10269872673e8d?s=96&d=mm&r=g\",\"contentUrl\":\"https:\\\/\\\/secure.gravatar.com\\\/avatar\\\/1fbaf22aee75fcbb29a2f97b107f95d25d3a19b7c3416105be10269872673e8d?s=96&d=mm&r=g\",\"caption\":\"admin\"}}]}<\/script>\n<!-- \/ Yoast SEO plugin. -->","yoast_head_json":{"title":"Costa da Morte: Restaurant-Allotjament As Garzas - El turista tranquil","description":"As Garzas (A Coru\u00f1a) compleix absolutament l'ideal d'un turista tranquil: bon menjar, ben estar i un entorn fabul\u00f3s, mirant-li la cara a l'Oce\u00e0 Atl\u00e0ntic des dels seus finestrals. La Costa da Morte ser\u00e0 l'\u00e0mbit de les nostres correries pel territori, podent escapar-nos a Santiago o A Coru\u00f1a.","robots":{"index":"index","follow":"follow","max-snippet":"max-snippet:-1","max-image-preview":"max-image-preview:large","max-video-preview":"max-video-preview:-1"},"canonical":"https:\/\/www.elturistatranquil.com\/ca\/costa-da-morte-as-garzas\/","og_locale":"ca_ES","og_type":"article","og_title":"Costa da Morte: Restaurant-Allotjament As Garzas - El turista tranquil","og_description":"As Garzas (A Coru\u00f1a) compleix absolutament l'ideal d'un turista tranquil: bon menjar, ben estar i un entorn fabul\u00f3s, mirant-li la cara a l'Oce\u00e0 Atl\u00e0ntic des dels seus finestrals. La Costa da Morte ser\u00e0 l'\u00e0mbit de les nostres correries pel territori, podent escapar-nos a Santiago o A Coru\u00f1a.","og_url":"https:\/\/www.elturistatranquil.com\/ca\/costa-da-morte-as-garzas\/","og_site_name":"El turista tranquil","article_publisher":"https:\/\/www.facebook.com\/elturistatranquilo\/","article_published_time":"2018-03-07T08:53:05+00:00","article_modified_time":"2021-09-02T14:02:22+00:00","og_image":[{"width":800,"height":534,"url":"https:\/\/www.elturistatranquil.com\/wp-content\/uploads\/F0-Porto-de-Barizo.jpg","type":"image\/jpeg"}],"author":"admin","twitter_card":"summary_large_image","twitter_misc":{"Escrit per":"admin","Temps estimat de lectura":"35 minuts"},"schema":{"@context":"https:\/\/schema.org","@graph":[{"@type":"Article","@id":"https:\/\/www.elturistatranquil.com\/ca\/costa-da-morte-as-garzas\/#article","isPartOf":{"@id":"https:\/\/www.elturistatranquil.com\/ca\/costa-da-morte-as-garzas\/"},"author":{"name":"admin","@id":"https:\/\/www.elturistatranquil.com\/ca\/#\/schema\/person\/16f607c3079b96ed0c530a52e6b58bb5"},"headline":"As Garzas. Costa da Morte","datePublished":"2018-03-07T08:53:05+00:00","dateModified":"2021-09-02T14:02:22+00:00","mainEntityOfPage":{"@id":"https:\/\/www.elturistatranquil.com\/ca\/costa-da-morte-as-garzas\/"},"wordCount":4889,"commentCount":0,"image":{"@id":"https:\/\/www.elturistatranquil.com\/ca\/costa-da-morte-as-garzas\/#primaryimage"},"thumbnailUrl":"https:\/\/www.elturistatranquil.com\/wp-content\/uploads\/F0-Porto-de-Barizo.jpg","articleSection":["A Coru\u00f1a","Hotel, Allotjament","Restaurant","Turisme tranquil"],"inLanguage":"ca","potentialAction":[{"@type":"CommentAction","name":"Comment","target":["https:\/\/www.elturistatranquil.com\/ca\/costa-da-morte-as-garzas\/#respond"]}]},{"@type":"WebPage","@id":"https:\/\/www.elturistatranquil.com\/ca\/costa-da-morte-as-garzas\/","url":"https:\/\/www.elturistatranquil.com\/ca\/costa-da-morte-as-garzas\/","name":"Costa da Morte: Restaurant-Allotjament As Garzas - El turista tranquil","isPartOf":{"@id":"https:\/\/www.elturistatranquil.com\/ca\/#website"},"primaryImageOfPage":{"@id":"https:\/\/www.elturistatranquil.com\/ca\/costa-da-morte-as-garzas\/#primaryimage"},"image":{"@id":"https:\/\/www.elturistatranquil.com\/ca\/costa-da-morte-as-garzas\/#primaryimage"},"thumbnailUrl":"https:\/\/www.elturistatranquil.com\/wp-content\/uploads\/F0-Porto-de-Barizo.jpg","datePublished":"2018-03-07T08:53:05+00:00","dateModified":"2021-09-02T14:02:22+00:00","author":{"@id":"https:\/\/www.elturistatranquil.com\/ca\/#\/schema\/person\/16f607c3079b96ed0c530a52e6b58bb5"},"description":"As Garzas (A Coru\u00f1a) compleix absolutament l'ideal d'un turista tranquil: bon menjar, ben estar i un entorn fabul\u00f3s, mirant-li la cara a l'Oce\u00e0 Atl\u00e0ntic des dels seus finestrals. La Costa da Morte ser\u00e0 l'\u00e0mbit de les nostres correries pel territori, podent escapar-nos a Santiago o A Coru\u00f1a.","breadcrumb":{"@id":"https:\/\/www.elturistatranquil.com\/ca\/costa-da-morte-as-garzas\/#breadcrumb"},"inLanguage":"ca","potentialAction":[{"@type":"ReadAction","target":["https:\/\/www.elturistatranquil.com\/ca\/costa-da-morte-as-garzas\/"]}]},{"@type":"ImageObject","inLanguage":"ca","@id":"https:\/\/www.elturistatranquil.com\/ca\/costa-da-morte-as-garzas\/#primaryimage","url":"https:\/\/www.elturistatranquil.com\/wp-content\/uploads\/F0-Porto-de-Barizo.jpg","contentUrl":"https:\/\/www.elturistatranquil.com\/wp-content\/uploads\/F0-Porto-de-Barizo.jpg","width":800,"height":534,"caption":"As Garzas en primer t\u00e9rmino. Al fondo las Islas Sisargas"},{"@type":"BreadcrumbList","@id":"https:\/\/www.elturistatranquil.com\/ca\/costa-da-morte-as-garzas\/#breadcrumb","itemListElement":[{"@type":"ListItem","position":1,"name":"Portada","item":"https:\/\/www.elturistatranquil.com\/ca\/"},{"@type":"ListItem","position":2,"name":"As Garzas. Costa da Morte"}]},{"@type":"WebSite","@id":"https:\/\/www.elturistatranquil.com\/ca\/#website","url":"https:\/\/www.elturistatranquil.com\/ca\/","name":"El turista tranquil","description":"Blog de viatges","potentialAction":[{"@type":"SearchAction","target":{"@type":"EntryPoint","urlTemplate":"https:\/\/www.elturistatranquil.com\/ca\/?s={search_term_string}"},"query-input":{"@type":"PropertyValueSpecification","valueRequired":true,"valueName":"search_term_string"}}],"inLanguage":"ca"},{"@type":"Person","@id":"https:\/\/www.elturistatranquil.com\/ca\/#\/schema\/person\/16f607c3079b96ed0c530a52e6b58bb5","name":"admin","image":{"@type":"ImageObject","inLanguage":"ca","@id":"https:\/\/secure.gravatar.com\/avatar\/1fbaf22aee75fcbb29a2f97b107f95d25d3a19b7c3416105be10269872673e8d?s=96&d=mm&r=g","url":"https:\/\/secure.gravatar.com\/avatar\/1fbaf22aee75fcbb29a2f97b107f95d25d3a19b7c3416105be10269872673e8d?s=96&d=mm&r=g","contentUrl":"https:\/\/secure.gravatar.com\/avatar\/1fbaf22aee75fcbb29a2f97b107f95d25d3a19b7c3416105be10269872673e8d?s=96&d=mm&r=g","caption":"admin"}}]}},"_links":{"self":[{"href":"https:\/\/www.elturistatranquil.com\/ca\/wp-json\/wp\/v2\/posts\/937","targetHints":{"allow":["GET"]}}],"collection":[{"href":"https:\/\/www.elturistatranquil.com\/ca\/wp-json\/wp\/v2\/posts"}],"about":[{"href":"https:\/\/www.elturistatranquil.com\/ca\/wp-json\/wp\/v2\/types\/post"}],"author":[{"embeddable":true,"href":"https:\/\/www.elturistatranquil.com\/ca\/wp-json\/wp\/v2\/users\/1"}],"replies":[{"embeddable":true,"href":"https:\/\/www.elturistatranquil.com\/ca\/wp-json\/wp\/v2\/comments?post=937"}],"version-history":[{"count":1,"href":"https:\/\/www.elturistatranquil.com\/ca\/wp-json\/wp\/v2\/posts\/937\/revisions"}],"predecessor-version":[{"id":33477,"href":"https:\/\/www.elturistatranquil.com\/ca\/wp-json\/wp\/v2\/posts\/937\/revisions\/33477"}],"wp:featuredmedia":[{"embeddable":true,"href":"https:\/\/www.elturistatranquil.com\/ca\/wp-json\/wp\/v2\/media\/710"}],"wp:attachment":[{"href":"https:\/\/www.elturistatranquil.com\/ca\/wp-json\/wp\/v2\/media?parent=937"}],"wp:term":[{"taxonomy":"category","embeddable":true,"href":"https:\/\/www.elturistatranquil.com\/ca\/wp-json\/wp\/v2\/categories?post=937"},{"taxonomy":"post_tag","embeddable":true,"href":"https:\/\/www.elturistatranquil.com\/ca\/wp-json\/wp\/v2\/tags?post=937"}],"curies":[{"name":"wp","href":"https:\/\/api.w.org\/{rel}","templated":true}]}}