{"id":9416,"date":"2018-11-15T19:07:29","date_gmt":"2018-11-15T18:07:29","guid":{"rendered":"https:\/\/www.elturistatranquil.com\/?p=9416"},"modified":"2020-06-18T12:29:16","modified_gmt":"2020-06-18T10:29:16","slug":"vil%c2%b7la-romana-el-ruedo","status":"publish","type":"post","link":"https:\/\/www.elturistatranquil.com\/ca\/vil%c2%b7la-romana-el-ruedo\/","title":{"rendered":"Vil\u00b7la romana El Ruedo (C\u00f2rdova)"},"content":{"rendered":"\t\t<div data-elementor-type=\"wp-post\" data-elementor-id=\"9416\" class=\"elementor elementor-9416 elementor-9230 elementor-bc-flex-widget\" data-elementor-post-type=\"post\">\n\t\t\t\t\t\t<section class=\"elementor-section elementor-top-section elementor-element elementor-element-16bd35d4 elementor-section-boxed elementor-section-height-default elementor-section-height-default\" data-id=\"16bd35d4\" data-element_type=\"section\" data-e-type=\"section\">\n\t\t\t\t\t\t<div class=\"elementor-container elementor-column-gap-default\">\n\t\t\t\t\t<div class=\"elementor-column elementor-col-100 elementor-top-column elementor-element elementor-element-4d3977b5\" data-id=\"4d3977b5\" data-element_type=\"column\" data-e-type=\"column\">\n\t\t\t<div class=\"elementor-widget-wrap elementor-element-populated\">\n\t\t\t\t\t\t<section class=\"elementor-section elementor-inner-section elementor-element elementor-element-61bb708d elementor-section-content-middle elementor-section-boxed elementor-section-height-default elementor-section-height-default\" data-id=\"61bb708d\" data-element_type=\"section\" data-e-type=\"section\">\n\t\t\t\t\t\t<div class=\"elementor-container elementor-column-gap-default\">\n\t\t\t\t\t<div class=\"elementor-column elementor-col-100 elementor-inner-column elementor-element elementor-element-2c42ead2\" data-id=\"2c42ead2\" data-element_type=\"column\" data-e-type=\"column\">\n\t\t\t<div class=\"elementor-widget-wrap elementor-element-populated\">\n\t\t\t\t\t\t<div class=\"elementor-element elementor-element-626e2e70 elementor-widget elementor-widget-text-editor\" data-id=\"626e2e70\" data-element_type=\"widget\" data-e-type=\"widget\" data-widget_type=\"text-editor.default\">\n\t\t\t\t<div class=\"elementor-widget-container\">\n\t\t\t\t\t\t\t\t\t<p>La important pres\u00e8ncia romana a La Subb\u00e8tica presenta un magn\u00edfic exemple en la <em>Vil\u00b7la romana El Ruedo<\/em> a Almedinilla (C\u00f2rdova) amb la seva muse\u00eftzaci\u00f3 en el Museu Hist\u00f2ric-Arqueol\u00f2gic local.<\/p>\t\t\t\t\t\t\t\t<\/div>\n\t\t\t\t<\/div>\n\t\t\t\t\t<\/div>\n\t\t<\/div>\n\t\t\t\t\t<\/div>\n\t\t<\/section>\n\t\t\t\t<div class=\"elementor-element elementor-element-a61c6f9 elementor-widget elementor-widget-heading\" data-id=\"a61c6f9\" data-element_type=\"widget\" data-e-type=\"widget\" data-widget_type=\"heading.default\">\n\t\t\t\t<div class=\"elementor-widget-container\">\n\t\t\t\t\t<h1 class=\"elementor-heading-title elementor-size-default\">Vil\u00b7la romana El Ruedo<\/h1>\t\t\t\t<\/div>\n\t\t\t\t<\/div>\n\t\t\t\t\t<\/div>\n\t\t<\/div>\n\t\t\t\t\t<\/div>\n\t\t<\/section>\n\t\t\t\t<section class=\"elementor-section elementor-top-section elementor-element elementor-element-4530e217 elementor-section-boxed elementor-section-height-default elementor-section-height-default\" data-id=\"4530e217\" data-element_type=\"section\" data-e-type=\"section\">\n\t\t\t\t\t\t<div class=\"elementor-container elementor-column-gap-default\">\n\t\t\t\t\t<div class=\"elementor-column elementor-col-100 elementor-top-column elementor-element elementor-element-1d783d57\" data-id=\"1d783d57\" data-element_type=\"column\" data-e-type=\"column\">\n\t\t\t<div class=\"elementor-widget-wrap elementor-element-populated\">\n\t\t\t\t\t\t<div class=\"elementor-element elementor-element-f338a8d elementor-widget elementor-widget-image\" data-id=\"f338a8d\" data-element_type=\"widget\" data-e-type=\"widget\" data-widget_type=\"image.default\">\n\t\t\t\t<div class=\"elementor-widget-container\">\n\t\t\t\t\t\t\t\t\t\t\t\t<figure class=\"wp-caption\">\n\t\t\t\t\t\t\t\t\t\t<img fetchpriority=\"high\" decoding=\"async\" width=\"800\" height=\"533\" src=\"https:\/\/www.elturistatranquil.com\/wp-content\/uploads\/F01-Museo-Historico-Arqueologico-Almedinilla-1.jpg\" class=\"attachment-large size-large wp-image-9418\" alt=\"\" srcset=\"https:\/\/www.elturistatranquil.com\/wp-content\/uploads\/F01-Museo-Historico-Arqueologico-Almedinilla-1.jpg 800w, https:\/\/www.elturistatranquil.com\/wp-content\/uploads\/F01-Museo-Historico-Arqueologico-Almedinilla-1-768x512.jpg 768w\" sizes=\"(max-width: 800px) 100vw, 800px\" \/>\t\t\t\t\t\t\t\t\t\t\t<figcaption class=\"widget-image-caption wp-caption-text\">Escultura d'Hypnos en el Museu Hist\u00f2ric-Arqueol\u00f2gic de Almedinilla<\/figcaption>\n\t\t\t\t\t\t\t\t\t\t<\/figure>\n\t\t\t\t\t\t\t\t\t<\/div>\n\t\t\t\t<\/div>\n\t\t\t\t<div class=\"elementor-element elementor-element-685ee6c0 elementor-widget elementor-widget-spacer\" data-id=\"685ee6c0\" data-element_type=\"widget\" data-e-type=\"widget\" data-widget_type=\"spacer.default\">\n\t\t\t\t<div class=\"elementor-widget-container\">\n\t\t\t\t\t\t\t<div class=\"elementor-spacer\">\n\t\t\t<div class=\"elementor-spacer-inner\"><\/div>\n\t\t<\/div>\n\t\t\t\t\t\t<\/div>\n\t\t\t\t<\/div>\n\t\t\t\t<div class=\"elementor-element elementor-element-46dfbc2a elementor-widget elementor-widget-heading\" data-id=\"46dfbc2a\" data-element_type=\"widget\" data-e-type=\"widget\" data-widget_type=\"heading.default\">\n\t\t\t\t<div class=\"elementor-widget-container\">\n\t\t\t\t\t<h2 class=\"elementor-heading-title elementor-size-default\">Vil\u00b7la romana El Ruedo. Almedinilla. C\u00f2rdova<\/h2>\t\t\t\t<\/div>\n\t\t\t\t<\/div>\n\t\t\t\t<section class=\"elementor-section elementor-inner-section elementor-element elementor-element-3d3beb58 elementor-section-boxed elementor-section-height-default elementor-section-height-default\" data-id=\"3d3beb58\" data-element_type=\"section\" data-e-type=\"section\" data-settings=\"{&quot;background_background&quot;:&quot;classic&quot;}\">\n\t\t\t\t\t\t\t<div class=\"elementor-background-overlay\"><\/div>\n\t\t\t\t\t\t\t<div class=\"elementor-container elementor-column-gap-default\">\n\t\t\t\t\t<div class=\"elementor-column elementor-col-100 elementor-inner-column elementor-element elementor-element-1bf48aaa\" data-id=\"1bf48aaa\" data-element_type=\"column\" data-e-type=\"column\" data-settings=\"{&quot;background_background&quot;:&quot;classic&quot;}\">\n\t\t\t<div class=\"elementor-widget-wrap elementor-element-populated\">\n\t\t\t\t\t\t<div class=\"elementor-element elementor-element-4fb821a1 elementor-widget elementor-widget-text-editor\" data-id=\"4fb821a1\" data-element_type=\"widget\" data-e-type=\"widget\" data-widget_type=\"text-editor.default\">\n\t\t\t\t<div class=\"elementor-widget-container\">\n\t\t\t\t\t\t\t\t\t<p>Carretera A-339, km 37. Municipi: Almedinilla. Comarca: La Subb\u00e8tica. Prov\u00edncia: C\u00f2rdova. Com. Aut\u00f2noma: Andalusia<\/p>\t\t\t\t\t\t\t\t<\/div>\n\t\t\t\t<\/div>\n\t\t\t\t<div class=\"elementor-element elementor-element-69a41f76 elementor-widget elementor-widget-text-editor\" data-id=\"69a41f76\" data-element_type=\"widget\" data-e-type=\"widget\" data-widget_type=\"text-editor.default\">\n\t\t\t\t<div class=\"elementor-widget-container\">\n\t\t\t\t\t\t\t\t\t<p>Coordenades: 37\u00b026\u203234\u2033N 4\u00b005\u203226\u2033O<\/p>\t\t\t\t\t\t\t\t<\/div>\n\t\t\t\t<\/div>\n\t\t\t\t<div class=\"elementor-element elementor-element-555d7392 elementor-widget elementor-widget-text-editor\" data-id=\"555d7392\" data-element_type=\"widget\" data-e-type=\"widget\" data-widget_type=\"text-editor.default\">\n\t\t\t\t<div class=\"elementor-widget-container\">\n\t\t\t\t\t\t\t\t\t<p>Web: <a href=\"https:\/\/www.almedinillaturismo.es\/quevisitar\/villa-romana\" target=\"_blank\" rel=\"noopener\">Ayuntamiento. Villa romana<\/a><\/p>\t\t\t\t\t\t\t\t<\/div>\n\t\t\t\t<\/div>\n\t\t\t\t<div class=\"elementor-element elementor-element-309ba506 elementor-widget elementor-widget-text-editor\" data-id=\"309ba506\" data-element_type=\"widget\" data-e-type=\"widget\" data-widget_type=\"text-editor.default\">\n\t\t\t\t<div class=\"elementor-widget-container\">\n\t\t\t\t\t\t\t\t\t<p>B\u00e9 d&#8217;Inter\u00e8s Cultural, categoria Zona Arqueol\u00f2gica<\/p>\t\t\t\t\t\t\t\t<\/div>\n\t\t\t\t<\/div>\n\t\t\t\t<div class=\"elementor-element elementor-element-5d8d22d8 elementor-widget elementor-widget-text-editor\" data-id=\"5d8d22d8\" data-element_type=\"widget\" data-e-type=\"widget\" data-widget_type=\"text-editor.default\">\n\t\t\t\t<div class=\"elementor-widget-container\">\n\t\t\t\t\t\t\t\t\t<p>Visita: 2018<\/p>\t\t\t\t\t\t\t\t<\/div>\n\t\t\t\t<\/div>\n\t\t\t\t\t<\/div>\n\t\t<\/div>\n\t\t\t\t\t<\/div>\n\t\t<\/section>\n\t\t\t\t<div class=\"elementor-element elementor-element-1181b67 elementor-widget elementor-widget-image\" data-id=\"1181b67\" data-element_type=\"widget\" data-e-type=\"widget\" data-widget_type=\"image.default\">\n\t\t\t\t<div class=\"elementor-widget-container\">\n\t\t\t\t\t\t\t\t\t\t\t\t<figure class=\"wp-caption\">\n\t\t\t\t\t\t\t\t\t\t<img decoding=\"async\" width=\"768\" height=\"512\" src=\"https:\/\/www.elturistatranquil.com\/wp-content\/uploads\/F02-Villa-romana-El-Ruedo-Google-maps-2018-11-09-1-768x512.jpg\" class=\"attachment-medium_large size-medium_large wp-image-9420\" alt=\"\" srcset=\"https:\/\/www.elturistatranquil.com\/wp-content\/uploads\/F02-Villa-romana-El-Ruedo-Google-maps-2018-11-09-1-768x512.jpg 768w, https:\/\/www.elturistatranquil.com\/wp-content\/uploads\/F02-Villa-romana-El-Ruedo-Google-maps-2018-11-09-1.jpg 800w\" sizes=\"(max-width: 768px) 100vw, 768px\" \/>\t\t\t\t\t\t\t\t\t\t\t<figcaption class=\"widget-image-caption wp-caption-text\">Mapa de situaci\u00f3 de la Vil\u00b7la romana El Ruedo (Google maps 2018-11-09)<\/figcaption>\n\t\t\t\t\t\t\t\t\t\t<\/figure>\n\t\t\t\t\t\t\t\t\t<\/div>\n\t\t\t\t<\/div>\n\t\t\t\t<section class=\"elementor-section elementor-inner-section elementor-element elementor-element-79bc9e39 elementor-section-boxed elementor-section-height-default elementor-section-height-default\" data-id=\"79bc9e39\" data-element_type=\"section\" data-e-type=\"section\" data-settings=\"{&quot;background_background&quot;:&quot;classic&quot;}\">\n\t\t\t\t\t\t<div class=\"elementor-container elementor-column-gap-default\">\n\t\t\t\t\t<div class=\"elementor-column elementor-col-100 elementor-inner-column elementor-element elementor-element-2c3895c0\" data-id=\"2c3895c0\" data-element_type=\"column\" data-e-type=\"column\">\n\t\t\t<div class=\"elementor-widget-wrap elementor-element-populated\">\n\t\t\t\t\t\t<div class=\"elementor-element elementor-element-30a0960b elementor-widget elementor-widget-text-editor\" data-id=\"30a0960b\" data-element_type=\"widget\" data-e-type=\"widget\" data-widget_type=\"text-editor.default\">\n\t\t\t\t<div class=\"elementor-widget-container\">\n\t\t\t\t\t\t\t\t\t<h6><strong>\u00cdndex<\/strong><\/h6>\t\t\t\t\t\t\t\t<\/div>\n\t\t\t\t<\/div>\n\t\t\t\t<div class=\"elementor-element elementor-element-24134c34 elementor-widget elementor-widget-text-editor\" data-id=\"24134c34\" data-element_type=\"widget\" data-e-type=\"widget\" data-widget_type=\"text-editor.default\">\n\t\t\t\t<div class=\"elementor-widget-container\">\n\t\t\t\t\t\t\t\t\t<p><a href=\"https:\/\/www.elturistatranquil.com\/ca\/vil\u00b7la-romana-el-ruedo\/#b2501\">Vil\u00b7la romana El Ruedo. Almedinilla. C\u00f2rdova<\/a><\/p>\t\t\t\t\t\t\t\t<\/div>\n\t\t\t\t<\/div>\n\t\t\t\t<div class=\"elementor-element elementor-element-1a384035 elementor-widget elementor-widget-text-editor\" data-id=\"1a384035\" data-element_type=\"widget\" data-e-type=\"widget\" data-widget_type=\"text-editor.default\">\n\t\t\t\t<div class=\"elementor-widget-container\">\n\t\t\t\t\t\t\t\t\t<p><a href=\"https:\/\/www.elturistatranquil.com\/ca\/vil\u00b7la-romana-el-ruedo\/#b2502\">La Vil\u00b7la i el Museu<\/a><\/p>\t\t\t\t\t\t\t\t<\/div>\n\t\t\t\t<\/div>\n\t\t\t\t<div class=\"elementor-element elementor-element-3ff2e0cc elementor-widget elementor-widget-text-editor\" data-id=\"3ff2e0cc\" data-element_type=\"widget\" data-e-type=\"widget\" data-widget_type=\"text-editor.default\">\n\t\t\t\t<div class=\"elementor-widget-container\">\n\t\t\t\t\t\t\t\t\t<p><a href=\"https:\/\/www.elturistatranquil.com\/ca\/vil\u00b7la-romana-el-ruedo\/#b2503\">Hist\u00f2ria i territori<\/a><\/p>\t\t\t\t\t\t\t\t<\/div>\n\t\t\t\t<\/div>\n\t\t\t\t<div class=\"elementor-element elementor-element-13ec16c3 elementor-widget elementor-widget-text-editor\" data-id=\"13ec16c3\" data-element_type=\"widget\" data-e-type=\"widget\" data-widget_type=\"text-editor.default\">\n\t\t\t\t<div class=\"elementor-widget-container\">\n\t\t\t\t\t\t\t\t\t<p style=\"padding-left: 60px;\"><a href=\"https:\/\/www.elturistatranquil.com\/ca\/vil\u00b7la-romana-el-ruedo\/#b2504\">Romans del sud de C\u00f2rdova<\/a><\/p>\t\t\t\t\t\t\t\t<\/div>\n\t\t\t\t<\/div>\n\t\t\t\t<div class=\"elementor-element elementor-element-2f1f8436 elementor-widget elementor-widget-text-editor\" data-id=\"2f1f8436\" data-element_type=\"widget\" data-e-type=\"widget\" data-widget_type=\"text-editor.default\">\n\t\t\t\t<div class=\"elementor-widget-container\">\n\t\t\t\t\t\t\t\t\t<p><a href=\"https:\/\/www.elturistatranquil.com\/ca\/vil\u00b7la-romana-el-ruedo\/#b2505\">La Vil\u00b7la romana El Ruedo<\/a><\/p>\t\t\t\t\t\t\t\t<\/div>\n\t\t\t\t<\/div>\n\t\t\t\t<div class=\"elementor-element elementor-element-5d773644 elementor-widget elementor-widget-text-editor\" data-id=\"5d773644\" data-element_type=\"widget\" data-e-type=\"widget\" data-widget_type=\"text-editor.default\">\n\t\t\t\t<div class=\"elementor-widget-container\">\n\t\t\t\t\t\t\t\t\t<p><a href=\"https:\/\/www.elturistatranquil.com\/ca\/vil\u00b7la-romana-el-ruedo\/#b2506\">Fases constructives<\/a><\/p>\t\t\t\t\t\t\t\t<\/div>\n\t\t\t\t<\/div>\n\t\t\t\t<div class=\"elementor-element elementor-element-4a84717e elementor-widget elementor-widget-text-editor\" data-id=\"4a84717e\" data-element_type=\"widget\" data-e-type=\"widget\" data-widget_type=\"text-editor.default\">\n\t\t\t\t<div class=\"elementor-widget-container\">\n\t\t\t\t\t\t\t\t\t<p><a href=\"https:\/\/www.elturistatranquil.com\/ca\/vil\u00b7la-romana-el-ruedo\/#b2507\">Els espais de la Vil\u00b7la. Estances de El Ruedo<\/a><\/p>\t\t\t\t\t\t\t\t<\/div>\n\t\t\t\t<\/div>\n\t\t\t\t<div class=\"elementor-element elementor-element-75e55cea elementor-widget elementor-widget-text-editor\" data-id=\"75e55cea\" data-element_type=\"widget\" data-e-type=\"widget\" data-widget_type=\"text-editor.default\">\n\t\t\t\t<div class=\"elementor-widget-container\">\n\t\t\t\t\t\t\t\t\t<p style=\"padding-left: 60px;\"><a href=\"https:\/\/www.elturistatranquil.com\/ca\/vil\u00b7la-romana-el-ruedo\/#b2508\">\u201cPars urbana\u201d: Zona residencial<\/a><\/p>\t\t\t\t\t\t\t\t<\/div>\n\t\t\t\t<\/div>\n\t\t\t\t<div class=\"elementor-element elementor-element-33a0a306 elementor-widget elementor-widget-text-editor\" data-id=\"33a0a306\" data-element_type=\"widget\" data-e-type=\"widget\" data-widget_type=\"text-editor.default\">\n\t\t\t\t<div class=\"elementor-widget-container\">\n\t\t\t\t\t\t\t\t\t<p style=\"padding-left: 60px;\"><a href=\"https:\/\/www.elturistatranquil.com\/ca\/vil\u00b7la-romana-el-ruedo\/#b2509\">\u201cPars rustica\u201d: Zona productiva<\/a><\/p>\t\t\t\t\t\t\t\t<\/div>\n\t\t\t\t<\/div>\n\t\t\t\t<div class=\"elementor-element elementor-element-3a06e6b4 elementor-widget elementor-widget-menu-anchor\" data-id=\"3a06e6b4\" data-element_type=\"widget\" data-e-type=\"widget\" data-widget_type=\"menu-anchor.default\">\n\t\t\t\t<div class=\"elementor-widget-container\">\n\t\t\t\t\t\t\t<div class=\"elementor-menu-anchor\" id=\"b2501\"><\/div>\n\t\t\t\t\t\t<\/div>\n\t\t\t\t<\/div>\n\t\t\t\t<div class=\"elementor-element elementor-element-3a63b211 elementor-widget elementor-widget-text-editor\" data-id=\"3a63b211\" data-element_type=\"widget\" data-e-type=\"widget\" data-widget_type=\"text-editor.default\">\n\t\t\t\t<div class=\"elementor-widget-container\">\n\t\t\t\t\t\t\t\t\t<p><a href=\"https:\/\/www.elturistatranquil.com\/ca\/vil\u00b7la-romana-el-ruedo\/#b2510\">Escultures per decorar i pregar<\/a><\/p>\t\t\t\t\t\t\t\t<\/div>\n\t\t\t\t<\/div>\n\t\t\t\t<div class=\"elementor-element elementor-element-c666fa9 elementor-widget elementor-widget-text-editor\" data-id=\"c666fa9\" data-element_type=\"widget\" data-e-type=\"widget\" data-widget_type=\"text-editor.default\">\n\t\t\t\t<div class=\"elementor-widget-container\">\n\t\t\t\t\t\t\t\t\t<p><a href=\"https:\/\/www.elturistatranquil.com\/ca\/vil\u00b7la-romana-el-ruedo\/#b2511\">La dona: &#8220;Teixidora, casta, piadosa, modesta I reservada&#8221;<\/a><\/p>\t\t\t\t\t\t\t\t<\/div>\n\t\t\t\t<\/div>\n\t\t\t\t<div class=\"elementor-element elementor-element-53f82cb7 elementor-widget elementor-widget-text-editor\" data-id=\"53f82cb7\" data-element_type=\"widget\" data-e-type=\"widget\" data-widget_type=\"text-editor.default\">\n\t\t\t\t<div class=\"elementor-widget-container\">\n\t\t\t\t\t\t\t\t\t<p><a href=\"https:\/\/www.elturistatranquil.com\/ca\/vil\u00b7la-romana-el-ruedo\/#b2512\">La necr\u00f2polis. Pagans i cristians<\/a><\/p>\t\t\t\t\t\t\t\t<\/div>\n\t\t\t\t<\/div>\n\t\t\t\t<div class=\"elementor-element elementor-element-422b3d3a elementor-widget elementor-widget-text-editor\" data-id=\"422b3d3a\" data-element_type=\"widget\" data-e-type=\"widget\" data-widget_type=\"text-editor.default\">\n\t\t\t\t<div class=\"elementor-widget-container\">\n\t\t\t\t\t\t\t\t\t<p><a href=\"https:\/\/www.elturistatranquil.com\/ca\/vil\u00b7la-romana-el-ruedo\/#b2513\">Proyecto Fenix<\/a><\/p>\t\t\t\t\t\t\t\t<\/div>\n\t\t\t\t<\/div>\n\t\t\t\t<div class=\"elementor-element elementor-element-6bbf663f elementor-widget elementor-widget-text-editor\" data-id=\"6bbf663f\" data-element_type=\"widget\" data-e-type=\"widget\" data-widget_type=\"text-editor.default\">\n\t\t\t\t<div class=\"elementor-widget-container\">\n\t\t\t\t\t\t\t\t\t<p><a href=\"https:\/\/www.elturistatranquil.com\/ca\/vil\u00b7la-romana-el-ruedo\/#b2514\">Bases d&#8217;informaci\u00f3<\/a><\/p>\t\t\t\t\t\t\t\t<\/div>\n\t\t\t\t<\/div>\n\t\t\t\t\t<\/div>\n\t\t<\/div>\n\t\t\t\t\t<\/div>\n\t\t<\/section>\n\t\t\t\t<div class=\"elementor-element elementor-element-290710f1 elementor-widget elementor-widget-spacer\" data-id=\"290710f1\" data-element_type=\"widget\" data-e-type=\"widget\" data-widget_type=\"spacer.default\">\n\t\t\t\t<div class=\"elementor-widget-container\">\n\t\t\t\t\t\t\t<div class=\"elementor-spacer\">\n\t\t\t<div class=\"elementor-spacer-inner\"><\/div>\n\t\t<\/div>\n\t\t\t\t\t\t<\/div>\n\t\t\t\t<\/div>\n\t\t\t\t<div class=\"elementor-element elementor-element-d867000 elementor-widget elementor-widget-heading\" data-id=\"d867000\" data-element_type=\"widget\" data-e-type=\"widget\" data-widget_type=\"heading.default\">\n\t\t\t\t<div class=\"elementor-widget-container\">\n\t\t\t\t\t<h2 class=\"elementor-heading-title elementor-size-default\">Vil\u00b7la romana El Ruedo. Almedinilla. C\u00f2rdova<\/h2>\t\t\t\t<\/div>\n\t\t\t\t<\/div>\n\t\t\t\t<div class=\"elementor-element elementor-element-9d98ae2 elementor-widget elementor-widget-menu-anchor\" data-id=\"9d98ae2\" data-element_type=\"widget\" data-e-type=\"widget\" data-widget_type=\"menu-anchor.default\">\n\t\t\t\t<div class=\"elementor-widget-container\">\n\t\t\t\t\t\t\t<div class=\"elementor-menu-anchor\" id=\"b2502\"><\/div>\n\t\t\t\t\t\t<\/div>\n\t\t\t\t<\/div>\n\t\t\t\t<div class=\"elementor-element elementor-element-30344f0b elementor-widget elementor-widget-text-editor\" data-id=\"30344f0b\" data-element_type=\"widget\" data-e-type=\"widget\" data-widget_type=\"text-editor.default\">\n\t\t\t\t<div class=\"elementor-widget-container\">\n\t\t\t\t\t\t\t\t\t<p>Una de les joies que podem apreciar a Almedinilla \u00e9s el jaciment arqueol\u00f2gic de la <strong>Vil\u00b7la romana El Ruedo<\/strong>, complementat per l&#8217;exposici\u00f3 de les troballes arqueol\u00f2giques que es troben a la segona planta del <strong>Museu Hist\u00f2ric-Arqueol\u00f2gic de Almedinilla<\/strong>, convenientment muse\u00eftzades.<\/p><p>La Vil\u00b7la est\u00e0 localitzada en una de les entrades de Almedinilla per la carretera A-339, davant del <em>Centre de Recepci\u00f3 i Informaci\u00f3 Tur\u00edstica<\/em>, mentre que el Museu s&#8217;ubica a la zona de Fuente Ribera.<\/p><p>En el <em>Post<\/em> sobre <a href=\"https:\/\/www.elturistatranquil.com\/ca\/almedinilla\/\" target=\"_blank\" rel=\"noopener\">Almedinilla<\/a> vaig efectuar una presentaci\u00f3 general de tots dos \u00e0mbits. Aqu\u00ed \u00e9s el lloc per fer una presentaci\u00f3 m\u00e9s detallada.<\/p>\t\t\t\t\t\t\t\t<\/div>\n\t\t\t\t<\/div>\n\t\t\t\t<div class=\"elementor-element elementor-element-3d93e72a elementor-widget elementor-widget-heading\" data-id=\"3d93e72a\" data-element_type=\"widget\" data-e-type=\"widget\" data-widget_type=\"heading.default\">\n\t\t\t\t<div class=\"elementor-widget-container\">\n\t\t\t\t\t<h2 class=\"elementor-heading-title elementor-size-default\">La Vil\u00b7la i el Museu<\/h2>\t\t\t\t<\/div>\n\t\t\t\t<\/div>\n\t\t\t\t<div class=\"elementor-element elementor-element-43a41232 elementor-widget elementor-widget-text-editor\" data-id=\"43a41232\" data-element_type=\"widget\" data-e-type=\"widget\" data-widget_type=\"text-editor.default\">\n\t\t\t\t<div class=\"elementor-widget-container\">\n\t\t\t\t\t\t\t\t\t<p>En aquesta presentaci\u00f3 optar\u00e9 per oferir un tractament conjunt del contingut de tots dos \u00e0mbits, buscant vincular les diferents estances del recinte amb els objectes que probablement pugui correspondre, segons les cartel\u00b7les descriptives que els acompanyen al Museu.<\/p><p>Assenyalar que el jaciment arqueol\u00f2gic es troba en gran part protegit amb una coberta.<\/p><p>El primer aspecte a destacar \u00e9s la monumentalitat de les estructures que es conserven i la import\u00e0ncia dels elements decoratius, tant mosaics com pintures murals <em>in situ<\/em>. Complementat amb l&#8217;interessant i complex programa escult\u00f2ric reunit al Museu.<\/p><p>Un altre factor que contribueix a la import\u00e0ncia de la Vil\u00b7la El Ruedo \u00e9s el coneixement d&#8217;algun dels elements de la finca &#8211;<em>fundus<\/em>&#8211; que controlava, com ara premses d&#8217;oli, instal\u00b7lacions hidr\u00e0uliques, forns, camins, etc., al mateix temps que una interessant necr\u00f2polis amb m\u00e9s de 300 enterraments que pertanyia a una de les fases m\u00e9s tardanes de la Vil\u00b7la. Malauradament, aquests elements no es van poder salvar amb la construcci\u00f3 de la carretera. Nom\u00e9s queden elements documentals d&#8217;alguns d&#8217;ells. En descobrir-se El Ruedo, el m\u00e0xim que es va fer va ser desviar el tra\u00e7at previst, que afectava a una part de la Vil\u00b7la, a canvi de sacrificar la necr\u00f2polis i la zona fabril.<\/p><p>Una recreaci\u00f3 del conjunt ens permet fer-nos una idea de com havia de ser El Ruedo, i les necr\u00f2polis desaparegudes representades a la part superior i lateral esquerra.<\/p>\t\t\t\t\t\t\t\t<\/div>\n\t\t\t\t<\/div>\n\t\t\t\t<div class=\"elementor-element elementor-element-15ce2f8f elementor-widget elementor-widget-image\" data-id=\"15ce2f8f\" data-element_type=\"widget\" data-e-type=\"widget\" data-widget_type=\"image.default\">\n\t\t\t\t<div class=\"elementor-widget-container\">\n\t\t\t\t\t\t\t\t\t\t\t\t\t\t\t<img decoding=\"async\" width=\"691\" height=\"550\" src=\"https:\/\/www.elturistatranquil.com\/wp-content\/uploads\/F03-Villa-romana-El-Ruedo-Almedinilla-1.jpg\" class=\"attachment-large size-large wp-image-9422\" alt=\"\" \/>\t\t\t\t\t\t\t\t\t\t\t\t\t\t\t<\/div>\n\t\t\t\t<\/div>\n\t\t\t\t<div class=\"elementor-element elementor-element-5ca83dae elementor-widget elementor-widget-menu-anchor\" data-id=\"5ca83dae\" data-element_type=\"widget\" data-e-type=\"widget\" data-widget_type=\"menu-anchor.default\">\n\t\t\t\t<div class=\"elementor-widget-container\">\n\t\t\t\t\t\t\t<div class=\"elementor-menu-anchor\" id=\"b2503\"><\/div>\n\t\t\t\t\t\t<\/div>\n\t\t\t\t<\/div>\n\t\t\t\t<div class=\"elementor-element elementor-element-368b52c7 elementor-widget elementor-widget-text-editor\" data-id=\"368b52c7\" data-element_type=\"widget\" data-e-type=\"widget\" data-widget_type=\"text-editor.default\">\n\t\t\t\t<div class=\"elementor-widget-container\">\n\t\t\t\t\t\t\t\t\t<p>Vull assenyalar que una part important del contingut d&#8217;aquest Post es basar\u00e0 en la\u00a0<a href=\"https:\/\/www.iaph.es\/patrimonio-inmueble-andalucia\/resumen.do?id=i17263\" target=\"_blank\" rel=\"noopener\">fitxa de descripci\u00f3\u00a0<\/a>que efectua el <em>Patrimoni Immoble d&#8217;Andalusia<\/em>, aix\u00ed com els panells informatius del jaciment i del Museu.<\/p>\t\t\t\t\t\t\t\t<\/div>\n\t\t\t\t<\/div>\n\t\t\t\t<div class=\"elementor-element elementor-element-747a6d0b elementor-widget elementor-widget-heading\" data-id=\"747a6d0b\" data-element_type=\"widget\" data-e-type=\"widget\" data-widget_type=\"heading.default\">\n\t\t\t\t<div class=\"elementor-widget-container\">\n\t\t\t\t\t<h2 class=\"elementor-heading-title elementor-size-default\">Hist\u00f2ria i territori<\/h2>\t\t\t\t<\/div>\n\t\t\t\t<\/div>\n\t\t\t\t<div class=\"elementor-element elementor-element-4ac369b elementor-widget elementor-widget-menu-anchor\" data-id=\"4ac369b\" data-element_type=\"widget\" data-e-type=\"widget\" data-widget_type=\"menu-anchor.default\">\n\t\t\t\t<div class=\"elementor-widget-container\">\n\t\t\t\t\t\t\t<div class=\"elementor-menu-anchor\" id=\"b2504\"><\/div>\n\t\t\t\t\t\t<\/div>\n\t\t\t\t<\/div>\n\t\t\t\t<div class=\"elementor-element elementor-element-6104634b elementor-widget elementor-widget-text-editor\" data-id=\"6104634b\" data-element_type=\"widget\" data-e-type=\"widget\" data-widget_type=\"text-editor.default\">\n\t\t\t\t<div class=\"elementor-widget-container\">\n\t\t\t\t\t\t\t\t\t<p>Segons els resultats de les investigacions arqueol\u00f2giques, la Vil\u00b7la va estar en \u00fas entre els segles I i VI de la nostra era, encara que assenyalen que pugui estendre\u2019s fins al segle VIII.<\/p><p>Amb la romanitzaci\u00f3, s&#8217;assisteix a un fenomen cultural, social i econ\u00f2mic, mitjan\u00e7ant el qual el poble ind\u00edgena iber assimila les formes de vida i cultura dels conqueridors romans.<\/p><p>Roma va impulsar un desenvolupament tecnol\u00f2gic, econ\u00f2mic i cultural desconegut fins al moment: vies de comunicaci\u00f3, aprofitament intensiu del s\u00f2l agr\u00edcola i miner, creaci\u00f3 liter\u00e0ria i art\u00edstica, auge del comer\u00e7.<\/p><p>Tot aix\u00f2 va ser conseq\u00fc\u00e8ncia del desenvolupament de les ciutats &#8211;<em>civitates<\/em>&#8211; i de l&#8217;urbanisme, veritables creadors de la civilitzaci\u00f3 romana.<\/p><p>La vida rural tamb\u00e9 s&#8217;est\u00e9n a partir de les <em>villae<\/em>, unitats d&#8217;explotaci\u00f3 agropecu\u00e0ries, esp\u00e8cie de masos o <em>cortijos<\/em>, que exploten una propietat o <em>fundus<\/em>.<\/p><p>El camp \u00e9s la font de riquesa i subministraments per a la ciutat, i d&#8217;aqu\u00ed la import\u00e0ncia que adquireixen les <em>villae<\/em> com la de El Ruedo.<\/p>\t\t\t\t\t\t\t\t<\/div>\n\t\t\t\t<\/div>\n\t\t\t\t<div class=\"elementor-element elementor-element-4e05e883 elementor-widget elementor-widget-heading\" data-id=\"4e05e883\" data-element_type=\"widget\" data-e-type=\"widget\" data-widget_type=\"heading.default\">\n\t\t\t\t<div class=\"elementor-widget-container\">\n\t\t\t\t\t<h3 class=\"elementor-heading-title elementor-size-default\">Romans del sud de C\u00f2rdova<\/h3>\t\t\t\t<\/div>\n\t\t\t\t<\/div>\n\t\t\t\t<div class=\"elementor-element elementor-element-2c46379 elementor-widget elementor-widget-menu-anchor\" data-id=\"2c46379\" data-element_type=\"widget\" data-e-type=\"widget\" data-widget_type=\"menu-anchor.default\">\n\t\t\t\t<div class=\"elementor-widget-container\">\n\t\t\t\t\t\t\t<div class=\"elementor-menu-anchor\" id=\"b2505\"><\/div>\n\t\t\t\t\t\t<\/div>\n\t\t\t\t<\/div>\n\t\t\t\t<div class=\"elementor-element elementor-element-25363648 elementor-widget elementor-widget-text-editor\" data-id=\"25363648\" data-element_type=\"widget\" data-e-type=\"widget\" data-widget_type=\"text-editor.default\">\n\t\t\t\t<div class=\"elementor-widget-container\">\n\t\t\t\t\t\t\t\t\t<p>Els romans van ocupar la zona per mitj\u00e0 de la implantaci\u00f3 de vil\u00b7les agr\u00edcoles, vinculades a les ciutats com a font de subministraments. Aquestes vil\u00b7les podrien ser l&#8217;equivalent als &#8220;<em>cortijos<\/em>&#8221; actuals.<\/p><p>La romanitzaci\u00f3 del sud de la prov\u00edncia de C\u00f2rdova a deixat excepcionals exemples de l&#8217;art i la cultura de la civilitzaci\u00f3 romana que mostren l&#8217;esplendor de la B\u00e8tica.<\/p><p>En el proc\u00e9s de conquesta sobre els pobles ibers, Roma va fundar ciutats noves com <em>Corduba<\/em> per controlar des d&#8217;all\u00e0 el territori. Va arribar a pactes amb molts poblats ind\u00edgenes i va destruir molts altres. El poblat del Cerro de la Cruz al mateix Almedinilla va ser destru\u00eft al segle II a.C., segurament per les tropes romanes en un proc\u00e9s de conquesta. Per\u00f2 no ser\u00e0 fins a mitjans segle I de la nostra era (m\u00e9s de 100 anys despr\u00e9s) quan es desenvolupin en aquesta zona serrana les vil\u00b7les romanes, com a expressi\u00f3 de la colonitzaci\u00f3 agr\u00edcola i plena romanitzaci\u00f3.<\/p>\t\t\t\t\t\t\t\t<\/div>\n\t\t\t\t<\/div>\n\t\t\t\t<div class=\"elementor-element elementor-element-24953e34 elementor-widget elementor-widget-heading\" data-id=\"24953e34\" data-element_type=\"widget\" data-e-type=\"widget\" data-widget_type=\"heading.default\">\n\t\t\t\t<div class=\"elementor-widget-container\">\n\t\t\t\t\t<h2 class=\"elementor-heading-title elementor-size-default\">La Vil\u00b7la romana El Ruedo<\/h2>\t\t\t\t<\/div>\n\t\t\t\t<\/div>\n\t\t\t\t<div class=\"elementor-element elementor-element-6e22ee5d elementor-widget elementor-widget-text-editor\" data-id=\"6e22ee5d\" data-element_type=\"widget\" data-e-type=\"widget\" data-widget_type=\"text-editor.default\">\n\t\t\t\t<div class=\"elementor-widget-container\">\n\t\t\t\t\t\t\t\t\t<p>La Vil\u00b7la romana El Ruedo es va situar dins de la prov\u00edncia ulterior, i despr\u00e9s de la reforma administrativa de l&#8217;emperador August (63 aC- 14 dC) a la prov\u00edncia B\u00e8tica, amb capital a <em>Corduba<\/em>.<\/p>\t\t\t\t\t\t\t\t<\/div>\n\t\t\t\t<\/div>\n\t\t\t\t<div class=\"elementor-element elementor-element-4ce6ee68 elementor-widget elementor-widget-image\" data-id=\"4ce6ee68\" data-element_type=\"widget\" data-e-type=\"widget\" data-widget_type=\"image.default\">\n\t\t\t\t<div class=\"elementor-widget-container\">\n\t\t\t\t\t\t\t\t\t\t\t\t<figure class=\"wp-caption\">\n\t\t\t\t\t\t\t\t\t\t<img loading=\"lazy\" decoding=\"async\" width=\"800\" height=\"533\" src=\"https:\/\/www.elturistatranquil.com\/wp-content\/uploads\/F03a-Villa-romana-El-Ruedo-Almedinilla-1.jpg\" class=\"attachment-large size-large wp-image-9424\" alt=\"\" srcset=\"https:\/\/www.elturistatranquil.com\/wp-content\/uploads\/F03a-Villa-romana-El-Ruedo-Almedinilla-1.jpg 800w, https:\/\/www.elturistatranquil.com\/wp-content\/uploads\/F03a-Villa-romana-El-Ruedo-Almedinilla-1-768x512.jpg 768w\" sizes=\"(max-width: 800px) 100vw, 800px\" \/>\t\t\t\t\t\t\t\t\t\t\t<figcaption class=\"widget-image-caption wp-caption-text\">Vista general del jaciment<\/figcaption>\n\t\t\t\t\t\t\t\t\t\t<\/figure>\n\t\t\t\t\t\t\t\t\t<\/div>\n\t\t\t\t<\/div>\n\t\t\t\t<div class=\"elementor-element elementor-element-1eb56bb3 elementor-widget elementor-widget-text-editor\" data-id=\"1eb56bb3\" data-element_type=\"widget\" data-e-type=\"widget\" data-widget_type=\"text-editor.default\">\n\t\t\t\t<div class=\"elementor-widget-container\">\n\t\t\t\t\t\t\t\t\t<p>La funci\u00f3 principal de la Vil\u00b7la romana El Ruedo va ser l&#8217;activitat econ\u00f2mica d&#8217;explotaci\u00f3 agropecu\u00e0ria, en relaci\u00f3 possiblement amb un latifundi (<em>latifundia<\/em>), propietat d&#8217;un <em>dominus<\/em> o senyor, treballat per serfs i esclaus.<\/p><p>L&#8217;empla\u00e7ament de la Vil\u00b7la segueix les indicacions dels agr\u00f2noms romans, com Barron o Columela, que aconsellen la ubicaci\u00f3 de les explotacions agr\u00e0ries en llocs assolellats, airejats, prop de rius, amb abundant aigua i pr\u00f2xims a vies de comunicaci\u00f3.<\/p><p>A la Vil\u00b7la es conreava la triada mediterr\u00e0nia: vinya, olivera i cereals i prova d&#8217;aix\u00f2 \u00e9s el camp de sitges, per emmagatzemar el gra, les <em>alberquillas<\/em> per decantar oli, i els cups pel vi, trobats durant les excavacions arqueol\u00f2giques.<\/p>\t\t\t\t\t\t\t\t<\/div>\n\t\t\t\t<\/div>\n\t\t\t\t<div class=\"elementor-element elementor-element-2daffbba elementor-widget elementor-widget-menu-anchor\" data-id=\"2daffbba\" data-element_type=\"widget\" data-e-type=\"widget\" data-widget_type=\"menu-anchor.default\">\n\t\t\t\t<div class=\"elementor-widget-container\">\n\t\t\t\t\t\t\t<div class=\"elementor-menu-anchor\" id=\"b2506\"><\/div>\n\t\t\t\t\t\t<\/div>\n\t\t\t\t<\/div>\n\t\t\t\t<div class=\"elementor-element elementor-element-c3024ac elementor-widget elementor-widget-text-editor\" data-id=\"c3024ac\" data-element_type=\"widget\" data-e-type=\"widget\" data-widget_type=\"text-editor.default\">\n\t\t\t\t<div class=\"elementor-widget-container\">\n\t\t\t\t\t\t\t\t\t<p>El cultiu dels horts, a partir del regadiu de s\u00e8quies i basses tamb\u00e9 va ser una activitat important de El Ruedo, conjuntament amb la ramaderia, les terrisseries per a l&#8217;elaboraci\u00f3 de cer\u00e0miques i materials de construcci\u00f3 (maons i teules), i el treball del metall .<\/p><p>El bosc mediterrani, amb un car\u00e0cter sagrat, va haver de ser molt abundant i utilitzat per obtenir fusta, recursos cineg\u00e8tics, fruits silvestres i plantes medicinals.<\/p><p>Alguns historiadors especulen amb la possibilitat que El Ruedo hagu\u00e9s estat un santuari del son.<\/p>\t\t\t\t\t\t\t\t<\/div>\n\t\t\t\t<\/div>\n\t\t\t\t<div class=\"elementor-element elementor-element-1129c1ba elementor-widget elementor-widget-heading\" data-id=\"1129c1ba\" data-element_type=\"widget\" data-e-type=\"widget\" data-widget_type=\"heading.default\">\n\t\t\t\t<div class=\"elementor-widget-container\">\n\t\t\t\t\t<h2 class=\"elementor-heading-title elementor-size-default\">Fases constructives<\/h2>\t\t\t\t<\/div>\n\t\t\t\t<\/div>\n\t\t\t\t<div class=\"elementor-element elementor-element-2cdf7457 elementor-widget elementor-widget-text-editor\" data-id=\"2cdf7457\" data-element_type=\"widget\" data-e-type=\"widget\" data-widget_type=\"text-editor.default\">\n\t\t\t\t<div class=\"elementor-widget-container\">\n\t\t\t\t\t\t\t\t\t<p>Com a resultat de les excavacions arqueol\u00f2giques realitzades, s&#8217;han documentat quatre fases constructives que evidencien la llarga ocupaci\u00f3 del lloc.<\/p>\t\t\t\t\t\t\t\t<\/div>\n\t\t\t\t<\/div>\n\t\t\t\t<div class=\"elementor-element elementor-element-5d0e824d elementor-widget elementor-widget-heading\" data-id=\"5d0e824d\" data-element_type=\"widget\" data-e-type=\"widget\" data-widget_type=\"heading.default\">\n\t\t\t\t<div class=\"elementor-widget-container\">\n\t\t\t\t\t<h4 class=\"elementor-heading-title elementor-size-default\">Fase I<\/h4>\t\t\t\t<\/div>\n\t\t\t\t<\/div>\n\t\t\t\t<div class=\"elementor-element elementor-element-777e5467 elementor-widget elementor-widget-text-editor\" data-id=\"777e5467\" data-element_type=\"widget\" data-e-type=\"widget\" data-widget_type=\"text-editor.default\">\n\t\t\t\t<div class=\"elementor-widget-container\">\n\t\t\t\t\t\t\t\t\t<p>La Fase I, datada en la primera meitat del segle I, representa un establiment de marcat car\u00e0cter agr\u00edcola. S&#8217;estructura ja al voltant d&#8217;un pati i els murs s\u00f3n d&#8217;escassa qualitat, compostos de pedres irregulars travades amb argamassa de fang.<\/p>\t\t\t\t\t\t\t\t<\/div>\n\t\t\t\t<\/div>\n\t\t\t\t<div class=\"elementor-element elementor-element-6fe2496f elementor-widget elementor-widget-heading\" data-id=\"6fe2496f\" data-element_type=\"widget\" data-e-type=\"widget\" data-widget_type=\"heading.default\">\n\t\t\t\t<div class=\"elementor-widget-container\">\n\t\t\t\t\t<h4 class=\"elementor-heading-title elementor-size-default\">Fase II<\/h4>\t\t\t\t<\/div>\n\t\t\t\t<\/div>\n\t\t\t\t<div class=\"elementor-element elementor-element-7b159a21 elementor-widget elementor-widget-text-editor\" data-id=\"7b159a21\" data-element_type=\"widget\" data-e-type=\"widget\" data-widget_type=\"text-editor.default\">\n\t\t\t\t<div class=\"elementor-widget-container\">\n\t\t\t\t\t\t\t\t\t<p>La Fase II abasta el segle II. D&#8217;aquest moment s\u00f3n el <em>peristil<\/em>, amb la seva galeria recolzada sobre columnes, gran part dels espais delimitats, i les construccions de car\u00e0cter industrial o agr\u00edcoles situades a l&#8217;est.<\/p>\t\t\t\t\t\t\t\t<\/div>\n\t\t\t\t<\/div>\n\t\t\t\t<div class=\"elementor-element elementor-element-1876f765 elementor-widget elementor-widget-heading\" data-id=\"1876f765\" data-element_type=\"widget\" data-e-type=\"widget\" data-widget_type=\"heading.default\">\n\t\t\t\t<div class=\"elementor-widget-container\">\n\t\t\t\t\t<h4 class=\"elementor-heading-title elementor-size-default\">Fase III<\/h4>\t\t\t\t<\/div>\n\t\t\t\t<\/div>\n\t\t\t\t<div class=\"elementor-element elementor-element-123e0d08 elementor-widget elementor-widget-text-editor\" data-id=\"123e0d08\" data-element_type=\"widget\" data-e-type=\"widget\" data-widget_type=\"text-editor.default\">\n\t\t\t\t<div class=\"elementor-widget-container\">\n\t\t\t\t\t\t\t\t\t<p>A la Fase III, datada a la fi del segle III o comen\u00e7aments del segle IV que arriba al V, corresponen una s\u00e8rie de transformacions de la planta anterior que donaran a la Vil\u00b7la el seu moment de major esplendor. A aquesta etapa corresponen la reestructuraci\u00f3 del <em>peristil<\/em> i la construcci\u00f3 del <em>nimfeu<\/em> i del <em>stibadium<\/em>, el <em>hipocaustum<\/em> i el possible <em>praefurnium<\/em>, les modificacions de la cisterna i la decoraci\u00f3 musiv\u00e0ria i pict\u00f2rica de totes les habitacions que s&#8217;obren al pati, en els sectors central i occidental de la Vila.<\/p>\t\t\t\t\t\t\t\t<\/div>\n\t\t\t\t<\/div>\n\t\t\t\t<div class=\"elementor-element elementor-element-3db2a747 elementor-widget elementor-widget-heading\" data-id=\"3db2a747\" data-element_type=\"widget\" data-e-type=\"widget\" data-widget_type=\"heading.default\">\n\t\t\t\t<div class=\"elementor-widget-container\">\n\t\t\t\t\t<h4 class=\"elementor-heading-title elementor-size-default\">Fase IV<\/h4>\t\t\t\t<\/div>\n\t\t\t\t<\/div>\n\t\t\t\t<div class=\"elementor-element elementor-element-724408d5 elementor-widget elementor-widget-text-editor\" data-id=\"724408d5\" data-element_type=\"widget\" data-e-type=\"widget\" data-widget_type=\"text-editor.default\">\n\t\t\t\t<div class=\"elementor-widget-container\">\n\t\t\t\t\t\t\t\t\t<p>La Fase IV, datada a mitjans del segle V, correspon a un grup de piques i canalitzacions realitzades en el sector oriental de la Vila, el forn de pa, la llar i el possible forn metal\u00b7l\u00fargic.<\/p>\t\t\t\t\t\t\t\t<\/div>\n\t\t\t\t<\/div>\n\t\t\t\t<div class=\"elementor-element elementor-element-71e1a897 elementor-widget elementor-widget-menu-anchor\" data-id=\"71e1a897\" data-element_type=\"widget\" data-e-type=\"widget\" data-widget_type=\"menu-anchor.default\">\n\t\t\t\t<div class=\"elementor-widget-container\">\n\t\t\t\t\t\t\t<div class=\"elementor-menu-anchor\" id=\"b2507\"><\/div>\n\t\t\t\t\t\t<\/div>\n\t\t\t\t<\/div>\n\t\t\t\t<div class=\"elementor-element elementor-element-2b707c09 elementor-widget elementor-widget-image\" data-id=\"2b707c09\" data-element_type=\"widget\" data-e-type=\"widget\" data-widget_type=\"image.default\">\n\t\t\t\t<div class=\"elementor-widget-container\">\n\t\t\t\t\t\t\t\t\t\t\t\t<figure class=\"wp-caption\">\n\t\t\t\t\t\t\t\t\t\t<img loading=\"lazy\" decoding=\"async\" width=\"800\" height=\"533\" src=\"https:\/\/www.elturistatranquil.com\/wp-content\/uploads\/F04-Villa-romana-El-Ruedo-Almedinilla-1.jpg\" class=\"attachment-large size-large wp-image-9426\" alt=\"\" srcset=\"https:\/\/www.elturistatranquil.com\/wp-content\/uploads\/F04-Villa-romana-El-Ruedo-Almedinilla-1.jpg 800w, https:\/\/www.elturistatranquil.com\/wp-content\/uploads\/F04-Villa-romana-El-Ruedo-Almedinilla-1-768x512.jpg 768w\" sizes=\"(max-width: 800px) 100vw, 800px\" \/>\t\t\t\t\t\t\t\t\t\t\t<figcaption class=\"widget-image-caption wp-caption-text\">Pl\u00e0nol de la Vil\u00b7la El Ruedo amb indicaci\u00f3 de les fases constructives i una numeraci\u00f3 de l'\u00fas dels diferents espais<\/figcaption>\n\t\t\t\t\t\t\t\t\t\t<\/figure>\n\t\t\t\t\t\t\t\t\t<\/div>\n\t\t\t\t<\/div>\n\t\t\t\t<div class=\"elementor-element elementor-element-7c8216e2 elementor-widget elementor-widget-heading\" data-id=\"7c8216e2\" data-element_type=\"widget\" data-e-type=\"widget\" data-widget_type=\"heading.default\">\n\t\t\t\t<div class=\"elementor-widget-container\">\n\t\t\t\t\t<h2 class=\"elementor-heading-title elementor-size-default\">Els espais de la Vil\u00b7la. Estances de El Ruedo<\/h2>\t\t\t\t<\/div>\n\t\t\t\t<\/div>\n\t\t\t\t<div class=\"elementor-element elementor-element-572f12f8 elementor-widget elementor-widget-menu-anchor\" data-id=\"572f12f8\" data-element_type=\"widget\" data-e-type=\"widget\" data-widget_type=\"menu-anchor.default\">\n\t\t\t\t<div class=\"elementor-widget-container\">\n\t\t\t\t\t\t\t<div class=\"elementor-menu-anchor\" id=\"b2508\"><\/div>\n\t\t\t\t\t\t<\/div>\n\t\t\t\t<\/div>\n\t\t\t\t<div class=\"elementor-element elementor-element-71ccc12a elementor-widget elementor-widget-text-editor\" data-id=\"71ccc12a\" data-element_type=\"widget\" data-e-type=\"widget\" data-widget_type=\"text-editor.default\">\n\t\t\t\t<div class=\"elementor-widget-container\">\n\t\t\t\t\t\t\t\t\t<p>La Vil\u00b7la presenta dos espais diferenciats:<\/p><p>La <em>Pars urbana<\/em> o zona residencial. \u00c9s l&#8217;espai m\u00e9s ric i lux\u00f3s, reproduint la casa o <em>Domus<\/em> ciutadana on viuen els propietaris. \u00c9s l&#8217;edifici m\u00e9s ben conservat de la Vil\u00b7la del Ruedo (delimitat per l&#8217;actual passarel\u00b7la met\u00e0l\u00b7lica). Segueix el model de casa hel\u00b7len\u00edstica de pati central envoltat de les habitacions privades i altres de recepci\u00f3, amb pintures, mosaics i escultures.<\/p><p>La <em>Pars rustica<\/em> o zona productiva. Dedicada a les depend\u00e8ncies de treball agr\u00edcoles, i als habitatges d&#8217;esclaus.<\/p><p>A m\u00e9s, al nord-oest de la Vil\u00b7la estaven disposades una s\u00e8rie d&#8217;instal\u00b7lacions fabrils (com forns, ferreries, etc.) que no es van poder salvar amb la construcci\u00f3 de la carretera.<\/p>\t\t\t\t\t\t\t\t<\/div>\n\t\t\t\t<\/div>\n\t\t\t\t<div class=\"elementor-element elementor-element-34235a16 elementor-widget elementor-widget-heading\" data-id=\"34235a16\" data-element_type=\"widget\" data-e-type=\"widget\" data-widget_type=\"heading.default\">\n\t\t\t\t<div class=\"elementor-widget-container\">\n\t\t\t\t\t<h3 class=\"elementor-heading-title elementor-size-default\">\u00abPars urbana\u00bb: Zona residencial<\/h3>\t\t\t\t<\/div>\n\t\t\t\t<\/div>\n\t\t\t\t<div class=\"elementor-element elementor-element-16a1b996 elementor-widget elementor-widget-text-editor\" data-id=\"16a1b996\" data-element_type=\"widget\" data-e-type=\"widget\" data-widget_type=\"text-editor.default\">\n\t\t\t\t<div class=\"elementor-widget-container\">\n\t\t\t\t\t\t\t\t\t<p>La Vil\u00b7la El Ruedo t\u00e9 espais estrictament privats i altres de recepci\u00f3 per rebre els honors i els <em>obsequia <\/em>de clients i visitants, en habitacions que expressen el luxe i l&#8217;estatus del propietari.<\/p><p>Espais privats serien dormitoris o cubicula.<\/p><p>Els de recepci\u00f3 i representaci\u00f3: l&#8217;<em>exedra<\/em> o sala de reuni\u00f3 amb seients, la biblioteca o <em>tablinium<\/em>, i sobretot la sala del menjador o <em>triclinium<\/em>.<\/p><p>A la sala del menjador o <em>triclinium<\/em> s&#8217;expressa tot el luxe, monumentalitat i simbologia de la casa del propietari.<\/p><p>El pati de l&#8217;habitatge seria un espai intermedi, de tr\u00e0nsit, meitat privat i meitat de recepci\u00f3, que resumeix el car\u00e0cter obert i tancat alhora de la casa romana.<\/p><p>Aquesta casa, que gira al voltant d&#8217;un pati central, reprodueix l&#8217;ambient de qualsevol casa benestant i luxosa d&#8217;una ciutat romana.<\/p>\t\t\t\t\t\t\t\t<\/div>\n\t\t\t\t<\/div>\n\t\t\t\t<div class=\"elementor-element elementor-element-559e40ec elementor-widget elementor-widget-heading\" data-id=\"559e40ec\" data-element_type=\"widget\" data-e-type=\"widget\" data-widget_type=\"heading.default\">\n\t\t\t\t<div class=\"elementor-widget-container\">\n\t\t\t\t\t<h4 class=\"elementor-heading-title elementor-size-default\">Perspectives generals del jaciment <\/h4>\t\t\t\t<\/div>\n\t\t\t\t<\/div>\n\t\t\t\t<div class=\"elementor-element elementor-element-175058db elementor-widget elementor-widget-text-editor\" data-id=\"175058db\" data-element_type=\"widget\" data-e-type=\"widget\" data-widget_type=\"text-editor.default\">\n\t\t\t\t<div class=\"elementor-widget-container\">\n\t\t\t\t\t\t\t\t\t<p>Seguint l&#8217;ordre de la visita al jaciment, el primer que apareix \u00e9s la zona de ponent, que es reflecteix en el costat de la esquerre del pl\u00e0nol, i que es correspon amb la Fase II.<\/p>\t\t\t\t\t\t\t\t<\/div>\n\t\t\t\t<\/div>\n\t\t\t\t<div class=\"elementor-element elementor-element-360747e5 elementor-widget elementor-widget-image\" data-id=\"360747e5\" data-element_type=\"widget\" data-e-type=\"widget\" data-widget_type=\"image.default\">\n\t\t\t\t<div class=\"elementor-widget-container\">\n\t\t\t\t\t\t\t\t\t\t\t\t\t\t\t<img loading=\"lazy\" decoding=\"async\" width=\"800\" height=\"533\" src=\"https:\/\/www.elturistatranquil.com\/wp-content\/uploads\/F05-Villa-romana-El-Ruedo-Almedinilla-1.jpg\" class=\"attachment-large size-large wp-image-9428\" alt=\"\" srcset=\"https:\/\/www.elturistatranquil.com\/wp-content\/uploads\/F05-Villa-romana-El-Ruedo-Almedinilla-1.jpg 800w, https:\/\/www.elturistatranquil.com\/wp-content\/uploads\/F05-Villa-romana-El-Ruedo-Almedinilla-1-768x512.jpg 768w\" sizes=\"(max-width: 800px) 100vw, 800px\" \/>\t\t\t\t\t\t\t\t\t\t\t\t\t\t\t<\/div>\n\t\t\t\t<\/div>\n\t\t\t\t<div class=\"elementor-element elementor-element-5543a1c1 elementor-widget elementor-widget-text-editor\" data-id=\"5543a1c1\" data-element_type=\"widget\" data-e-type=\"widget\" data-widget_type=\"text-editor.default\">\n\t\t\t\t<div class=\"elementor-widget-container\">\n\t\t\t\t\t\t\t\t\t<p>Des de la part central de la zona de ponent es t\u00e9 una perspectiva de la zona sud, on estaria situada l&#8217;entrada al <em>domus<\/em>.<\/p>\t\t\t\t\t\t\t\t<\/div>\n\t\t\t\t<\/div>\n\t\t\t\t<div class=\"elementor-element elementor-element-12ea1470 elementor-widget elementor-widget-image\" data-id=\"12ea1470\" data-element_type=\"widget\" data-e-type=\"widget\" data-widget_type=\"image.default\">\n\t\t\t\t<div class=\"elementor-widget-container\">\n\t\t\t\t\t\t\t\t\t\t\t\t\t\t\t<img loading=\"lazy\" decoding=\"async\" width=\"800\" height=\"533\" src=\"https:\/\/www.elturistatranquil.com\/wp-content\/uploads\/F06-Villa-romana-El-Ruedo-Almedinilla-1.jpg\" class=\"attachment-large size-large wp-image-9430\" alt=\"\" srcset=\"https:\/\/www.elturistatranquil.com\/wp-content\/uploads\/F06-Villa-romana-El-Ruedo-Almedinilla-1.jpg 800w, https:\/\/www.elturistatranquil.com\/wp-content\/uploads\/F06-Villa-romana-El-Ruedo-Almedinilla-1-768x512.jpg 768w\" sizes=\"(max-width: 800px) 100vw, 800px\" \/>\t\t\t\t\t\t\t\t\t\t\t\t\t\t\t<\/div>\n\t\t\t\t<\/div>\n\t\t\t\t<div class=\"elementor-element elementor-element-22bfa8b elementor-widget elementor-widget-text-editor\" data-id=\"22bfa8b\" data-element_type=\"widget\" data-e-type=\"widget\" data-widget_type=\"text-editor.default\">\n\t\t\t\t<div class=\"elementor-widget-container\">\n\t\t\t\t\t\t\t\t\t<p>La seg\u00fcent \u00e9s una perspectiva de la mateixa zona oest vista des de l&#8217;extrem sud.<\/p>\t\t\t\t\t\t\t\t<\/div>\n\t\t\t\t<\/div>\n\t\t\t\t<div class=\"elementor-element elementor-element-5b5370e3 elementor-widget elementor-widget-image\" data-id=\"5b5370e3\" data-element_type=\"widget\" data-e-type=\"widget\" data-widget_type=\"image.default\">\n\t\t\t\t<div class=\"elementor-widget-container\">\n\t\t\t\t\t\t\t\t\t\t\t\t\t\t\t<img loading=\"lazy\" decoding=\"async\" width=\"800\" height=\"533\" src=\"https:\/\/www.elturistatranquil.com\/wp-content\/uploads\/F07-Villa-romana-El-Ruedo-Almedinilla-1.jpg\" class=\"attachment-large size-large wp-image-9432\" alt=\"\" srcset=\"https:\/\/www.elturistatranquil.com\/wp-content\/uploads\/F07-Villa-romana-El-Ruedo-Almedinilla-1.jpg 800w, https:\/\/www.elturistatranquil.com\/wp-content\/uploads\/F07-Villa-romana-El-Ruedo-Almedinilla-1-768x512.jpg 768w\" sizes=\"(max-width: 800px) 100vw, 800px\" \/>\t\t\t\t\t\t\t\t\t\t\t\t\t\t\t<\/div>\n\t\t\t\t<\/div>\n\t\t\t\t<div class=\"elementor-element elementor-element-508d9e47 elementor-widget elementor-widget-text-editor\" data-id=\"508d9e47\" data-element_type=\"widget\" data-e-type=\"widget\" data-widget_type=\"text-editor.default\">\n\t\t\t\t<div class=\"elementor-widget-container\">\n\t\t\t\t\t\t\t\t\t<p>Des de l&#8217;entrada actual al recinte, a la zona nord-oest, s&#8217;aprecia la zona nord, amb el menjador o <em>triclinium<\/em> en primer pla, i l&#8217;ala de llevant, corresponent a la Fase I.<\/p>\t\t\t\t\t\t\t\t<\/div>\n\t\t\t\t<\/div>\n\t\t\t\t<div class=\"elementor-element elementor-element-6de2e4b5 elementor-widget elementor-widget-image\" data-id=\"6de2e4b5\" data-element_type=\"widget\" data-e-type=\"widget\" data-widget_type=\"image.default\">\n\t\t\t\t<div class=\"elementor-widget-container\">\n\t\t\t\t\t\t\t\t\t\t\t\t\t\t\t<img loading=\"lazy\" decoding=\"async\" width=\"800\" height=\"533\" src=\"https:\/\/www.elturistatranquil.com\/wp-content\/uploads\/F08-Villa-romana-El-Ruedo-Almedinilla-1.jpg\" class=\"attachment-large size-large wp-image-9434\" alt=\"\" srcset=\"https:\/\/www.elturistatranquil.com\/wp-content\/uploads\/F08-Villa-romana-El-Ruedo-Almedinilla-1.jpg 800w, https:\/\/www.elturistatranquil.com\/wp-content\/uploads\/F08-Villa-romana-El-Ruedo-Almedinilla-1-768x512.jpg 768w\" sizes=\"(max-width: 800px) 100vw, 800px\" \/>\t\t\t\t\t\t\t\t\t\t\t\t\t\t\t<\/div>\n\t\t\t\t<\/div>\n\t\t\t\t<div class=\"elementor-element elementor-element-77f0560e elementor-widget elementor-widget-text-editor\" data-id=\"77f0560e\" data-element_type=\"widget\" data-e-type=\"widget\" data-widget_type=\"text-editor.default\">\n\t\t\t\t<div class=\"elementor-widget-container\">\n\t\t\t\t\t\t\t\t\t<p>La imatge reflecteix una vista del conjunt del jaciment des del centre de la cara nord on se situa la font o <em>nimphaeum<\/em>.<\/p>\t\t\t\t\t\t\t\t<\/div>\n\t\t\t\t<\/div>\n\t\t\t\t<div class=\"elementor-element elementor-element-162e6064 elementor-widget elementor-widget-image\" data-id=\"162e6064\" data-element_type=\"widget\" data-e-type=\"widget\" data-widget_type=\"image.default\">\n\t\t\t\t<div class=\"elementor-widget-container\">\n\t\t\t\t\t\t\t\t\t\t\t\t\t\t\t<img loading=\"lazy\" decoding=\"async\" width=\"800\" height=\"533\" src=\"https:\/\/www.elturistatranquil.com\/wp-content\/uploads\/F09-Villa-romana-El-Ruedo-Almedinilla-1.jpg\" class=\"attachment-large size-large wp-image-9436\" alt=\"\" srcset=\"https:\/\/www.elturistatranquil.com\/wp-content\/uploads\/F09-Villa-romana-El-Ruedo-Almedinilla-1.jpg 800w, https:\/\/www.elturistatranquil.com\/wp-content\/uploads\/F09-Villa-romana-El-Ruedo-Almedinilla-1-768x512.jpg 768w\" sizes=\"(max-width: 800px) 100vw, 800px\" \/>\t\t\t\t\t\t\t\t\t\t\t\t\t\t\t<\/div>\n\t\t\t\t<\/div>\n\t\t\t\t<div class=\"elementor-element elementor-element-3ff7054d elementor-widget elementor-widget-heading\" data-id=\"3ff7054d\" data-element_type=\"widget\" data-e-type=\"widget\" data-widget_type=\"heading.default\">\n\t\t\t\t<div class=\"elementor-widget-container\">\n\t\t\t\t\t<h4 class=\"elementor-heading-title elementor-size-default\">1. Pati amb \u00abperistil\u00bb<\/h4>\t\t\t\t<\/div>\n\t\t\t\t<\/div>\n\t\t\t\t<div class=\"elementor-element elementor-element-4084d907 elementor-widget elementor-widget-text-editor\" data-id=\"4084d907\" data-element_type=\"widget\" data-e-type=\"widget\" data-widget_type=\"text-editor.default\">\n\t\t\t\t<div class=\"elementor-widget-container\">\n\t\t\t\t\t\t\t\t\t<p>El <strong>Pati amb <em>peristil<\/em><\/strong> \u00e9s l&#8217;espai central de la casa, sobre el qual giren les depend\u00e8ncies restants. El pati era porticat amb sostres sostinguts per columnes i una font al centre.<\/p>\t\t\t\t\t\t\t\t<\/div>\n\t\t\t\t<\/div>\n\t\t\t\t<div class=\"elementor-element elementor-element-7e3cd775 elementor-widget elementor-widget-image\" data-id=\"7e3cd775\" data-element_type=\"widget\" data-e-type=\"widget\" data-widget_type=\"image.default\">\n\t\t\t\t<div class=\"elementor-widget-container\">\n\t\t\t\t\t\t\t\t\t\t\t\t\t\t\t<img loading=\"lazy\" decoding=\"async\" width=\"800\" height=\"533\" src=\"https:\/\/www.elturistatranquil.com\/wp-content\/uploads\/F10-Villa-romana-El-Ruedo-Almedinilla-1.jpg\" class=\"attachment-large size-large wp-image-9438\" alt=\"\" srcset=\"https:\/\/www.elturistatranquil.com\/wp-content\/uploads\/F10-Villa-romana-El-Ruedo-Almedinilla-1.jpg 800w, https:\/\/www.elturistatranquil.com\/wp-content\/uploads\/F10-Villa-romana-El-Ruedo-Almedinilla-1-768x512.jpg 768w\" sizes=\"(max-width: 800px) 100vw, 800px\" \/>\t\t\t\t\t\t\t\t\t\t\t\t\t\t\t<\/div>\n\t\t\t\t<\/div>\n\t\t\t\t<div class=\"elementor-element elementor-element-43d391c3 elementor-widget elementor-widget-text-editor\" data-id=\"43d391c3\" data-element_type=\"widget\" data-e-type=\"widget\" data-widget_type=\"text-editor.default\">\n\t\t\t\t<div class=\"elementor-widget-container\">\n\t\t\t\t\t\t\t\t\t<p>La imatge seg\u00fcent \u00e9s una interpretaci\u00f3 per ordinador de com podria ser el pati de El Ruedo.<\/p><p>El pati \u00e9s l&#8217;espai que articula l&#8217;habitatge residencial i sobre el qual giren totes les habitacions, reproduint la t\u00edpica casa mediterr\u00e0nia que arriba fins als nostres dies. Aigua, vegetaci\u00f3, mosaics, pintures i escultures decorava aquest lloc de tr\u00e0nsit, on es volia reproduir a la pr\u00f2pia naturalesa. Girant al voltant del pati hi havia un <em>peristil<\/em> o galeria coberta a manera de claustre. La teulada era sostingut per quatre columnes en cada costat.<\/p>\t\t\t\t\t\t\t\t<\/div>\n\t\t\t\t<\/div>\n\t\t\t\t<div class=\"elementor-element elementor-element-6190bbf8 elementor-widget elementor-widget-image\" data-id=\"6190bbf8\" data-element_type=\"widget\" data-e-type=\"widget\" data-widget_type=\"image.default\">\n\t\t\t\t<div class=\"elementor-widget-container\">\n\t\t\t\t\t\t\t\t\t\t\t\t<figure class=\"wp-caption\">\n\t\t\t\t\t\t\t\t\t\t<img loading=\"lazy\" decoding=\"async\" width=\"800\" height=\"546\" src=\"https:\/\/www.elturistatranquil.com\/wp-content\/uploads\/F11-Villa-romana-El-Ruedo-Almedinilla-1.jpg\" class=\"attachment-large size-large wp-image-9440\" alt=\"\" srcset=\"https:\/\/www.elturistatranquil.com\/wp-content\/uploads\/F11-Villa-romana-El-Ruedo-Almedinilla-1.jpg 800w, https:\/\/www.elturistatranquil.com\/wp-content\/uploads\/F11-Villa-romana-El-Ruedo-Almedinilla-1-768x524.jpg 768w\" sizes=\"(max-width: 800px) 100vw, 800px\" \/>\t\t\t\t\t\t\t\t\t\t\t<figcaption class=\"widget-image-caption wp-caption-text\">Reconstrucci\u00f3 digital del pati amb peristil<\/figcaption>\n\t\t\t\t\t\t\t\t\t\t<\/figure>\n\t\t\t\t\t\t\t\t\t<\/div>\n\t\t\t\t<\/div>\n\t\t\t\t<div class=\"elementor-element elementor-element-42284fc0 elementor-widget elementor-widget-image\" data-id=\"42284fc0\" data-element_type=\"widget\" data-e-type=\"widget\" data-widget_type=\"image.default\">\n\t\t\t\t<div class=\"elementor-widget-container\">\n\t\t\t\t\t\t\t\t\t\t\t\t<figure class=\"wp-caption\">\n\t\t\t\t\t\t\t\t\t\t<img loading=\"lazy\" decoding=\"async\" width=\"800\" height=\"533\" src=\"https:\/\/www.elturistatranquil.com\/wp-content\/uploads\/F12-Villa-romana-El-Ruedo-Almedinilla-1.jpg\" class=\"attachment-large size-large wp-image-9442\" alt=\"\" srcset=\"https:\/\/www.elturistatranquil.com\/wp-content\/uploads\/F12-Villa-romana-El-Ruedo-Almedinilla-1.jpg 800w, https:\/\/www.elturistatranquil.com\/wp-content\/uploads\/F12-Villa-romana-El-Ruedo-Almedinilla-1-768x512.jpg 768w\" sizes=\"(max-width: 800px) 100vw, 800px\" \/>\t\t\t\t\t\t\t\t\t\t\t<figcaption class=\"widget-image-caption wp-caption-text\">Pintures sobre les parets del pati<\/figcaption>\n\t\t\t\t\t\t\t\t\t\t<\/figure>\n\t\t\t\t\t\t\t\t\t<\/div>\n\t\t\t\t<\/div>\n\t\t\t\t<div class=\"elementor-element elementor-element-29e31215 elementor-widget elementor-widget-text-editor\" data-id=\"29e31215\" data-element_type=\"widget\" data-e-type=\"widget\" data-widget_type=\"text-editor.default\">\n\t\t\t\t<div class=\"elementor-widget-container\">\n\t\t\t\t\t\t\t\t\t<p>Se suposa que l&#8217;escultura de <strong>Hermafrodita<\/strong> devia d&#8217;estar situada al pati. Representa la s\u00edntesi entre la dualitat de les coses.<\/p>\t\t\t\t\t\t\t\t<\/div>\n\t\t\t\t<\/div>\n\t\t\t\t<div class=\"elementor-element elementor-element-64584943 elementor-widget elementor-widget-image\" data-id=\"64584943\" data-element_type=\"widget\" data-e-type=\"widget\" data-widget_type=\"image.default\">\n\t\t\t\t<div class=\"elementor-widget-container\">\n\t\t\t\t\t\t\t\t\t\t\t\t\t\t\t<img loading=\"lazy\" decoding=\"async\" width=\"354\" height=\"550\" src=\"https:\/\/www.elturistatranquil.com\/wp-content\/uploads\/F13-Museo-Historico-Arqueologico-Almedinilla-Hermafrodita-1.jpg\" class=\"attachment-large size-large wp-image-9444\" alt=\"\" \/>\t\t\t\t\t\t\t\t\t\t\t\t\t\t\t<\/div>\n\t\t\t\t<\/div>\n\t\t\t\t<div class=\"elementor-element elementor-element-74331027 elementor-widget elementor-widget-text-editor\" data-id=\"74331027\" data-element_type=\"widget\" data-e-type=\"widget\" data-widget_type=\"text-editor.default\">\n\t\t\t\t<div class=\"elementor-widget-container\">\n\t\t\t\t\t\t\t\t\t<p>Un conjunt de canalitzacions condu\u00efa l&#8217;aigua des de la font del menjador a la del pati, que connectaven, al seu torn, amb el safareig principal.<\/p><p>Una part de les canalitzacions eren de tub de plom, que ha estat espoliat i nom\u00e9s queden petites mostres.<\/p>\t\t\t\t\t\t\t\t<\/div>\n\t\t\t\t<\/div>\n\t\t\t\t<div class=\"elementor-element elementor-element-47d2033e elementor-widget elementor-widget-image\" data-id=\"47d2033e\" data-element_type=\"widget\" data-e-type=\"widget\" data-widget_type=\"image.default\">\n\t\t\t\t<div class=\"elementor-widget-container\">\n\t\t\t\t\t\t\t\t\t\t\t\t\t\t\t<img loading=\"lazy\" decoding=\"async\" width=\"800\" height=\"533\" src=\"https:\/\/www.elturistatranquil.com\/wp-content\/uploads\/F14-Villa-romana-El-Ruedo-Almedinilla-1.jpg\" class=\"attachment-large size-large wp-image-9446\" alt=\"\" srcset=\"https:\/\/www.elturistatranquil.com\/wp-content\/uploads\/F14-Villa-romana-El-Ruedo-Almedinilla-1.jpg 800w, https:\/\/www.elturistatranquil.com\/wp-content\/uploads\/F14-Villa-romana-El-Ruedo-Almedinilla-1-768x512.jpg 768w\" sizes=\"(max-width: 800px) 100vw, 800px\" \/>\t\t\t\t\t\t\t\t\t\t\t\t\t\t\t<\/div>\n\t\t\t\t<\/div>\n\t\t\t\t<div class=\"elementor-element elementor-element-4846595f elementor-widget elementor-widget-heading\" data-id=\"4846595f\" data-element_type=\"widget\" data-e-type=\"widget\" data-widget_type=\"heading.default\">\n\t\t\t\t<div class=\"elementor-widget-container\">\n\t\t\t\t\t<h4 class=\"elementor-heading-title elementor-size-default\">2. Habitacions o \u00abcubicula\u00bb <\/h4>\t\t\t\t<\/div>\n\t\t\t\t<\/div>\n\t\t\t\t<div class=\"elementor-element elementor-element-75cda82f elementor-widget elementor-widget-text-editor\" data-id=\"75cda82f\" data-element_type=\"widget\" data-e-type=\"widget\" data-widget_type=\"text-editor.default\">\n\t\t\t\t<div class=\"elementor-widget-container\">\n\t\t\t\t\t\t\t\t\t<p>Els <strong><em>cubicula<\/em><\/strong>, o <strong>habitacions privades<\/strong>, s&#8217;estenien pels dos costats del pati.<\/p><p>Posseeixen un vest\u00edbul o avantsala (obert al pati) i el dormitori pr\u00f2piament dit al fons.<\/p><p>Les habitacions estaven decorades amb parets d&#8217;estuc pintat (imitant les incrustacions de marbre o <em>crustae<\/em>, i diferents arquitectures) fins i tot cobrien els sostres (amb temes florals). Els s\u00f2ls estaven coberts de mosaics amb motius geom\u00e8trics i vegetals. Aquestes habitacions privades eren els espais que la societat patriarcal romana reservava a les dones.<\/p><p>Les habitacions del costat dret del dibuix de la planta, zona de llevant, s\u00f3n les m\u00e9s antigues, corresponent a la Fase I. En algunes s&#8217;aprecia una pileta.<\/p>\t\t\t\t\t\t\t\t<\/div>\n\t\t\t\t<\/div>\n\t\t\t\t<div class=\"elementor-element elementor-element-dc6d920 elementor-widget elementor-widget-image\" data-id=\"dc6d920\" data-element_type=\"widget\" data-e-type=\"widget\" data-widget_type=\"image.default\">\n\t\t\t\t<div class=\"elementor-widget-container\">\n\t\t\t\t\t\t\t\t\t\t\t\t\t\t\t<img loading=\"lazy\" decoding=\"async\" width=\"800\" height=\"533\" src=\"https:\/\/www.elturistatranquil.com\/wp-content\/uploads\/F15-Villa-romana-El-Ruedo-Almedinilla-1.jpg\" class=\"attachment-large size-large wp-image-9448\" alt=\"\" srcset=\"https:\/\/www.elturistatranquil.com\/wp-content\/uploads\/F15-Villa-romana-El-Ruedo-Almedinilla-1.jpg 800w, https:\/\/www.elturistatranquil.com\/wp-content\/uploads\/F15-Villa-romana-El-Ruedo-Almedinilla-1-768x512.jpg 768w\" sizes=\"(max-width: 800px) 100vw, 800px\" \/>\t\t\t\t\t\t\t\t\t\t\t\t\t\t\t<\/div>\n\t\t\t\t<\/div>\n\t\t\t\t<div class=\"elementor-element elementor-element-11d46db2 elementor-widget elementor-widget-image\" data-id=\"11d46db2\" data-element_type=\"widget\" data-e-type=\"widget\" data-widget_type=\"image.default\">\n\t\t\t\t<div class=\"elementor-widget-container\">\n\t\t\t\t\t\t\t\t\t\t\t\t\t\t\t<img loading=\"lazy\" decoding=\"async\" width=\"800\" height=\"533\" src=\"https:\/\/www.elturistatranquil.com\/wp-content\/uploads\/F16-Villa-romana-El-Ruedo-Almedinilla-1.jpg\" class=\"attachment-large size-large wp-image-9450\" alt=\"\" srcset=\"https:\/\/www.elturistatranquil.com\/wp-content\/uploads\/F16-Villa-romana-El-Ruedo-Almedinilla-1.jpg 800w, https:\/\/www.elturistatranquil.com\/wp-content\/uploads\/F16-Villa-romana-El-Ruedo-Almedinilla-1-768x512.jpg 768w\" sizes=\"(max-width: 800px) 100vw, 800px\" \/>\t\t\t\t\t\t\t\t\t\t\t\t\t\t\t<\/div>\n\t\t\t\t<\/div>\n\t\t\t\t<div class=\"elementor-element elementor-element-2feca6b7 elementor-widget elementor-widget-text-editor\" data-id=\"2feca6b7\" data-element_type=\"widget\" data-e-type=\"widget\" data-widget_type=\"text-editor.default\">\n\t\t\t\t<div class=\"elementor-widget-container\">\n\t\t\t\t\t\t\t\t\t<p>El costat esquerre, o de ponent, correspon a habitacions constru\u00efdes durant la Fase II. En general estan m\u00e9s ben conservades.<\/p><p>A la fotografia s&#8217;aprecia clarament les dues zones de cada habitaci\u00f3.<\/p>\t\t\t\t\t\t\t\t<\/div>\n\t\t\t\t<\/div>\n\t\t\t\t<div class=\"elementor-element elementor-element-4ba62a57 elementor-widget elementor-widget-image\" data-id=\"4ba62a57\" data-element_type=\"widget\" data-e-type=\"widget\" data-widget_type=\"image.default\">\n\t\t\t\t<div class=\"elementor-widget-container\">\n\t\t\t\t\t\t\t\t\t\t\t\t\t\t\t<img loading=\"lazy\" decoding=\"async\" width=\"800\" height=\"533\" src=\"https:\/\/www.elturistatranquil.com\/wp-content\/uploads\/F17-Villa-romana-El-Ruedo-Almedinilla-1.jpg\" class=\"attachment-large size-large wp-image-9452\" alt=\"\" srcset=\"https:\/\/www.elturistatranquil.com\/wp-content\/uploads\/F17-Villa-romana-El-Ruedo-Almedinilla-1.jpg 800w, https:\/\/www.elturistatranquil.com\/wp-content\/uploads\/F17-Villa-romana-El-Ruedo-Almedinilla-1-768x512.jpg 768w\" sizes=\"(max-width: 800px) 100vw, 800px\" \/>\t\t\t\t\t\t\t\t\t\t\t\t\t\t\t<\/div>\n\t\t\t\t<\/div>\n\t\t\t\t<div class=\"elementor-element elementor-element-1db9f5a4 elementor-widget elementor-widget-image\" data-id=\"1db9f5a4\" data-element_type=\"widget\" data-e-type=\"widget\" data-widget_type=\"image.default\">\n\t\t\t\t<div class=\"elementor-widget-container\">\n\t\t\t\t\t\t\t\t\t\t\t\t\t\t\t<img loading=\"lazy\" decoding=\"async\" width=\"800\" height=\"533\" src=\"https:\/\/www.elturistatranquil.com\/wp-content\/uploads\/F18-Villa-romana-El-Ruedo-Almedinilla-1.jpg\" class=\"attachment-large size-large wp-image-9454\" alt=\"\" srcset=\"https:\/\/www.elturistatranquil.com\/wp-content\/uploads\/F18-Villa-romana-El-Ruedo-Almedinilla-1.jpg 800w, https:\/\/www.elturistatranquil.com\/wp-content\/uploads\/F18-Villa-romana-El-Ruedo-Almedinilla-1-768x512.jpg 768w\" sizes=\"(max-width: 800px) 100vw, 800px\" \/>\t\t\t\t\t\t\t\t\t\t\t\t\t\t\t<\/div>\n\t\t\t\t<\/div>\n\t\t\t\t<div class=\"elementor-element elementor-element-4e0554b9 elementor-widget elementor-widget-image\" data-id=\"4e0554b9\" data-element_type=\"widget\" data-e-type=\"widget\" data-widget_type=\"image.default\">\n\t\t\t\t<div class=\"elementor-widget-container\">\n\t\t\t\t\t\t\t\t\t\t\t\t\t\t\t<img loading=\"lazy\" decoding=\"async\" width=\"800\" height=\"533\" src=\"https:\/\/www.elturistatranquil.com\/wp-content\/uploads\/F19-Villa-romana-El-Ruedo-Almedinilla-1.jpg\" class=\"attachment-large size-large wp-image-9456\" alt=\"\" srcset=\"https:\/\/www.elturistatranquil.com\/wp-content\/uploads\/F19-Villa-romana-El-Ruedo-Almedinilla-1.jpg 800w, https:\/\/www.elturistatranquil.com\/wp-content\/uploads\/F19-Villa-romana-El-Ruedo-Almedinilla-1-768x512.jpg 768w\" sizes=\"(max-width: 800px) 100vw, 800px\" \/>\t\t\t\t\t\t\t\t\t\t\t\t\t\t\t<\/div>\n\t\t\t\t<\/div>\n\t\t\t\t<div class=\"elementor-element elementor-element-17f86c04 elementor-widget elementor-widget-image\" data-id=\"17f86c04\" data-element_type=\"widget\" data-e-type=\"widget\" data-widget_type=\"image.default\">\n\t\t\t\t<div class=\"elementor-widget-container\">\n\t\t\t\t\t\t\t\t\t\t\t\t\t\t\t<img loading=\"lazy\" decoding=\"async\" width=\"800\" height=\"533\" src=\"https:\/\/www.elturistatranquil.com\/wp-content\/uploads\/F20-Villa-romana-El-Ruedo-Almedinilla-1.jpg\" class=\"attachment-large size-large wp-image-9458\" alt=\"\" srcset=\"https:\/\/www.elturistatranquil.com\/wp-content\/uploads\/F20-Villa-romana-El-Ruedo-Almedinilla-1.jpg 800w, https:\/\/www.elturistatranquil.com\/wp-content\/uploads\/F20-Villa-romana-El-Ruedo-Almedinilla-1-768x512.jpg 768w\" sizes=\"(max-width: 800px) 100vw, 800px\" \/>\t\t\t\t\t\t\t\t\t\t\t\t\t\t\t<\/div>\n\t\t\t\t<\/div>\n\t\t\t\t<div class=\"elementor-element elementor-element-d572b28 elementor-widget elementor-widget-image\" data-id=\"d572b28\" data-element_type=\"widget\" data-e-type=\"widget\" data-widget_type=\"image.default\">\n\t\t\t\t<div class=\"elementor-widget-container\">\n\t\t\t\t\t\t\t\t\t\t\t\t\t\t\t<img loading=\"lazy\" decoding=\"async\" width=\"800\" height=\"533\" src=\"https:\/\/www.elturistatranquil.com\/wp-content\/uploads\/F21-Villa-romana-El-Ruedo-Almedinilla-1.jpg\" class=\"attachment-large size-large wp-image-9460\" alt=\"\" srcset=\"https:\/\/www.elturistatranquil.com\/wp-content\/uploads\/F21-Villa-romana-El-Ruedo-Almedinilla-1.jpg 800w, https:\/\/www.elturistatranquil.com\/wp-content\/uploads\/F21-Villa-romana-El-Ruedo-Almedinilla-1-768x512.jpg 768w\" sizes=\"(max-width: 800px) 100vw, 800px\" \/>\t\t\t\t\t\t\t\t\t\t\t\t\t\t\t<\/div>\n\t\t\t\t<\/div>\n\t\t\t\t<div class=\"elementor-element elementor-element-20d8ab35 elementor-widget elementor-widget-image\" data-id=\"20d8ab35\" data-element_type=\"widget\" data-e-type=\"widget\" data-widget_type=\"image.default\">\n\t\t\t\t<div class=\"elementor-widget-container\">\n\t\t\t\t\t\t\t\t\t\t\t\t\t\t\t<img loading=\"lazy\" decoding=\"async\" width=\"800\" height=\"533\" src=\"https:\/\/www.elturistatranquil.com\/wp-content\/uploads\/F22-Villa-romana-El-Ruedo-Almedinilla-1.jpg\" class=\"attachment-large size-large wp-image-9462\" alt=\"\" srcset=\"https:\/\/www.elturistatranquil.com\/wp-content\/uploads\/F22-Villa-romana-El-Ruedo-Almedinilla-1.jpg 800w, https:\/\/www.elturistatranquil.com\/wp-content\/uploads\/F22-Villa-romana-El-Ruedo-Almedinilla-1-768x512.jpg 768w\" sizes=\"(max-width: 800px) 100vw, 800px\" \/>\t\t\t\t\t\t\t\t\t\t\t\t\t\t\t<\/div>\n\t\t\t\t<\/div>\n\t\t\t\t<div class=\"elementor-element elementor-element-3613a4ad elementor-widget elementor-widget-image\" data-id=\"3613a4ad\" data-element_type=\"widget\" data-e-type=\"widget\" data-widget_type=\"image.default\">\n\t\t\t\t<div class=\"elementor-widget-container\">\n\t\t\t\t\t\t\t\t\t\t\t\t\t\t\t<img loading=\"lazy\" decoding=\"async\" width=\"800\" height=\"533\" src=\"https:\/\/www.elturistatranquil.com\/wp-content\/uploads\/F23-Villa-romana-El-Ruedo-Almedinilla-1.jpg\" class=\"attachment-large size-large wp-image-9464\" alt=\"\" srcset=\"https:\/\/www.elturistatranquil.com\/wp-content\/uploads\/F23-Villa-romana-El-Ruedo-Almedinilla-1.jpg 800w, https:\/\/www.elturistatranquil.com\/wp-content\/uploads\/F23-Villa-romana-El-Ruedo-Almedinilla-1-768x512.jpg 768w\" sizes=\"(max-width: 800px) 100vw, 800px\" \/>\t\t\t\t\t\t\t\t\t\t\t\t\t\t\t<\/div>\n\t\t\t\t<\/div>\n\t\t\t\t<div class=\"elementor-element elementor-element-4ed110bf elementor-widget elementor-widget-image\" data-id=\"4ed110bf\" data-element_type=\"widget\" data-e-type=\"widget\" data-widget_type=\"image.default\">\n\t\t\t\t<div class=\"elementor-widget-container\">\n\t\t\t\t\t\t\t\t\t\t\t\t\t\t\t<img loading=\"lazy\" decoding=\"async\" width=\"800\" height=\"533\" src=\"https:\/\/www.elturistatranquil.com\/wp-content\/uploads\/F24-Villa-romana-El-Ruedo-Almedinilla-1.jpg\" class=\"attachment-large size-large wp-image-9466\" alt=\"\" srcset=\"https:\/\/www.elturistatranquil.com\/wp-content\/uploads\/F24-Villa-romana-El-Ruedo-Almedinilla-1.jpg 800w, https:\/\/www.elturistatranquil.com\/wp-content\/uploads\/F24-Villa-romana-El-Ruedo-Almedinilla-1-768x512.jpg 768w\" sizes=\"(max-width: 800px) 100vw, 800px\" \/>\t\t\t\t\t\t\t\t\t\t\t\t\t\t\t<\/div>\n\t\t\t\t<\/div>\n\t\t\t\t<div class=\"elementor-element elementor-element-49ee1c14 elementor-widget elementor-widget-image\" data-id=\"49ee1c14\" data-element_type=\"widget\" data-e-type=\"widget\" data-widget_type=\"image.default\">\n\t\t\t\t<div class=\"elementor-widget-container\">\n\t\t\t\t\t\t\t\t\t\t\t\t\t\t\t<img loading=\"lazy\" decoding=\"async\" width=\"800\" height=\"533\" src=\"https:\/\/www.elturistatranquil.com\/wp-content\/uploads\/F25-Villa-romana-El-Ruedo-Almedinilla-1.jpg\" class=\"attachment-large size-large wp-image-9468\" alt=\"\" srcset=\"https:\/\/www.elturistatranquil.com\/wp-content\/uploads\/F25-Villa-romana-El-Ruedo-Almedinilla-1.jpg 800w, https:\/\/www.elturistatranquil.com\/wp-content\/uploads\/F25-Villa-romana-El-Ruedo-Almedinilla-1-768x512.jpg 768w\" sizes=\"(max-width: 800px) 100vw, 800px\" \/>\t\t\t\t\t\t\t\t\t\t\t\t\t\t\t<\/div>\n\t\t\t\t<\/div>\n\t\t\t\t<div class=\"elementor-element elementor-element-a0f5350 elementor-widget elementor-widget-image\" data-id=\"a0f5350\" data-element_type=\"widget\" data-e-type=\"widget\" data-widget_type=\"image.default\">\n\t\t\t\t<div class=\"elementor-widget-container\">\n\t\t\t\t\t\t\t\t\t\t\t\t\t\t\t<img loading=\"lazy\" decoding=\"async\" width=\"800\" height=\"533\" src=\"https:\/\/www.elturistatranquil.com\/wp-content\/uploads\/F26-Villa-romana-El-Ruedo-Almedinilla-1.jpg\" class=\"attachment-large size-large wp-image-9470\" alt=\"\" srcset=\"https:\/\/www.elturistatranquil.com\/wp-content\/uploads\/F26-Villa-romana-El-Ruedo-Almedinilla-1.jpg 800w, https:\/\/www.elturistatranquil.com\/wp-content\/uploads\/F26-Villa-romana-El-Ruedo-Almedinilla-1-768x512.jpg 768w\" sizes=\"(max-width: 800px) 100vw, 800px\" \/>\t\t\t\t\t\t\t\t\t\t\t\t\t\t\t<\/div>\n\t\t\t\t<\/div>\n\t\t\t\t<div class=\"elementor-element elementor-element-78d9d3f3 elementor-widget elementor-widget-image\" data-id=\"78d9d3f3\" data-element_type=\"widget\" data-e-type=\"widget\" data-widget_type=\"image.default\">\n\t\t\t\t<div class=\"elementor-widget-container\">\n\t\t\t\t\t\t\t\t\t\t\t\t\t\t\t<img loading=\"lazy\" decoding=\"async\" width=\"800\" height=\"533\" src=\"https:\/\/www.elturistatranquil.com\/wp-content\/uploads\/F27-Villa-romana-El-Ruedo-Almedinilla-1.jpg\" class=\"attachment-large size-large wp-image-9472\" alt=\"\" srcset=\"https:\/\/www.elturistatranquil.com\/wp-content\/uploads\/F27-Villa-romana-El-Ruedo-Almedinilla-1.jpg 800w, https:\/\/www.elturistatranquil.com\/wp-content\/uploads\/F27-Villa-romana-El-Ruedo-Almedinilla-1-768x512.jpg 768w\" sizes=\"(max-width: 800px) 100vw, 800px\" \/>\t\t\t\t\t\t\t\t\t\t\t\t\t\t\t<\/div>\n\t\t\t\t<\/div>\n\t\t\t\t<div class=\"elementor-element elementor-element-170bb16f elementor-widget elementor-widget-image\" data-id=\"170bb16f\" data-element_type=\"widget\" data-e-type=\"widget\" data-widget_type=\"image.default\">\n\t\t\t\t<div class=\"elementor-widget-container\">\n\t\t\t\t\t\t\t\t\t\t\t\t\t\t\t<img loading=\"lazy\" decoding=\"async\" width=\"800\" height=\"533\" src=\"https:\/\/www.elturistatranquil.com\/wp-content\/uploads\/F28-Villa-romana-El-Ruedo-Almedinilla-1.jpg\" class=\"attachment-large size-large wp-image-9474\" alt=\"\" srcset=\"https:\/\/www.elturistatranquil.com\/wp-content\/uploads\/F28-Villa-romana-El-Ruedo-Almedinilla-1.jpg 800w, https:\/\/www.elturistatranquil.com\/wp-content\/uploads\/F28-Villa-romana-El-Ruedo-Almedinilla-1-768x512.jpg 768w\" sizes=\"(max-width: 800px) 100vw, 800px\" \/>\t\t\t\t\t\t\t\t\t\t\t\t\t\t\t<\/div>\n\t\t\t\t<\/div>\n\t\t\t\t<div class=\"elementor-element elementor-element-19b24f3f elementor-widget elementor-widget-heading\" data-id=\"19b24f3f\" data-element_type=\"widget\" data-e-type=\"widget\" data-widget_type=\"heading.default\">\n\t\t\t\t<div class=\"elementor-widget-container\">\n\t\t\t\t\t<h4 class=\"elementor-heading-title elementor-size-default\">3. Banys o sala amb \u00abhipocastum\u00bb <\/h4>\t\t\t\t<\/div>\n\t\t\t\t<\/div>\n\t\t\t\t<div class=\"elementor-element elementor-element-2df6fa20 elementor-widget elementor-widget-text-editor\" data-id=\"2df6fa20\" data-element_type=\"widget\" data-e-type=\"widget\" data-widget_type=\"text-editor.default\">\n\t\t\t\t<div class=\"elementor-widget-container\">\n\t\t\t\t\t\t\t\t\t<p>La <strong>sala del bany<\/strong> posse\u00efa un sistema de calefacci\u00f3 (<strong><em>hypocaustum<\/em><\/strong>) constitu\u00eft per un s\u00f2l buit sostingut per arcs (<em>pilae<\/em>) per facilitar la circulaci\u00f3 de l&#8217;aire calent (o vapor d&#8217;aigua) que es generava al forn (<em>praefurnium<\/em>) contigu. L&#8217;aire calent circulava tamb\u00e9 entre l&#8217;estuc pintat de les parets i el mur a partir d&#8217;una c\u00e0mera d&#8217;aire (avui coberta de terra). Possiblement aquest espai va haver de conformar un conjunt amb les altres tres habitacions que estan en relaci\u00f3 amb ell.<\/p><p>Aquest sistema de calefacci\u00f3 encara avui es conserva en l&#8217;arquitectura tradicional de Castella amb el nom de &#8220;gloria&#8221;.<\/p>\t\t\t\t\t\t\t\t<\/div>\n\t\t\t\t<\/div>\n\t\t\t\t<div class=\"elementor-element elementor-element-de856a8 elementor-widget elementor-widget-image\" data-id=\"de856a8\" data-element_type=\"widget\" data-e-type=\"widget\" data-widget_type=\"image.default\">\n\t\t\t\t<div class=\"elementor-widget-container\">\n\t\t\t\t\t\t\t\t\t\t\t\t\t\t\t<img loading=\"lazy\" decoding=\"async\" width=\"800\" height=\"533\" src=\"https:\/\/www.elturistatranquil.com\/wp-content\/uploads\/F29-Villa-romana-El-Ruedo-Almedinilla-1.jpg\" class=\"attachment-large size-large wp-image-9476\" alt=\"\" srcset=\"https:\/\/www.elturistatranquil.com\/wp-content\/uploads\/F29-Villa-romana-El-Ruedo-Almedinilla-1.jpg 800w, https:\/\/www.elturistatranquil.com\/wp-content\/uploads\/F29-Villa-romana-El-Ruedo-Almedinilla-1-768x512.jpg 768w\" sizes=\"(max-width: 800px) 100vw, 800px\" \/>\t\t\t\t\t\t\t\t\t\t\t\t\t\t\t<\/div>\n\t\t\t\t<\/div>\n\t\t\t\t<div class=\"elementor-element elementor-element-7ef1769b elementor-widget elementor-widget-image\" data-id=\"7ef1769b\" data-element_type=\"widget\" data-e-type=\"widget\" data-widget_type=\"image.default\">\n\t\t\t\t<div class=\"elementor-widget-container\">\n\t\t\t\t\t\t\t\t\t\t\t\t\t\t\t<img loading=\"lazy\" decoding=\"async\" width=\"800\" height=\"533\" src=\"https:\/\/www.elturistatranquil.com\/wp-content\/uploads\/F30-Villa-romana-El-Ruedo-Almedinilla-1.jpg\" class=\"attachment-large size-large wp-image-9478\" alt=\"\" srcset=\"https:\/\/www.elturistatranquil.com\/wp-content\/uploads\/F30-Villa-romana-El-Ruedo-Almedinilla-1.jpg 800w, https:\/\/www.elturistatranquil.com\/wp-content\/uploads\/F30-Villa-romana-El-Ruedo-Almedinilla-1-768x512.jpg 768w\" sizes=\"(max-width: 800px) 100vw, 800px\" \/>\t\t\t\t\t\t\t\t\t\t\t\t\t\t\t<\/div>\n\t\t\t\t<\/div>\n\t\t\t\t<div class=\"elementor-element elementor-element-44ea11d2 elementor-widget elementor-widget-image\" data-id=\"44ea11d2\" data-element_type=\"widget\" data-e-type=\"widget\" data-widget_type=\"image.default\">\n\t\t\t\t<div class=\"elementor-widget-container\">\n\t\t\t\t\t\t\t\t\t\t\t\t\t\t\t<img loading=\"lazy\" decoding=\"async\" width=\"800\" height=\"533\" src=\"https:\/\/www.elturistatranquil.com\/wp-content\/uploads\/F31-Villa-romana-El-Ruedo-Almedinilla-1.jpg\" class=\"attachment-large size-large wp-image-9480\" alt=\"\" srcset=\"https:\/\/www.elturistatranquil.com\/wp-content\/uploads\/F31-Villa-romana-El-Ruedo-Almedinilla-1.jpg 800w, https:\/\/www.elturistatranquil.com\/wp-content\/uploads\/F31-Villa-romana-El-Ruedo-Almedinilla-1-768x512.jpg 768w\" sizes=\"(max-width: 800px) 100vw, 800px\" \/>\t\t\t\t\t\t\t\t\t\t\t\t\t\t\t<\/div>\n\t\t\t\t<\/div>\n\t\t\t\t<div class=\"elementor-element elementor-element-3332697b elementor-widget elementor-widget-text-editor\" data-id=\"3332697b\" data-element_type=\"widget\" data-e-type=\"widget\" data-widget_type=\"text-editor.default\">\n\t\t\t\t<div class=\"elementor-widget-container\">\n\t\t\t\t\t\t\t\t\t<p>Zona del <strong>forn <\/strong>(<strong><em>praefurnium<\/em><\/strong>)<\/p>\t\t\t\t\t\t\t\t<\/div>\n\t\t\t\t<\/div>\n\t\t\t\t<div class=\"elementor-element elementor-element-767b8370 elementor-widget elementor-widget-image\" data-id=\"767b8370\" data-element_type=\"widget\" data-e-type=\"widget\" data-widget_type=\"image.default\">\n\t\t\t\t<div class=\"elementor-widget-container\">\n\t\t\t\t\t\t\t\t\t\t\t\t\t\t\t<img loading=\"lazy\" decoding=\"async\" width=\"800\" height=\"533\" src=\"https:\/\/www.elturistatranquil.com\/wp-content\/uploads\/F32-Villa-romana-El-Ruedo-Almedinilla-1.jpg\" class=\"attachment-large size-large wp-image-9482\" alt=\"\" srcset=\"https:\/\/www.elturistatranquil.com\/wp-content\/uploads\/F32-Villa-romana-El-Ruedo-Almedinilla-1.jpg 800w, https:\/\/www.elturistatranquil.com\/wp-content\/uploads\/F32-Villa-romana-El-Ruedo-Almedinilla-1-768x512.jpg 768w\" sizes=\"(max-width: 800px) 100vw, 800px\" \/>\t\t\t\t\t\t\t\t\t\t\t\t\t\t\t<\/div>\n\t\t\t\t<\/div>\n\t\t\t\t<div class=\"elementor-element elementor-element-7f84cd76 elementor-widget elementor-widget-heading\" data-id=\"7f84cd76\" data-element_type=\"widget\" data-e-type=\"widget\" data-widget_type=\"heading.default\">\n\t\t\t\t<div class=\"elementor-widget-container\">\n\t\t\t\t\t<h4 class=\"elementor-heading-title elementor-size-default\">4. Menjador o \u00abtriclinium\u00bb <\/h4>\t\t\t\t<\/div>\n\t\t\t\t<\/div>\n\t\t\t\t<div class=\"elementor-element elementor-element-7326e0c8 elementor-widget elementor-widget-text-editor\" data-id=\"7326e0c8\" data-element_type=\"widget\" data-e-type=\"widget\" data-widget_type=\"text-editor.default\">\n\t\t\t\t<div class=\"elementor-widget-container\">\n\t\t\t\t\t\t\t\t\t<p>Ens trobem a la sala del <strong>menjador<\/strong> o <strong><em>triclinium<\/em><\/strong>, la sala de recepci\u00f3 m\u00e9s important de l&#8217;habitatge residencial (amb gaireb\u00e9 90 metres quadrats).<\/p><p>Nom\u00e9s entrar, el visitant veuria caure en cascada l&#8217;aigua procedent d&#8217;un <em>ninphaeum<\/em> situat al fons de la sala que, a trav\u00e9s de canonada de plom, dirigia l&#8217;aigua a l&#8217;altra font que presideix la taula semicircular o <em>stibadium<\/em>, on es menjava recolzat .<\/p>\t\t\t\t\t\t\t\t<\/div>\n\t\t\t\t<\/div>\n\t\t\t\t<div class=\"elementor-element elementor-element-1f624a4d elementor-widget elementor-widget-image\" data-id=\"1f624a4d\" data-element_type=\"widget\" data-e-type=\"widget\" data-widget_type=\"image.default\">\n\t\t\t\t<div class=\"elementor-widget-container\">\n\t\t\t\t\t\t\t\t\t\t\t\t\t\t\t<img loading=\"lazy\" decoding=\"async\" width=\"800\" height=\"533\" src=\"https:\/\/www.elturistatranquil.com\/wp-content\/uploads\/F33-Villa-romana-El-Ruedo-Almedinilla-1.jpg\" class=\"attachment-large size-large wp-image-9484\" alt=\"\" srcset=\"https:\/\/www.elturistatranquil.com\/wp-content\/uploads\/F33-Villa-romana-El-Ruedo-Almedinilla-1.jpg 800w, https:\/\/www.elturistatranquil.com\/wp-content\/uploads\/F33-Villa-romana-El-Ruedo-Almedinilla-1-768x512.jpg 768w\" sizes=\"(max-width: 800px) 100vw, 800px\" \/>\t\t\t\t\t\t\t\t\t\t\t\t\t\t\t<\/div>\n\t\t\t\t<\/div>\n\t\t\t\t<div class=\"elementor-element elementor-element-192d8d35 elementor-widget elementor-widget-text-editor\" data-id=\"192d8d35\" data-element_type=\"widget\" data-e-type=\"widget\" data-widget_type=\"text-editor.default\">\n\t\t\t\t<div class=\"elementor-widget-container\">\n\t\t\t\t\t\t\t\t\t<p>Des d&#8217;aqu\u00ed l&#8217;aigua era condu\u00efda a la font del pati central que articula l&#8217;habitatge. Es pot observar un tros de canonada de plom.<\/p>\t\t\t\t\t\t\t\t<\/div>\n\t\t\t\t<\/div>\n\t\t\t\t<div class=\"elementor-element elementor-element-13ced7f1 elementor-widget elementor-widget-image\" data-id=\"13ced7f1\" data-element_type=\"widget\" data-e-type=\"widget\" data-widget_type=\"image.default\">\n\t\t\t\t<div class=\"elementor-widget-container\">\n\t\t\t\t\t\t\t\t\t\t\t\t\t\t\t<img loading=\"lazy\" decoding=\"async\" width=\"800\" height=\"533\" src=\"https:\/\/www.elturistatranquil.com\/wp-content\/uploads\/F34-Villa-romana-El-Ruedo-Almedinilla-1.jpg\" class=\"attachment-large size-large wp-image-9486\" alt=\"\" srcset=\"https:\/\/www.elturistatranquil.com\/wp-content\/uploads\/F34-Villa-romana-El-Ruedo-Almedinilla-1.jpg 800w, https:\/\/www.elturistatranquil.com\/wp-content\/uploads\/F34-Villa-romana-El-Ruedo-Almedinilla-1-768x512.jpg 768w\" sizes=\"(max-width: 800px) 100vw, 800px\" \/>\t\t\t\t\t\t\t\t\t\t\t\t\t\t\t<\/div>\n\t\t\t\t<\/div>\n\t\t\t\t<div class=\"elementor-element elementor-element-22a98b1f elementor-widget elementor-widget-image\" data-id=\"22a98b1f\" data-element_type=\"widget\" data-e-type=\"widget\" data-widget_type=\"image.default\">\n\t\t\t\t<div class=\"elementor-widget-container\">\n\t\t\t\t\t\t\t\t\t\t\t\t\t\t\t<img loading=\"lazy\" decoding=\"async\" width=\"800\" height=\"533\" src=\"https:\/\/www.elturistatranquil.com\/wp-content\/uploads\/F35-Villa-romana-El-Ruedo-Almedinilla-1.jpg\" class=\"attachment-large size-large wp-image-9488\" alt=\"\" srcset=\"https:\/\/www.elturistatranquil.com\/wp-content\/uploads\/F35-Villa-romana-El-Ruedo-Almedinilla-1.jpg 800w, https:\/\/www.elturistatranquil.com\/wp-content\/uploads\/F35-Villa-romana-El-Ruedo-Almedinilla-1-768x512.jpg 768w\" sizes=\"(max-width: 800px) 100vw, 800px\" \/>\t\t\t\t\t\t\t\t\t\t\t\t\t\t\t<\/div>\n\t\t\t\t<\/div>\n\t\t\t\t<div class=\"elementor-element elementor-element-3ad2f6dc elementor-widget elementor-widget-image\" data-id=\"3ad2f6dc\" data-element_type=\"widget\" data-e-type=\"widget\" data-widget_type=\"image.default\">\n\t\t\t\t<div class=\"elementor-widget-container\">\n\t\t\t\t\t\t\t\t\t\t\t\t\t\t\t<img loading=\"lazy\" decoding=\"async\" width=\"800\" height=\"533\" src=\"https:\/\/www.elturistatranquil.com\/wp-content\/uploads\/F36-Villa-romana-El-Ruedo-Almedinilla-1.jpg\" class=\"attachment-large size-large wp-image-9490\" alt=\"\" srcset=\"https:\/\/www.elturistatranquil.com\/wp-content\/uploads\/F36-Villa-romana-El-Ruedo-Almedinilla-1.jpg 800w, https:\/\/www.elturistatranquil.com\/wp-content\/uploads\/F36-Villa-romana-El-Ruedo-Almedinilla-1-768x512.jpg 768w\" sizes=\"(max-width: 800px) 100vw, 800px\" \/>\t\t\t\t\t\t\t\t\t\t\t\t\t\t\t<\/div>\n\t\t\t\t<\/div>\n\t\t\t\t<div class=\"elementor-element elementor-element-33dc04de elementor-widget elementor-widget-image\" data-id=\"33dc04de\" data-element_type=\"widget\" data-e-type=\"widget\" data-widget_type=\"image.default\">\n\t\t\t\t<div class=\"elementor-widget-container\">\n\t\t\t\t\t\t\t\t\t\t\t\t\t\t\t<img loading=\"lazy\" decoding=\"async\" width=\"800\" height=\"533\" src=\"https:\/\/www.elturistatranquil.com\/wp-content\/uploads\/F37-Villa-romana-El-Ruedo-Almedinilla-1.jpg\" class=\"attachment-large size-large wp-image-9492\" alt=\"\" srcset=\"https:\/\/www.elturistatranquil.com\/wp-content\/uploads\/F37-Villa-romana-El-Ruedo-Almedinilla-1.jpg 800w, https:\/\/www.elturistatranquil.com\/wp-content\/uploads\/F37-Villa-romana-El-Ruedo-Almedinilla-1-768x512.jpg 768w\" sizes=\"(max-width: 800px) 100vw, 800px\" \/>\t\t\t\t\t\t\t\t\t\t\t\t\t\t\t<\/div>\n\t\t\t\t<\/div>\n\t\t\t\t<div class=\"elementor-element elementor-element-1ab94646 elementor-widget elementor-widget-image\" data-id=\"1ab94646\" data-element_type=\"widget\" data-e-type=\"widget\" data-widget_type=\"image.default\">\n\t\t\t\t<div class=\"elementor-widget-container\">\n\t\t\t\t\t\t\t\t\t\t\t\t\t\t\t<img loading=\"lazy\" decoding=\"async\" width=\"800\" height=\"533\" src=\"https:\/\/www.elturistatranquil.com\/wp-content\/uploads\/F38-Villa-romana-El-Ruedo-Almedinilla-1.jpg\" class=\"attachment-large size-large wp-image-9494\" alt=\"\" srcset=\"https:\/\/www.elturistatranquil.com\/wp-content\/uploads\/F38-Villa-romana-El-Ruedo-Almedinilla-1.jpg 800w, https:\/\/www.elturistatranquil.com\/wp-content\/uploads\/F38-Villa-romana-El-Ruedo-Almedinilla-1-768x512.jpg 768w\" sizes=\"(max-width: 800px) 100vw, 800px\" \/>\t\t\t\t\t\t\t\t\t\t\t\t\t\t\t<\/div>\n\t\t\t\t<\/div>\n\t\t\t\t<div class=\"elementor-element elementor-element-3e6c17ea elementor-widget elementor-widget-image\" data-id=\"3e6c17ea\" data-element_type=\"widget\" data-e-type=\"widget\" data-widget_type=\"image.default\">\n\t\t\t\t<div class=\"elementor-widget-container\">\n\t\t\t\t\t\t\t\t\t\t\t\t\t\t\t<img loading=\"lazy\" decoding=\"async\" width=\"800\" height=\"533\" src=\"https:\/\/www.elturistatranquil.com\/wp-content\/uploads\/F39-Villa-romana-El-Ruedo-Almedinilla-1.jpg\" class=\"attachment-large size-large wp-image-9496\" alt=\"\" srcset=\"https:\/\/www.elturistatranquil.com\/wp-content\/uploads\/F39-Villa-romana-El-Ruedo-Almedinilla-1.jpg 800w, https:\/\/www.elturistatranquil.com\/wp-content\/uploads\/F39-Villa-romana-El-Ruedo-Almedinilla-1-768x512.jpg 768w\" sizes=\"(max-width: 800px) 100vw, 800px\" \/>\t\t\t\t\t\t\t\t\t\t\t\t\t\t\t<\/div>\n\t\t\t\t<\/div>\n\t\t\t\t<div class=\"elementor-element elementor-element-2f0d19b6 elementor-widget elementor-widget-text-editor\" data-id=\"2f0d19b6\" data-element_type=\"widget\" data-e-type=\"widget\" data-widget_type=\"text-editor.default\">\n\t\t\t\t<div class=\"elementor-widget-container\">\n\t\t\t\t\t\t\t\t\t<p>L&#8217;escultura del d\u00e9u de la son <em>Hypnos<\/em> o <em>Sommus<\/em> devia decorar aquesta sala, que recorda l&#8217;estatge de la son descrita pel poeta Ovidi en la seva obra <em>Les metamorfosis<\/em>.<\/p>\t\t\t\t\t\t\t\t<\/div>\n\t\t\t\t<\/div>\n\t\t\t\t<div class=\"elementor-element elementor-element-477b60ea elementor-widget elementor-widget-image\" data-id=\"477b60ea\" data-element_type=\"widget\" data-e-type=\"widget\" data-widget_type=\"image.default\">\n\t\t\t\t<div class=\"elementor-widget-container\">\n\t\t\t\t\t\t\t\t\t\t\t\t\t\t\t<img loading=\"lazy\" decoding=\"async\" width=\"403\" height=\"550\" src=\"https:\/\/www.elturistatranquil.com\/wp-content\/uploads\/F40-Museo-Historico-Arqueologico-Almedinilla-Hypnos-1.jpg\" class=\"attachment-large size-large wp-image-9498\" alt=\"\" \/>\t\t\t\t\t\t\t\t\t\t\t\t\t\t\t<\/div>\n\t\t\t\t<\/div>\n\t\t\t\t<div class=\"elementor-element elementor-element-1d497ead elementor-widget elementor-widget-text-editor\" data-id=\"1d497ead\" data-element_type=\"widget\" data-e-type=\"widget\" data-widget_type=\"text-editor.default\">\n\t\t\t\t<div class=\"elementor-widget-container\">\n\t\t\t\t\t\t\t\t\t<p>Estat en qu\u00e8 es va trobar l&#8217;escultura d&#8217;<em>Hypnos<\/em>, reconstru\u00efda en la fotografia anterior.<\/p>\t\t\t\t\t\t\t\t<\/div>\n\t\t\t\t<\/div>\n\t\t\t\t<div class=\"elementor-element elementor-element-15b54951 elementor-widget elementor-widget-image\" data-id=\"15b54951\" data-element_type=\"widget\" data-e-type=\"widget\" data-widget_type=\"image.default\">\n\t\t\t\t<div class=\"elementor-widget-container\">\n\t\t\t\t\t\t\t\t\t\t\t\t\t\t\t<img loading=\"lazy\" decoding=\"async\" width=\"388\" height=\"550\" src=\"https:\/\/www.elturistatranquil.com\/wp-content\/uploads\/F41-Museo-Historico-Arqueologico-Almedinilla-Hypnos-despiece-1.jpg\" class=\"attachment-large size-large wp-image-9500\" alt=\"\" \/>\t\t\t\t\t\t\t\t\t\t\t\t\t\t\t<\/div>\n\t\t\t\t<\/div>\n\t\t\t\t<div class=\"elementor-element elementor-element-2f064e04 elementor-widget elementor-widget-text-editor\" data-id=\"2f064e04\" data-element_type=\"widget\" data-e-type=\"widget\" data-widget_type=\"text-editor.default\">\n\t\t\t\t<div class=\"elementor-widget-container\">\n\t\t\t\t\t\t\t\t\t<p>El dibuix seg\u00fcent aporta una interpretaci\u00f3 de com havia de ser el menjador amb la font o <em>nimphaeum<\/em> al fons, mentre els comensals menjaven tombats al <em>stibadium<\/em>.<\/p>\t\t\t\t\t\t\t\t<\/div>\n\t\t\t\t<\/div>\n\t\t\t\t<div class=\"elementor-element elementor-element-4272a222 elementor-widget elementor-widget-image\" data-id=\"4272a222\" data-element_type=\"widget\" data-e-type=\"widget\" data-widget_type=\"image.default\">\n\t\t\t\t<div class=\"elementor-widget-container\">\n\t\t\t\t\t\t\t\t\t\t\t\t\t\t\t<img loading=\"lazy\" decoding=\"async\" width=\"709\" height=\"550\" src=\"https:\/\/www.elturistatranquil.com\/wp-content\/uploads\/F42-Villa-romana-El-Ruedo-Almedinilla-1.jpg\" class=\"attachment-large size-large wp-image-9502\" alt=\"\" \/>\t\t\t\t\t\t\t\t\t\t\t\t\t\t\t<\/div>\n\t\t\t\t<\/div>\n\t\t\t\t<div class=\"elementor-element elementor-element-71295964 elementor-widget elementor-widget-heading\" data-id=\"71295964\" data-element_type=\"widget\" data-e-type=\"widget\" data-widget_type=\"heading.default\">\n\t\t\t\t<div class=\"elementor-widget-container\">\n\t\t\t\t\t<h4 class=\"elementor-heading-title elementor-size-default\">5. Font o \u00abnimphaeum\u00bb <\/h4>\t\t\t\t<\/div>\n\t\t\t\t<\/div>\n\t\t\t\t<div class=\"elementor-element elementor-element-12db899b elementor-widget elementor-widget-text-editor\" data-id=\"12db899b\" data-element_type=\"widget\" data-e-type=\"widget\" data-widget_type=\"text-editor.default\">\n\t\t\t\t<div class=\"elementor-widget-container\">\n\t\t\t\t\t\t\t\t\t<p>La <strong>font<\/strong> o <strong><em>nimphaeum<\/em><\/strong>, forma un complex hidr\u00e0ulic situat darrere del <em>triclinium<\/em>, formant una cascada artificial d&#8217;aigua que devia donar un aspecte monumental a la sala del menjador.<\/p>\t\t\t\t\t\t\t\t<\/div>\n\t\t\t\t<\/div>\n\t\t\t\t<div class=\"elementor-element elementor-element-a2079b7 elementor-widget elementor-widget-image\" data-id=\"a2079b7\" data-element_type=\"widget\" data-e-type=\"widget\" data-widget_type=\"image.default\">\n\t\t\t\t<div class=\"elementor-widget-container\">\n\t\t\t\t\t\t\t\t\t\t\t\t\t\t\t<img loading=\"lazy\" decoding=\"async\" width=\"800\" height=\"533\" src=\"https:\/\/www.elturistatranquil.com\/wp-content\/uploads\/F43-Villa-romana-El-Ruedo-Almedinilla-1.jpg\" class=\"attachment-large size-large wp-image-9504\" alt=\"\" srcset=\"https:\/\/www.elturistatranquil.com\/wp-content\/uploads\/F43-Villa-romana-El-Ruedo-Almedinilla-1.jpg 800w, https:\/\/www.elturistatranquil.com\/wp-content\/uploads\/F43-Villa-romana-El-Ruedo-Almedinilla-1-768x512.jpg 768w\" sizes=\"(max-width: 800px) 100vw, 800px\" \/>\t\t\t\t\t\t\t\t\t\t\t\t\t\t\t<\/div>\n\t\t\t\t<\/div>\n\t\t\t\t<div class=\"elementor-element elementor-element-352a405e elementor-widget elementor-widget-text-editor\" data-id=\"352a405e\" data-element_type=\"widget\" data-e-type=\"widget\" data-widget_type=\"text-editor.default\">\n\t\t\t\t<div class=\"elementor-widget-container\">\n\t\t\t\t\t\t\t\t\t<p>Al fons de la cascada, a la part superior, devia de trobar-se situat el conjunt escult\u00f2ric de <strong>Perseu i Andr\u00f2meda<\/strong>, del qual nom\u00e9s es conserva la figura parcial d&#8217;<strong>Andr\u00f2meda<\/strong>.<\/p>\t\t\t\t\t\t\t\t<\/div>\n\t\t\t\t<\/div>\n\t\t\t\t<div class=\"elementor-element elementor-element-7415273a elementor-widget elementor-widget-image\" data-id=\"7415273a\" data-element_type=\"widget\" data-e-type=\"widget\" data-widget_type=\"image.default\">\n\t\t\t\t<div class=\"elementor-widget-container\">\n\t\t\t\t\t\t\t\t\t\t\t\t\t\t\t<img loading=\"lazy\" decoding=\"async\" width=\"800\" height=\"533\" src=\"https:\/\/www.elturistatranquil.com\/wp-content\/uploads\/F44-Museo-Historico-Arqueologico-Almedinilla-Perseo-y-Andromeda-1.jpg\" class=\"attachment-large size-large wp-image-9506\" alt=\"\" srcset=\"https:\/\/www.elturistatranquil.com\/wp-content\/uploads\/F44-Museo-Historico-Arqueologico-Almedinilla-Perseo-y-Andromeda-1.jpg 800w, https:\/\/www.elturistatranquil.com\/wp-content\/uploads\/F44-Museo-Historico-Arqueologico-Almedinilla-Perseo-y-Andromeda-1-768x512.jpg 768w\" sizes=\"(max-width: 800px) 100vw, 800px\" \/>\t\t\t\t\t\t\t\t\t\t\t\t\t\t\t<\/div>\n\t\t\t\t<\/div>\n\t\t\t\t<div class=\"elementor-element elementor-element-177e3448 elementor-widget elementor-widget-image\" data-id=\"177e3448\" data-element_type=\"widget\" data-e-type=\"widget\" data-widget_type=\"image.default\">\n\t\t\t\t<div class=\"elementor-widget-container\">\n\t\t\t\t\t\t\t\t\t\t\t\t\t\t\t<img loading=\"lazy\" decoding=\"async\" width=\"800\" height=\"533\" src=\"https:\/\/www.elturistatranquil.com\/wp-content\/uploads\/F45-Villa-romana-El-Ruedo-Almedinilla-1.jpg\" class=\"attachment-large size-large wp-image-9508\" alt=\"\" srcset=\"https:\/\/www.elturistatranquil.com\/wp-content\/uploads\/F45-Villa-romana-El-Ruedo-Almedinilla-1.jpg 800w, https:\/\/www.elturistatranquil.com\/wp-content\/uploads\/F45-Villa-romana-El-Ruedo-Almedinilla-1-768x512.jpg 768w\" sizes=\"(max-width: 800px) 100vw, 800px\" \/>\t\t\t\t\t\t\t\t\t\t\t\t\t\t\t<\/div>\n\t\t\t\t<\/div>\n\t\t\t\t<div class=\"elementor-element elementor-element-51fe8d5f elementor-widget elementor-widget-image\" data-id=\"51fe8d5f\" data-element_type=\"widget\" data-e-type=\"widget\" data-widget_type=\"image.default\">\n\t\t\t\t<div class=\"elementor-widget-container\">\n\t\t\t\t\t\t\t\t\t\t\t\t\t\t\t<img loading=\"lazy\" decoding=\"async\" width=\"800\" height=\"533\" src=\"https:\/\/www.elturistatranquil.com\/wp-content\/uploads\/F46-Villa-romana-El-Ruedo-Almedinilla-1.jpg\" class=\"attachment-large size-large wp-image-9510\" alt=\"\" srcset=\"https:\/\/www.elturistatranquil.com\/wp-content\/uploads\/F46-Villa-romana-El-Ruedo-Almedinilla-1.jpg 800w, https:\/\/www.elturistatranquil.com\/wp-content\/uploads\/F46-Villa-romana-El-Ruedo-Almedinilla-1-768x512.jpg 768w\" sizes=\"(max-width: 800px) 100vw, 800px\" \/>\t\t\t\t\t\t\t\t\t\t\t\t\t\t\t<\/div>\n\t\t\t\t<\/div>\n\t\t\t\t<div class=\"elementor-element elementor-element-3c19d045 elementor-widget elementor-widget-heading\" data-id=\"3c19d045\" data-element_type=\"widget\" data-e-type=\"widget\" data-widget_type=\"heading.default\">\n\t\t\t\t<div class=\"elementor-widget-container\">\n\t\t\t\t\t<h4 class=\"elementor-heading-title elementor-size-default\">6. Cuina<\/h4>\t\t\t\t<\/div>\n\t\t\t\t<\/div>\n\t\t\t\t<div class=\"elementor-element elementor-element-29211d8d elementor-widget elementor-widget-text-editor\" data-id=\"29211d8d\" data-element_type=\"widget\" data-e-type=\"widget\" data-widget_type=\"text-editor.default\">\n\t\t\t\t<div class=\"elementor-widget-container\">\n\t\t\t\t\t\t\t\t\t<p>De la cuina nom\u00e9s es conserva l&#8217;espai que ocupava. Al museu es poden admirar cer\u00e0mica d&#8217;atuells diversos.<\/p>\t\t\t\t\t\t\t\t<\/div>\n\t\t\t\t<\/div>\n\t\t\t\t<div class=\"elementor-element elementor-element-1b982fa8 elementor-widget elementor-widget-image\" data-id=\"1b982fa8\" data-element_type=\"widget\" data-e-type=\"widget\" data-widget_type=\"image.default\">\n\t\t\t\t<div class=\"elementor-widget-container\">\n\t\t\t\t\t\t\t\t\t\t\t\t\t\t\t<img loading=\"lazy\" decoding=\"async\" width=\"800\" height=\"309\" src=\"https:\/\/www.elturistatranquil.com\/wp-content\/uploads\/F47-Museo-Historico-Arqueologico-Almedinilla-1.jpg\" class=\"attachment-large size-large wp-image-9512\" alt=\"\" srcset=\"https:\/\/www.elturistatranquil.com\/wp-content\/uploads\/F47-Museo-Historico-Arqueologico-Almedinilla-1.jpg 800w, https:\/\/www.elturistatranquil.com\/wp-content\/uploads\/F47-Museo-Historico-Arqueologico-Almedinilla-1-768x297.jpg 768w\" sizes=\"(max-width: 800px) 100vw, 800px\" \/>\t\t\t\t\t\t\t\t\t\t\t\t\t\t\t<\/div>\n\t\t\t\t<\/div>\n\t\t\t\t<div class=\"elementor-element elementor-element-7ee4a5bd elementor-widget elementor-widget-image\" data-id=\"7ee4a5bd\" data-element_type=\"widget\" data-e-type=\"widget\" data-widget_type=\"image.default\">\n\t\t\t\t<div class=\"elementor-widget-container\">\n\t\t\t\t\t\t\t\t\t\t\t\t\t\t\t<img loading=\"lazy\" decoding=\"async\" width=\"800\" height=\"333\" src=\"https:\/\/www.elturistatranquil.com\/wp-content\/uploads\/F48-Museo-Historico-Arqueologico-Almedinilla-1.jpg\" class=\"attachment-large size-large wp-image-9514\" alt=\"\" srcset=\"https:\/\/www.elturistatranquil.com\/wp-content\/uploads\/F48-Museo-Historico-Arqueologico-Almedinilla-1.jpg 800w, https:\/\/www.elturistatranquil.com\/wp-content\/uploads\/F48-Museo-Historico-Arqueologico-Almedinilla-1-768x320.jpg 768w\" sizes=\"(max-width: 800px) 100vw, 800px\" \/>\t\t\t\t\t\t\t\t\t\t\t\t\t\t\t<\/div>\n\t\t\t\t<\/div>\n\t\t\t\t<div class=\"elementor-element elementor-element-260adf08 elementor-widget elementor-widget-image\" data-id=\"260adf08\" data-element_type=\"widget\" data-e-type=\"widget\" data-widget_type=\"image.default\">\n\t\t\t\t<div class=\"elementor-widget-container\">\n\t\t\t\t\t\t\t\t\t\t\t\t\t\t\t<img loading=\"lazy\" decoding=\"async\" width=\"800\" height=\"533\" src=\"https:\/\/www.elturistatranquil.com\/wp-content\/uploads\/F49-Museo-Historico-Arqueologico-Almedinilla-1.jpg\" class=\"attachment-large size-large wp-image-9516\" alt=\"\" srcset=\"https:\/\/www.elturistatranquil.com\/wp-content\/uploads\/F49-Museo-Historico-Arqueologico-Almedinilla-1.jpg 800w, https:\/\/www.elturistatranquil.com\/wp-content\/uploads\/F49-Museo-Historico-Arqueologico-Almedinilla-1-768x512.jpg 768w\" sizes=\"(max-width: 800px) 100vw, 800px\" \/>\t\t\t\t\t\t\t\t\t\t\t\t\t\t\t<\/div>\n\t\t\t\t<\/div>\n\t\t\t\t<div class=\"elementor-element elementor-element-752713a0 elementor-widget elementor-widget-heading\" data-id=\"752713a0\" data-element_type=\"widget\" data-e-type=\"widget\" data-widget_type=\"heading.default\">\n\t\t\t\t<div class=\"elementor-widget-container\">\n\t\t\t\t\t<h4 class=\"elementor-heading-title elementor-size-default\">Estandes del \u00abDominus\u00bb. Biblioteca o \u00abtablinium\u00bb<\/h4>\t\t\t\t<\/div>\n\t\t\t\t<\/div>\n\t\t\t\t<div class=\"elementor-element elementor-element-5de443a3 elementor-widget elementor-widget-text-editor\" data-id=\"5de443a3\" data-element_type=\"widget\" data-e-type=\"widget\" data-widget_type=\"text-editor.default\">\n\t\t\t\t<div class=\"elementor-widget-container\">\n\t\t\t\t\t\t\t\t\t<p>El <strong>senyor<\/strong>, <strong><em>Dominus<\/em><\/strong>, de la casa exercia de patriarca, <em>pater fam\u00edlias<\/em>, amb poder absolut sobre la fam\u00edlia, les propietats i els esclaus. L&#8217;habitatge tenia espais privats reservats per a ell.<\/p><p>Les dues estades connectades formaven aquest espai.<\/p>\t\t\t\t\t\t\t\t<\/div>\n\t\t\t\t<\/div>\n\t\t\t\t<div class=\"elementor-element elementor-element-6018c5b6 elementor-widget elementor-widget-image\" data-id=\"6018c5b6\" data-element_type=\"widget\" data-e-type=\"widget\" data-widget_type=\"image.default\">\n\t\t\t\t<div class=\"elementor-widget-container\">\n\t\t\t\t\t\t\t\t\t\t\t\t\t\t\t<img loading=\"lazy\" decoding=\"async\" width=\"800\" height=\"256\" src=\"https:\/\/www.elturistatranquil.com\/wp-content\/uploads\/F50-Villa-romana-El-Ruedo-Almedinilla-1.jpg\" class=\"attachment-large size-large wp-image-9518\" alt=\"\" srcset=\"https:\/\/www.elturistatranquil.com\/wp-content\/uploads\/F50-Villa-romana-El-Ruedo-Almedinilla-1.jpg 800w, https:\/\/www.elturistatranquil.com\/wp-content\/uploads\/F50-Villa-romana-El-Ruedo-Almedinilla-1-768x246.jpg 768w\" sizes=\"(max-width: 800px) 100vw, 800px\" \/>\t\t\t\t\t\t\t\t\t\t\t\t\t\t\t<\/div>\n\t\t\t\t<\/div>\n\t\t\t\t<div class=\"elementor-element elementor-element-3d0e3d04 elementor-widget elementor-widget-text-editor\" data-id=\"3d0e3d04\" data-element_type=\"widget\" data-e-type=\"widget\" data-widget_type=\"text-editor.default\">\n\t\t\t\t<div class=\"elementor-widget-container\">\n\t\t\t\t\t\t\t\t\t<p>L&#8217;escultura de marbre que personifica la primavera va haver de correspondre a una de les <strong>potes d&#8217;una taula<\/strong>. El fragment de cap formava part d&#8217;una altra de les potes de la taula.<\/p><p>El tercer fragment correspon a una m\u00e0 sostenint una palma.<\/p>\t\t\t\t\t\t\t\t<\/div>\n\t\t\t\t<\/div>\n\t\t\t\t<div class=\"elementor-element elementor-element-36ba466c elementor-widget elementor-widget-image\" data-id=\"36ba466c\" data-element_type=\"widget\" data-e-type=\"widget\" data-widget_type=\"image.default\">\n\t\t\t\t<div class=\"elementor-widget-container\">\n\t\t\t\t\t\t\t\t\t\t\t\t\t\t\t<img loading=\"lazy\" decoding=\"async\" width=\"800\" height=\"533\" src=\"https:\/\/www.elturistatranquil.com\/wp-content\/uploads\/F51-Museo-Historico-Arqueologico-Almedinilla-1.jpg\" class=\"attachment-large size-large wp-image-9520\" alt=\"\" srcset=\"https:\/\/www.elturistatranquil.com\/wp-content\/uploads\/F51-Museo-Historico-Arqueologico-Almedinilla-1.jpg 800w, https:\/\/www.elturistatranquil.com\/wp-content\/uploads\/F51-Museo-Historico-Arqueologico-Almedinilla-1-768x512.jpg 768w\" sizes=\"(max-width: 800px) 100vw, 800px\" \/>\t\t\t\t\t\t\t\t\t\t\t\t\t\t\t<\/div>\n\t\t\t\t<\/div>\n\t\t\t\t<div class=\"elementor-element elementor-element-3ce24f3d elementor-widget elementor-widget-heading\" data-id=\"3ce24f3d\" data-element_type=\"widget\" data-e-type=\"widget\" data-widget_type=\"heading.default\">\n\t\t\t\t<div class=\"elementor-widget-container\">\n\t\t\t\t\t<h4 class=\"elementor-heading-title elementor-size-default\">8. Espais de representaci\u00f3 o \u00abexedra\u00bb <\/h4>\t\t\t\t<\/div>\n\t\t\t\t<\/div>\n\t\t\t\t<div class=\"elementor-element elementor-element-75722013 elementor-widget elementor-widget-text-editor\" data-id=\"75722013\" data-element_type=\"widget\" data-e-type=\"widget\" data-widget_type=\"text-editor.default\">\n\t\t\t\t<div class=\"elementor-widget-container\">\n\t\t\t\t\t\t\t\t\t<p>Entre els espais de representaci\u00f3 destaca la <strong><em>exedra<\/em><\/strong> que seria una <strong>sala de reuni\u00f3 amb seients<\/strong>. \u00c9s un espai semicircular, que devia d&#8217;estar cobert per una semi c\u00fapula, que sol sobresortir del mur de l&#8217;edifici, a la manera d&#8217;un absis.<\/p><p>A la Fase IV, creuant la <em>exedra<\/em> es va construir una canalitzaci\u00f3.<\/p>\t\t\t\t\t\t\t\t<\/div>\n\t\t\t\t<\/div>\n\t\t\t\t<div class=\"elementor-element elementor-element-36973c32 elementor-widget elementor-widget-image\" data-id=\"36973c32\" data-element_type=\"widget\" data-e-type=\"widget\" data-widget_type=\"image.default\">\n\t\t\t\t<div class=\"elementor-widget-container\">\n\t\t\t\t\t\t\t\t\t\t\t\t\t\t\t<img loading=\"lazy\" decoding=\"async\" width=\"800\" height=\"533\" src=\"https:\/\/www.elturistatranquil.com\/wp-content\/uploads\/F52-Villa-romana-El-Ruedo-Almedinilla-1.jpg\" class=\"attachment-large size-large wp-image-9522\" alt=\"\" srcset=\"https:\/\/www.elturistatranquil.com\/wp-content\/uploads\/F52-Villa-romana-El-Ruedo-Almedinilla-1.jpg 800w, https:\/\/www.elturistatranquil.com\/wp-content\/uploads\/F52-Villa-romana-El-Ruedo-Almedinilla-1-768x512.jpg 768w\" sizes=\"(max-width: 800px) 100vw, 800px\" \/>\t\t\t\t\t\t\t\t\t\t\t\t\t\t\t<\/div>\n\t\t\t\t<\/div>\n\t\t\t\t<div class=\"elementor-element elementor-element-5c8fcf28 elementor-widget elementor-widget-image\" data-id=\"5c8fcf28\" data-element_type=\"widget\" data-e-type=\"widget\" data-widget_type=\"image.default\">\n\t\t\t\t<div class=\"elementor-widget-container\">\n\t\t\t\t\t\t\t\t\t\t\t\t\t\t\t<img loading=\"lazy\" decoding=\"async\" width=\"800\" height=\"533\" src=\"https:\/\/www.elturistatranquil.com\/wp-content\/uploads\/F53-Villa-romana-El-Ruedo-Almedinilla-2.jpg\" class=\"attachment-large size-large wp-image-9597\" alt=\"Villa romana El Ruedo Almedinilla\" srcset=\"https:\/\/www.elturistatranquil.com\/wp-content\/uploads\/F53-Villa-romana-El-Ruedo-Almedinilla-2.jpg 800w, https:\/\/www.elturistatranquil.com\/wp-content\/uploads\/F53-Villa-romana-El-Ruedo-Almedinilla-2-768x512.jpg 768w\" sizes=\"(max-width: 800px) 100vw, 800px\" \/>\t\t\t\t\t\t\t\t\t\t\t\t\t\t\t<\/div>\n\t\t\t\t<\/div>\n\t\t\t\t<div class=\"elementor-element elementor-element-542a6274 elementor-widget elementor-widget-image\" data-id=\"542a6274\" data-element_type=\"widget\" data-e-type=\"widget\" data-widget_type=\"image.default\">\n\t\t\t\t<div class=\"elementor-widget-container\">\n\t\t\t\t\t\t\t\t\t\t\t\t\t\t\t<img loading=\"lazy\" decoding=\"async\" width=\"800\" height=\"533\" src=\"https:\/\/www.elturistatranquil.com\/wp-content\/uploads\/F54-Villa-romana-El-Ruedo-Almedinilla-2.jpg\" class=\"attachment-large size-large wp-image-9599\" alt=\"Villa romana El Ruedo Almedinilla\" srcset=\"https:\/\/www.elturistatranquil.com\/wp-content\/uploads\/F54-Villa-romana-El-Ruedo-Almedinilla-2.jpg 800w, https:\/\/www.elturistatranquil.com\/wp-content\/uploads\/F54-Villa-romana-El-Ruedo-Almedinilla-2-768x512.jpg 768w\" sizes=\"(max-width: 800px) 100vw, 800px\" \/>\t\t\t\t\t\t\t\t\t\t\t\t\t\t\t<\/div>\n\t\t\t\t<\/div>\n\t\t\t\t<div class=\"elementor-element elementor-element-5b9f2cac elementor-widget elementor-widget-heading\" data-id=\"5b9f2cac\" data-element_type=\"widget\" data-e-type=\"widget\" data-widget_type=\"heading.default\">\n\t\t\t\t<div class=\"elementor-widget-container\">\n\t\t\t\t\t<h4 class=\"elementor-heading-title elementor-size-default\">9-10. Cellers i Pati d'entrada de servei<\/h4>\t\t\t\t<\/div>\n\t\t\t\t<\/div>\n\t\t\t\t<div class=\"elementor-element elementor-element-2b4f1e58 elementor-widget elementor-widget-text-editor\" data-id=\"2b4f1e58\" data-element_type=\"widget\" data-e-type=\"widget\" data-widget_type=\"text-editor.default\">\n\t\t\t\t<div class=\"elementor-widget-container\">\n\t\t\t\t\t\t\t\t\t<p>A l&#8217;angle sud-oest s&#8217;obre un pati de servei i magatzem. Pati allargat a cel obert per a l&#8217;acc\u00e9s del personal de servei i mercaderies (conserva part del s\u00f2l original de lloses de fang, a la fotografia a la part inferior esquerra).<\/p><p>S&#8217;accedia a ell des d&#8217;un espai de tr\u00e0nsit o &#8220;carrer&#8221;, situat a la dreta, que conserva excavat a la roca els escocells per col\u00b7locar arbres i una canalitzaci\u00f3 per evitar l&#8217;entrada d&#8217;aigua de pluja.<\/p><p>Darrere i a la dreta trobem 2 habitacions (parcialment excavades a la roca) que farien les vegades de cellers o magatzems.<\/p>\t\t\t\t\t\t\t\t<\/div>\n\t\t\t\t<\/div>\n\t\t\t\t<div class=\"elementor-element elementor-element-748908ac elementor-widget elementor-widget-image\" data-id=\"748908ac\" data-element_type=\"widget\" data-e-type=\"widget\" data-widget_type=\"image.default\">\n\t\t\t\t<div class=\"elementor-widget-container\">\n\t\t\t\t\t\t\t\t\t\t\t\t\t\t\t<img loading=\"lazy\" decoding=\"async\" width=\"800\" height=\"533\" src=\"https:\/\/www.elturistatranquil.com\/wp-content\/uploads\/F55-Villa-romana-El-Ruedo-Almedinilla-1.jpg\" class=\"attachment-large size-large wp-image-9528\" alt=\"\" srcset=\"https:\/\/www.elturistatranquil.com\/wp-content\/uploads\/F55-Villa-romana-El-Ruedo-Almedinilla-1.jpg 800w, https:\/\/www.elturistatranquil.com\/wp-content\/uploads\/F55-Villa-romana-El-Ruedo-Almedinilla-1-768x512.jpg 768w\" sizes=\"(max-width: 800px) 100vw, 800px\" \/>\t\t\t\t\t\t\t\t\t\t\t\t\t\t\t<\/div>\n\t\t\t\t<\/div>\n\t\t\t\t<div class=\"elementor-element elementor-element-47197d61 elementor-widget elementor-widget-heading\" data-id=\"47197d61\" data-element_type=\"widget\" data-e-type=\"widget\" data-widget_type=\"heading.default\">\n\t\t\t\t<div class=\"elementor-widget-container\">\n\t\t\t\t\t<h4 class=\"elementor-heading-title elementor-size-default\">11. Entrada principal <\/h4>\t\t\t\t<\/div>\n\t\t\t\t<\/div>\n\t\t\t\t<div class=\"elementor-element elementor-element-1c8c782c elementor-widget elementor-widget-menu-anchor\" data-id=\"1c8c782c\" data-element_type=\"widget\" data-e-type=\"widget\" data-widget_type=\"menu-anchor.default\">\n\t\t\t\t<div class=\"elementor-widget-container\">\n\t\t\t\t\t\t\t<div class=\"elementor-menu-anchor\" id=\"b2509\"><\/div>\n\t\t\t\t\t\t<\/div>\n\t\t\t\t<\/div>\n\t\t\t\t<div class=\"elementor-element elementor-element-5760569f elementor-widget elementor-widget-text-editor\" data-id=\"5760569f\" data-element_type=\"widget\" data-e-type=\"widget\" data-widget_type=\"text-editor.default\">\n\t\t\t\t<div class=\"elementor-widget-container\">\n\t\t\t\t\t\t\t\t\t<p>L&#8217;<strong>entrada principal<\/strong>, molt mal conservada, que va poder tenir l&#8217;estructura de <strong><em>atrium<\/em><\/strong> o petit pati a cel obert, a manera de vest\u00edbul o avantsala, que donaria acc\u00e9s al pati principal. A la dreta hi hauria la cuina i a l&#8217;esquerra els magatzems abans esmentats (potser algun d&#8217;aquests, a la planta superior, serviria d&#8217;allotjament per al capat\u00e0s).<\/p>\t\t\t\t\t\t\t\t<\/div>\n\t\t\t\t<\/div>\n\t\t\t\t<div class=\"elementor-element elementor-element-7037faf7 elementor-widget elementor-widget-heading\" data-id=\"7037faf7\" data-element_type=\"widget\" data-e-type=\"widget\" data-widget_type=\"heading.default\">\n\t\t\t\t<div class=\"elementor-widget-container\">\n\t\t\t\t\t<h3 class=\"elementor-heading-title elementor-size-default\">\u00abPars rustica\u00bb: Zona productiva<\/h3>\t\t\t\t<\/div>\n\t\t\t\t<\/div>\n\t\t\t\t<div class=\"elementor-element elementor-element-2bc2580b elementor-widget elementor-widget-text-editor\" data-id=\"2bc2580b\" data-element_type=\"widget\" data-e-type=\"widget\" data-widget_type=\"text-editor.default\">\n\t\t\t\t<div class=\"elementor-widget-container\">\n\t\t\t\t\t\t\t\t\t<p>Un lloc per al treball: boscos, pastures i conreus<\/p><p>Les excavacions arqueol\u00f2giques del Ruedo han documentat una economia basada en la tr\u00edada mediterr\u00e0nia (cultius de cereals, vinyes i oliveres), al costat de bestiar i hortes. El bosc mediterrani estava molt est\u00e8s. Al davant s&#8217;estenia la zona productiva (quadres, safareig, depend\u00e8ncies agr\u00edcoles i habitatges d&#8217;esclaus i colons).<\/p><p>Com \u00e9s conegut, podem observar eines que algunes ens semblen molt actuals.<\/p>\t\t\t\t\t\t\t\t<\/div>\n\t\t\t\t<\/div>\n\t\t\t\t<div class=\"elementor-element elementor-element-430368ff elementor-widget elementor-widget-image\" data-id=\"430368ff\" data-element_type=\"widget\" data-e-type=\"widget\" data-widget_type=\"image.default\">\n\t\t\t\t<div class=\"elementor-widget-container\">\n\t\t\t\t\t\t\t\t\t\t\t\t\t\t\t<img loading=\"lazy\" decoding=\"async\" width=\"800\" height=\"533\" src=\"https:\/\/www.elturistatranquil.com\/wp-content\/uploads\/F56-Museo-Historico-Arqueologico-Almedinilla-Herramienta-1.jpg\" class=\"attachment-large size-large wp-image-9530\" alt=\"\" srcset=\"https:\/\/www.elturistatranquil.com\/wp-content\/uploads\/F56-Museo-Historico-Arqueologico-Almedinilla-Herramienta-1.jpg 800w, https:\/\/www.elturistatranquil.com\/wp-content\/uploads\/F56-Museo-Historico-Arqueologico-Almedinilla-Herramienta-1-768x512.jpg 768w\" sizes=\"(max-width: 800px) 100vw, 800px\" \/>\t\t\t\t\t\t\t\t\t\t\t\t\t\t\t<\/div>\n\t\t\t\t<\/div>\n\t\t\t\t<div class=\"elementor-element elementor-element-7d0589bb elementor-widget elementor-widget-text-editor\" data-id=\"7d0589bb\" data-element_type=\"widget\" data-e-type=\"widget\" data-widget_type=\"text-editor.default\">\n\t\t\t\t<div class=\"elementor-widget-container\">\n\t\t\t\t\t\t\t\t\t<p>Molins de pedra, \u00e0mfores, toves i morter.<\/p>\t\t\t\t\t\t\t\t<\/div>\n\t\t\t\t<\/div>\n\t\t\t\t<div class=\"elementor-element elementor-element-46ee18de elementor-widget elementor-widget-image\" data-id=\"46ee18de\" data-element_type=\"widget\" data-e-type=\"widget\" data-widget_type=\"image.default\">\n\t\t\t\t<div class=\"elementor-widget-container\">\n\t\t\t\t\t\t\t\t\t\t\t\t\t\t\t<img loading=\"lazy\" decoding=\"async\" width=\"800\" height=\"533\" src=\"https:\/\/www.elturistatranquil.com\/wp-content\/uploads\/F57-Museo-Historico-Arqueologico-Almedinilla-Molinos-para-cereales-1.jpg\" class=\"attachment-large size-large wp-image-9532\" alt=\"\" srcset=\"https:\/\/www.elturistatranquil.com\/wp-content\/uploads\/F57-Museo-Historico-Arqueologico-Almedinilla-Molinos-para-cereales-1.jpg 800w, https:\/\/www.elturistatranquil.com\/wp-content\/uploads\/F57-Museo-Historico-Arqueologico-Almedinilla-Molinos-para-cereales-1-768x512.jpg 768w\" sizes=\"(max-width: 800px) 100vw, 800px\" \/>\t\t\t\t\t\t\t\t\t\t\t\t\t\t\t<\/div>\n\t\t\t\t<\/div>\n\t\t\t\t<div class=\"elementor-element elementor-element-72512d3d elementor-widget elementor-widget-image\" data-id=\"72512d3d\" data-element_type=\"widget\" data-e-type=\"widget\" data-widget_type=\"image.default\">\n\t\t\t\t<div class=\"elementor-widget-container\">\n\t\t\t\t\t\t\t\t\t\t\t\t\t\t\t<img loading=\"lazy\" decoding=\"async\" width=\"800\" height=\"533\" src=\"https:\/\/www.elturistatranquil.com\/wp-content\/uploads\/F58-Villa-romana-El-Ruedo-Almedinilla-1.jpg\" class=\"attachment-large size-large wp-image-9534\" alt=\"\" srcset=\"https:\/\/www.elturistatranquil.com\/wp-content\/uploads\/F58-Villa-romana-El-Ruedo-Almedinilla-1.jpg 800w, https:\/\/www.elturistatranquil.com\/wp-content\/uploads\/F58-Villa-romana-El-Ruedo-Almedinilla-1-768x512.jpg 768w\" sizes=\"(max-width: 800px) 100vw, 800px\" \/>\t\t\t\t\t\t\t\t\t\t\t\t\t\t\t<\/div>\n\t\t\t\t<\/div>\n\t\t\t\t<div class=\"elementor-element elementor-element-7eb69db5 elementor-widget elementor-widget-text-editor\" data-id=\"7eb69db5\" data-element_type=\"widget\" data-e-type=\"widget\" data-widget_type=\"text-editor.default\">\n\t\t\t\t<div class=\"elementor-widget-container\">\n\t\t\t\t\t\t\t\t\t<p>Peses i pesos romans.<\/p>\t\t\t\t\t\t\t\t<\/div>\n\t\t\t\t<\/div>\n\t\t\t\t<div class=\"elementor-element elementor-element-2d8e8fa9 elementor-widget elementor-widget-image\" data-id=\"2d8e8fa9\" data-element_type=\"widget\" data-e-type=\"widget\" data-widget_type=\"image.default\">\n\t\t\t\t<div class=\"elementor-widget-container\">\n\t\t\t\t\t\t\t\t\t\t\t\t\t\t\t<img loading=\"lazy\" decoding=\"async\" width=\"800\" height=\"298\" src=\"https:\/\/www.elturistatranquil.com\/wp-content\/uploads\/F59-Museo-Historico-Arqueologico-Almedinilla-1.jpg\" class=\"attachment-large size-large wp-image-9536\" alt=\"\" srcset=\"https:\/\/www.elturistatranquil.com\/wp-content\/uploads\/F59-Museo-Historico-Arqueologico-Almedinilla-1.jpg 800w, https:\/\/www.elturistatranquil.com\/wp-content\/uploads\/F59-Museo-Historico-Arqueologico-Almedinilla-1-768x286.jpg 768w\" sizes=\"(max-width: 800px) 100vw, 800px\" \/>\t\t\t\t\t\t\t\t\t\t\t\t\t\t\t<\/div>\n\t\t\t\t<\/div>\n\t\t\t\t<div class=\"elementor-element elementor-element-3c7a997d elementor-widget elementor-widget-heading\" data-id=\"3c7a997d\" data-element_type=\"widget\" data-e-type=\"widget\" data-widget_type=\"heading.default\">\n\t\t\t\t<div class=\"elementor-widget-container\">\n\t\t\t\t\t<h4 class=\"elementor-heading-title elementor-size-default\">12. Bassa principal <\/h4>\t\t\t\t<\/div>\n\t\t\t\t<\/div>\n\t\t\t\t<div class=\"elementor-element elementor-element-430e678d elementor-widget elementor-widget-text-editor\" data-id=\"430e678d\" data-element_type=\"widget\" data-e-type=\"widget\" data-widget_type=\"text-editor.default\">\n\t\t\t\t<div class=\"elementor-widget-container\">\n\t\t\t\t\t\t\t\t\t<p>La <strong>bassa<\/strong> (alberca) rebia aigua des de la font del <em>nimphaeum<\/em>.<\/p>\t\t\t\t\t\t\t\t<\/div>\n\t\t\t\t<\/div>\n\t\t\t\t<div class=\"elementor-element elementor-element-166e4df1 elementor-widget elementor-widget-image\" data-id=\"166e4df1\" data-element_type=\"widget\" data-e-type=\"widget\" data-widget_type=\"image.default\">\n\t\t\t\t<div class=\"elementor-widget-container\">\n\t\t\t\t\t\t\t\t\t\t\t\t\t\t\t<img loading=\"lazy\" decoding=\"async\" width=\"800\" height=\"533\" src=\"https:\/\/www.elturistatranquil.com\/wp-content\/uploads\/F60-Villa-romana-El-Ruedo-Almedinilla-1.jpg\" class=\"attachment-large size-large wp-image-9538\" alt=\"\" srcset=\"https:\/\/www.elturistatranquil.com\/wp-content\/uploads\/F60-Villa-romana-El-Ruedo-Almedinilla-1.jpg 800w, https:\/\/www.elturistatranquil.com\/wp-content\/uploads\/F60-Villa-romana-El-Ruedo-Almedinilla-1-768x512.jpg 768w\" sizes=\"(max-width: 800px) 100vw, 800px\" \/>\t\t\t\t\t\t\t\t\t\t\t\t\t\t\t<\/div>\n\t\t\t\t<\/div>\n\t\t\t\t<div class=\"elementor-element elementor-element-6fad2484 elementor-widget elementor-widget-text-editor\" data-id=\"6fad2484\" data-element_type=\"widget\" data-e-type=\"widget\" data-widget_type=\"text-editor.default\">\n\t\t\t\t<div class=\"elementor-widget-container\">\n\t\t\t\t\t\t\t\t\t<p>Desaiguava sobre els horts posteriors.<\/p>\t\t\t\t\t\t\t\t<\/div>\n\t\t\t\t<\/div>\n\t\t\t\t<div class=\"elementor-element elementor-element-64ec89ac elementor-widget elementor-widget-image\" data-id=\"64ec89ac\" data-element_type=\"widget\" data-e-type=\"widget\" data-widget_type=\"image.default\">\n\t\t\t\t<div class=\"elementor-widget-container\">\n\t\t\t\t\t\t\t\t\t\t\t\t\t\t\t<img loading=\"lazy\" decoding=\"async\" width=\"800\" height=\"533\" src=\"https:\/\/www.elturistatranquil.com\/wp-content\/uploads\/F61-Villa-romana-El-Ruedo-Almedinilla-1.jpg\" class=\"attachment-large size-large wp-image-9540\" alt=\"\" srcset=\"https:\/\/www.elturistatranquil.com\/wp-content\/uploads\/F61-Villa-romana-El-Ruedo-Almedinilla-1.jpg 800w, https:\/\/www.elturistatranquil.com\/wp-content\/uploads\/F61-Villa-romana-El-Ruedo-Almedinilla-1-768x512.jpg 768w\" sizes=\"(max-width: 800px) 100vw, 800px\" \/>\t\t\t\t\t\t\t\t\t\t\t\t\t\t\t<\/div>\n\t\t\t\t<\/div>\n\t\t\t\t<div class=\"elementor-element elementor-element-471a1d8e elementor-widget elementor-widget-heading\" data-id=\"471a1d8e\" data-element_type=\"widget\" data-e-type=\"widget\" data-widget_type=\"heading.default\">\n\t\t\t\t<div class=\"elementor-widget-container\">\n\t\t\t\t\t<h4 class=\"elementor-heading-title elementor-size-default\">13. Restes d'alm\u00e0ssera o trull<\/h4>\t\t\t\t<\/div>\n\t\t\t\t<\/div>\n\t\t\t\t<div class=\"elementor-element elementor-element-5bf23033 elementor-widget elementor-widget-heading\" data-id=\"5bf23033\" data-element_type=\"widget\" data-e-type=\"widget\" data-widget_type=\"heading.default\">\n\t\t\t\t<div class=\"elementor-widget-container\">\n\t\t\t\t\t<h4 class=\"elementor-heading-title elementor-size-default\">14. Zona de treball del metall<\/h4>\t\t\t\t<\/div>\n\t\t\t\t<\/div>\n\t\t\t\t<div class=\"elementor-element elementor-element-2cd02ff0 elementor-widget elementor-widget-text-editor\" data-id=\"2cd02ff0\" data-element_type=\"widget\" data-e-type=\"widget\" data-widget_type=\"text-editor.default\">\n\t\t\t\t<div class=\"elementor-widget-container\">\n\t\t\t\t\t\t\t\t\t<p>Espai que ocupava la zona de treball de metall al sud de la Vila, constru\u00efda durant la Fase IV.<\/p>\t\t\t\t\t\t\t\t<\/div>\n\t\t\t\t<\/div>\n\t\t\t\t<div class=\"elementor-element elementor-element-f727720 elementor-widget elementor-widget-image\" data-id=\"f727720\" data-element_type=\"widget\" data-e-type=\"widget\" data-widget_type=\"image.default\">\n\t\t\t\t<div class=\"elementor-widget-container\">\n\t\t\t\t\t\t\t\t\t\t\t\t\t\t\t<img loading=\"lazy\" decoding=\"async\" width=\"800\" height=\"533\" src=\"https:\/\/www.elturistatranquil.com\/wp-content\/uploads\/F61b-Villa-romana-El-Ruedo-Almedinilla-1.jpg\" class=\"attachment-large size-large wp-image-9542\" alt=\"\" srcset=\"https:\/\/www.elturistatranquil.com\/wp-content\/uploads\/F61b-Villa-romana-El-Ruedo-Almedinilla-1.jpg 800w, https:\/\/www.elturistatranquil.com\/wp-content\/uploads\/F61b-Villa-romana-El-Ruedo-Almedinilla-1-768x512.jpg 768w\" sizes=\"(max-width: 800px) 100vw, 800px\" \/>\t\t\t\t\t\t\t\t\t\t\t\t\t\t\t<\/div>\n\t\t\t\t<\/div>\n\t\t\t\t<div class=\"elementor-element elementor-element-1aedc514 elementor-widget elementor-widget-heading\" data-id=\"1aedc514\" data-element_type=\"widget\" data-e-type=\"widget\" data-widget_type=\"heading.default\">\n\t\t\t\t<div class=\"elementor-widget-container\">\n\t\t\t\t\t<h4 class=\"elementor-heading-title elementor-size-default\">15. Habitaci\u00f3 amb calefacci\u00f3 i pintures murals<\/h4>\t\t\t\t<\/div>\n\t\t\t\t<\/div>\n\t\t\t\t<div class=\"elementor-element elementor-element-69bce9e6 elementor-widget elementor-widget-text-editor\" data-id=\"69bce9e6\" data-element_type=\"widget\" data-e-type=\"widget\" data-widget_type=\"text-editor.default\">\n\t\t\t\t<div class=\"elementor-widget-container\">\n\t\t\t\t\t\t\t\t\t<p>Es conjectura sobre si aquesta zona acollia banys, sala de recepci\u00f3, espai de culte &#8230;. Aquesta part no es visita.<\/p>\t\t\t\t\t\t\t\t<\/div>\n\t\t\t\t<\/div>\n\t\t\t\t<div class=\"elementor-element elementor-element-260497fe elementor-widget elementor-widget-heading\" data-id=\"260497fe\" data-element_type=\"widget\" data-e-type=\"widget\" data-widget_type=\"heading.default\">\n\t\t\t\t<div class=\"elementor-widget-container\">\n\t\t\t\t\t<h4 class=\"elementor-heading-title elementor-size-default\">Forn cer\u00e0mic<\/h4>\t\t\t\t<\/div>\n\t\t\t\t<\/div>\n\t\t\t\t<div class=\"elementor-element elementor-element-4f1f1e4c elementor-widget elementor-widget-text-editor\" data-id=\"4f1f1e4c\" data-element_type=\"widget\" data-e-type=\"widget\" data-widget_type=\"text-editor.default\">\n\t\t\t\t<div class=\"elementor-widget-container\">\n\t\t\t\t\t\t\t\t\t<p>A la zona exterior nord de la Vil\u00b7la es localitza un forn cer\u00e0mic del que es conserva perfectament la graella i la cambra de combusti\u00f3.<\/p><p>Es produ\u00efen, entre altres objectes, diversos models de teules. La plana o <em>tegula<\/em>, i la mal anomenada <em>teula \u00e0rab<\/em>, que de fet t\u00e9 origen rom\u00e0.<\/p>\t\t\t\t\t\t\t\t<\/div>\n\t\t\t\t<\/div>\n\t\t\t\t<div class=\"elementor-element elementor-element-6817dc4b elementor-widget elementor-widget-image\" data-id=\"6817dc4b\" data-element_type=\"widget\" data-e-type=\"widget\" data-widget_type=\"image.default\">\n\t\t\t\t<div class=\"elementor-widget-container\">\n\t\t\t\t\t\t\t\t\t\t\t\t\t\t\t<img loading=\"lazy\" decoding=\"async\" width=\"800\" height=\"533\" src=\"https:\/\/www.elturistatranquil.com\/wp-content\/uploads\/F62-Villa-romana-El-Ruedo-Almedinilla-1.jpg\" class=\"attachment-large size-large wp-image-9544\" alt=\"\" srcset=\"https:\/\/www.elturistatranquil.com\/wp-content\/uploads\/F62-Villa-romana-El-Ruedo-Almedinilla-1.jpg 800w, https:\/\/www.elturistatranquil.com\/wp-content\/uploads\/F62-Villa-romana-El-Ruedo-Almedinilla-1-768x512.jpg 768w\" sizes=\"(max-width: 800px) 100vw, 800px\" \/>\t\t\t\t\t\t\t\t\t\t\t\t\t\t\t<\/div>\n\t\t\t\t<\/div>\n\t\t\t\t<div class=\"elementor-element elementor-element-66198cc2 elementor-widget elementor-widget-image\" data-id=\"66198cc2\" data-element_type=\"widget\" data-e-type=\"widget\" data-widget_type=\"image.default\">\n\t\t\t\t<div class=\"elementor-widget-container\">\n\t\t\t\t\t\t\t\t\t\t\t\t\t\t\t<img loading=\"lazy\" decoding=\"async\" width=\"800\" height=\"533\" src=\"https:\/\/www.elturistatranquil.com\/wp-content\/uploads\/F63-Villa-romana-El-Ruedo-Almedinilla-1.jpg\" class=\"attachment-large size-large wp-image-9546\" alt=\"\" srcset=\"https:\/\/www.elturistatranquil.com\/wp-content\/uploads\/F63-Villa-romana-El-Ruedo-Almedinilla-1.jpg 800w, https:\/\/www.elturistatranquil.com\/wp-content\/uploads\/F63-Villa-romana-El-Ruedo-Almedinilla-1-768x512.jpg 768w\" sizes=\"(max-width: 800px) 100vw, 800px\" \/>\t\t\t\t\t\t\t\t\t\t\t\t\t\t\t<\/div>\n\t\t\t\t<\/div>\n\t\t\t\t<div class=\"elementor-element elementor-element-37fc452f elementor-widget elementor-widget-menu-anchor\" data-id=\"37fc452f\" data-element_type=\"widget\" data-e-type=\"widget\" data-widget_type=\"menu-anchor.default\">\n\t\t\t\t<div class=\"elementor-widget-container\">\n\t\t\t\t\t\t\t<div class=\"elementor-menu-anchor\" id=\"b2510\"><\/div>\n\t\t\t\t\t\t<\/div>\n\t\t\t\t<\/div>\n\t\t\t\t<div class=\"elementor-element elementor-element-2fbe550d elementor-widget elementor-widget-image\" data-id=\"2fbe550d\" data-element_type=\"widget\" data-e-type=\"widget\" data-widget_type=\"image.default\">\n\t\t\t\t<div class=\"elementor-widget-container\">\n\t\t\t\t\t\t\t\t\t\t\t\t\t\t\t<img loading=\"lazy\" decoding=\"async\" width=\"800\" height=\"533\" src=\"https:\/\/www.elturistatranquil.com\/wp-content\/uploads\/F64-Villa-romana-El-Ruedo-Almedinilla-1.jpg\" class=\"attachment-large size-large wp-image-9548\" alt=\"\" srcset=\"https:\/\/www.elturistatranquil.com\/wp-content\/uploads\/F64-Villa-romana-El-Ruedo-Almedinilla-1.jpg 800w, https:\/\/www.elturistatranquil.com\/wp-content\/uploads\/F64-Villa-romana-El-Ruedo-Almedinilla-1-768x512.jpg 768w\" sizes=\"(max-width: 800px) 100vw, 800px\" \/>\t\t\t\t\t\t\t\t\t\t\t\t\t\t\t<\/div>\n\t\t\t\t<\/div>\n\t\t\t\t<div class=\"elementor-element elementor-element-75e1b96e elementor-widget elementor-widget-heading\" data-id=\"75e1b96e\" data-element_type=\"widget\" data-e-type=\"widget\" data-widget_type=\"heading.default\">\n\t\t\t\t<div class=\"elementor-widget-container\">\n\t\t\t\t\t<h2 class=\"elementor-heading-title elementor-size-default\">Escultures per decorar i pregar<\/h2>\t\t\t\t<\/div>\n\t\t\t\t<\/div>\n\t\t\t\t<div class=\"elementor-element elementor-element-431c7ff1 elementor-widget elementor-widget-text-editor\" data-id=\"431c7ff1\" data-element_type=\"widget\" data-e-type=\"widget\" data-widget_type=\"text-editor.default\">\n\t\t\t\t<div class=\"elementor-widget-container\">\n\t\t\t\t\t\t\t\t\t<p>Finalment, s&#8217;ha de fer refer\u00e8ncia als b\u00e9ns mobles trobats al jaciment, repartits entre el Museu Arqueol\u00f2gic Nacional, el Museu Arqueol\u00f2gic de C\u00f2rdova i el Museu Hist\u00f2ric-Arqueol\u00f2gic d&#8217;Almedinilla. Alguns d&#8217;aquest \u00faltim s\u00f3n els que he anat mostrant.<\/p><p>Conv\u00e9 recordar que els caparrons b\u00e0quics i les escultures de format menor del natural s\u00f3n m\u00e9s pr\u00f2pies de les Vil\u00b7les particulars que dels centres p\u00fablics pol\u00edtic-religiosos de les poblacions romanes.<\/p><p>Les escultures trobades durant les excavacions arqueol\u00f2giques decoraven la zona residencial de la Vila (Fonamentalment el peristil al voltant del pati, el <em>tablinium<\/em> i la sala del <em>triclinium<\/em>), destacant pel seu nombre i originalitat. Ens parlen de la mitologia grecoromana i dels cultes religiosos que posse\u00efen els habitants de la Vil\u00b7la (per aix\u00f2 van ser trencades intencionadament al segle VI, segurament en relaci\u00f3 amb l&#8217;extensi\u00f3 del cristianisme, per considerar-les \u00eddols pagans).<\/p><p>A m\u00e9s de les ja mostrades, les que segueixen s\u00f3n algunes de les que s&#8217;exhibeixen al Museu.<\/p><p><strong>Hermae<\/strong> o protectors de la llar. A l&#8217;esquerra Dion\u00eds i a la dreta possiblement Apol\u00b7lo, d\u00e9u de la m\u00fasica i la medicina.<\/p>\t\t\t\t\t\t\t\t<\/div>\n\t\t\t\t<\/div>\n\t\t\t\t<div class=\"elementor-element elementor-element-66e0992c elementor-widget elementor-widget-image\" data-id=\"66e0992c\" data-element_type=\"widget\" data-e-type=\"widget\" data-widget_type=\"image.default\">\n\t\t\t\t<div class=\"elementor-widget-container\">\n\t\t\t\t\t\t\t\t\t\t\t\t\t\t\t<img loading=\"lazy\" decoding=\"async\" width=\"800\" height=\"532\" src=\"https:\/\/www.elturistatranquil.com\/wp-content\/uploads\/F65-Museo-Historico-Arqueologico-Almedinilla-Dionisos-y-Apolo-1.jpg\" class=\"attachment-large size-large wp-image-9550\" alt=\"\" srcset=\"https:\/\/www.elturistatranquil.com\/wp-content\/uploads\/F65-Museo-Historico-Arqueologico-Almedinilla-Dionisos-y-Apolo-1.jpg 800w, https:\/\/www.elturistatranquil.com\/wp-content\/uploads\/F65-Museo-Historico-Arqueologico-Almedinilla-Dionisos-y-Apolo-1-768x511.jpg 768w\" sizes=\"(max-width: 800px) 100vw, 800px\" \/>\t\t\t\t\t\t\t\t\t\t\t\t\t\t\t<\/div>\n\t\t\t\t<\/div>\n\t\t\t\t<div class=\"elementor-element elementor-element-1415a65d elementor-widget elementor-widget-text-editor\" data-id=\"1415a65d\" data-element_type=\"widget\" data-e-type=\"widget\" data-widget_type=\"text-editor.default\">\n\t\t\t\t<div class=\"elementor-widget-container\">\n\t\t\t\t\t\t\t\t\t<p>En aquesta vitrina s&#8217;exposen ales de <em>putti<\/em>, que eren nens amb ales que es creia que influ\u00efen en les vides humanes i que tamb\u00e9 eren genis de l&#8217;amor.<\/p>\t\t\t\t\t\t\t\t<\/div>\n\t\t\t\t<\/div>\n\t\t\t\t<div class=\"elementor-element elementor-element-57126acc elementor-widget elementor-widget-image\" data-id=\"57126acc\" data-element_type=\"widget\" data-e-type=\"widget\" data-widget_type=\"image.default\">\n\t\t\t\t<div class=\"elementor-widget-container\">\n\t\t\t\t\t\t\t\t\t\t\t\t\t\t\t<img loading=\"lazy\" decoding=\"async\" width=\"625\" height=\"550\" src=\"https:\/\/www.elturistatranquil.com\/wp-content\/uploads\/F66-Museo-Historico-Arqueologico-Almedinilla-1.jpg\" class=\"attachment-large size-large wp-image-9552\" alt=\"\" \/>\t\t\t\t\t\t\t\t\t\t\t\t\t\t\t<\/div>\n\t\t\t\t<\/div>\n\t\t\t\t<div class=\"elementor-element elementor-element-4e22cb23 elementor-widget elementor-widget-text-editor\" data-id=\"4e22cb23\" data-element_type=\"widget\" data-e-type=\"widget\" data-widget_type=\"text-editor.default\">\n\t\t\t\t<div class=\"elementor-widget-container\">\n\t\t\t\t\t\t\t\t\t<p><em>Sileno <\/em>en actitud de llevar-li una espina al d\u00e9u<em> Pan.<\/em><\/p>\t\t\t\t\t\t\t\t<\/div>\n\t\t\t\t<\/div>\n\t\t\t\t<div class=\"elementor-element elementor-element-5bef71bf elementor-widget elementor-widget-image\" data-id=\"5bef71bf\" data-element_type=\"widget\" data-e-type=\"widget\" data-widget_type=\"image.default\">\n\t\t\t\t<div class=\"elementor-widget-container\">\n\t\t\t\t\t\t\t\t\t\t\t\t\t\t\t<img loading=\"lazy\" decoding=\"async\" width=\"591\" height=\"550\" src=\"https:\/\/www.elturistatranquil.com\/wp-content\/uploads\/F67-Museo-Historico-Arqueologico-Almedinilla-1.jpg\" class=\"attachment-large size-large wp-image-9554\" alt=\"\" \/>\t\t\t\t\t\t\t\t\t\t\t\t\t\t\t<\/div>\n\t\t\t\t<\/div>\n\t\t\t\t<div class=\"elementor-element elementor-element-15479c4f elementor-widget elementor-widget-text-editor\" data-id=\"15479c4f\" data-element_type=\"widget\" data-e-type=\"widget\" data-widget_type=\"text-editor.default\">\n\t\t\t\t<div class=\"elementor-widget-container\">\n\t\t\t\t\t\t\t\t\t<p>Dues perspectives d\u2019un fragment de bust.<\/p>\t\t\t\t\t\t\t\t<\/div>\n\t\t\t\t<\/div>\n\t\t\t\t<section class=\"elementor-section elementor-inner-section elementor-element elementor-element-318e43b4 elementor-section-boxed elementor-section-height-default elementor-section-height-default\" data-id=\"318e43b4\" data-element_type=\"section\" data-e-type=\"section\">\n\t\t\t\t\t\t<div class=\"elementor-container elementor-column-gap-default\">\n\t\t\t\t\t<div class=\"elementor-column elementor-col-50 elementor-inner-column elementor-element elementor-element-31bf7a91\" data-id=\"31bf7a91\" data-element_type=\"column\" data-e-type=\"column\">\n\t\t\t<div class=\"elementor-widget-wrap elementor-element-populated\">\n\t\t\t\t\t\t<div class=\"elementor-element elementor-element-39e54658 elementor-widget elementor-widget-image\" data-id=\"39e54658\" data-element_type=\"widget\" data-e-type=\"widget\" data-widget_type=\"image.default\">\n\t\t\t\t<div class=\"elementor-widget-container\">\n\t\t\t\t\t\t\t\t\t\t\t\t\t\t\t<img loading=\"lazy\" decoding=\"async\" width=\"400\" height=\"400\" src=\"https:\/\/www.elturistatranquil.com\/wp-content\/uploads\/F68a-Museo-Historico-Arqueologico-Almedinilla-1.jpg\" class=\"attachment-large size-large wp-image-9556\" alt=\"\" \/>\t\t\t\t\t\t\t\t\t\t\t\t\t\t\t<\/div>\n\t\t\t\t<\/div>\n\t\t\t\t\t<\/div>\n\t\t<\/div>\n\t\t\t\t<div class=\"elementor-column elementor-col-50 elementor-inner-column elementor-element elementor-element-8550066\" data-id=\"8550066\" data-element_type=\"column\" data-e-type=\"column\">\n\t\t\t<div class=\"elementor-widget-wrap elementor-element-populated\">\n\t\t\t\t\t\t<div class=\"elementor-element elementor-element-4cf4fed4 elementor-widget elementor-widget-image\" data-id=\"4cf4fed4\" data-element_type=\"widget\" data-e-type=\"widget\" data-widget_type=\"image.default\">\n\t\t\t\t<div class=\"elementor-widget-container\">\n\t\t\t\t\t\t\t\t\t\t\t\t\t\t\t<img loading=\"lazy\" decoding=\"async\" width=\"400\" height=\"400\" src=\"https:\/\/www.elturistatranquil.com\/wp-content\/uploads\/F68b-Museo-Historico-Arqueologico-Almedinilla-1.jpg\" class=\"attachment-large size-large wp-image-9558\" alt=\"\" \/>\t\t\t\t\t\t\t\t\t\t\t\t\t\t\t<\/div>\n\t\t\t\t<\/div>\n\t\t\t\t\t<\/div>\n\t\t<\/div>\n\t\t\t\t\t<\/div>\n\t\t<\/section>\n\t\t\t\t<div class=\"elementor-element elementor-element-ca921c5 elementor-widget elementor-widget-spacer\" data-id=\"ca921c5\" data-element_type=\"widget\" data-e-type=\"widget\" data-widget_type=\"spacer.default\">\n\t\t\t\t<div class=\"elementor-widget-container\">\n\t\t\t\t\t\t\t<div class=\"elementor-spacer\">\n\t\t\t<div class=\"elementor-spacer-inner\"><\/div>\n\t\t<\/div>\n\t\t\t\t\t\t<\/div>\n\t\t\t\t<\/div>\n\t\t\t\t<div class=\"elementor-element elementor-element-59280c4 elementor-widget elementor-widget-text-editor\" data-id=\"59280c4\" data-element_type=\"widget\" data-e-type=\"widget\" data-widget_type=\"text-editor.default\">\n\t\t\t\t<div class=\"elementor-widget-container\">\n\t\t\t\t\t\t\t\t\t<p><strong>Attis, <\/strong>vinculat als cultes funeraris i amant de la deessa <em>Cibeles<\/em>.<\/p>\t\t\t\t\t\t\t\t<\/div>\n\t\t\t\t<\/div>\n\t\t\t\t<div class=\"elementor-element elementor-element-4819dd1e elementor-widget elementor-widget-menu-anchor\" data-id=\"4819dd1e\" data-element_type=\"widget\" data-e-type=\"widget\" data-widget_type=\"menu-anchor.default\">\n\t\t\t\t<div class=\"elementor-widget-container\">\n\t\t\t\t\t\t\t<div class=\"elementor-menu-anchor\" id=\"b2511\"><\/div>\n\t\t\t\t\t\t<\/div>\n\t\t\t\t<\/div>\n\t\t\t\t<div class=\"elementor-element elementor-element-e899c24 elementor-widget elementor-widget-image\" data-id=\"e899c24\" data-element_type=\"widget\" data-e-type=\"widget\" data-widget_type=\"image.default\">\n\t\t\t\t<div class=\"elementor-widget-container\">\n\t\t\t\t\t\t\t\t\t\t\t\t\t\t\t<img loading=\"lazy\" decoding=\"async\" width=\"800\" height=\"533\" src=\"https:\/\/www.elturistatranquil.com\/wp-content\/uploads\/F69-Museo-Historico-Arqueologico-Almedinilla-Attis-1.jpg\" class=\"attachment-large size-large wp-image-9560\" alt=\"\" srcset=\"https:\/\/www.elturistatranquil.com\/wp-content\/uploads\/F69-Museo-Historico-Arqueologico-Almedinilla-Attis-1.jpg 800w, https:\/\/www.elturistatranquil.com\/wp-content\/uploads\/F69-Museo-Historico-Arqueologico-Almedinilla-Attis-1-768x512.jpg 768w\" sizes=\"(max-width: 800px) 100vw, 800px\" \/>\t\t\t\t\t\t\t\t\t\t\t\t\t\t\t<\/div>\n\t\t\t\t<\/div>\n\t\t\t\t<div class=\"elementor-element elementor-element-664cc7db elementor-widget elementor-widget-heading\" data-id=\"664cc7db\" data-element_type=\"widget\" data-e-type=\"widget\" data-widget_type=\"heading.default\">\n\t\t\t\t<div class=\"elementor-widget-container\">\n\t\t\t\t\t<h2 class=\"elementor-heading-title elementor-size-default\">La dona: \"Teixidora, casta, piadosa, modesta i reservada\"<\/h2>\t\t\t\t<\/div>\n\t\t\t\t<\/div>\n\t\t\t\t<div class=\"elementor-element elementor-element-45adc9b elementor-widget elementor-widget-text-editor\" data-id=\"45adc9b\" data-element_type=\"widget\" data-e-type=\"widget\" data-widget_type=\"text-editor.default\">\n\t\t\t\t<div class=\"elementor-widget-container\">\n\t\t\t\t\t\t\t\t\t<p>El Museu dedica un espai a reflexionar sobre el paper de la dona en la societat romana.<\/p><p><strong>La dona<\/strong>: &#8220;Teixidora, casta, piadosa, modesta i reservada&#8221; eren les virtuts romanes per a la dona, i <em>Tacita Muda<\/em> la deessa que les exemplifica: el silenci.<\/p><p>Les dones en \u00e8poca romana van ser silenciades: apartades de la vida pol\u00edtica i p\u00fablica, i relegades a l&#8217;espai privat i dom\u00e8stic. Des del naixement passen a ser controlades per l&#8217;autoritat del pater fam\u00edlia.<\/p><p>Amb el pas del temps la dona va accedir a l&#8217;her\u00e8ncia del seu pare i tamb\u00e9 a la del seu esp\u00f2s, mantenint els seus propis b\u00e9ns un cop casada, si pr\u00e8viament era independent &#8220;<em>sui iuris<\/em>&#8220;.<\/p><p>Les dones no podien accedir a les &#8220;professions virils&#8221; (amb excepcions com les advocades Mesia Sentinate, Hort\u00e8nsia i Afrania), \u00fanicament a <em>Lanificium<\/em>: filar i teixir.<\/p><p>Portaven el pes de l&#8217;educaci\u00f3 dels fills i eren les encarregades d&#8217;inculcar els valors patriarcals de la societat tradicional romana.<\/p><p>El matrimoni &#8220;<em>convenit in manum<\/em>&#8221; era un contracte privat, no escrit, sense cap poder pol\u00edtic o religi\u00f3s, on nom\u00e9s es fixava el dot i la successi\u00f3. El matrimoni &#8220;<em>sine manu<\/em>&#8221; les permetia no sotmetre al marit. El divorci va ser molt freq\u00fcent i podia accedir-hi tant l&#8217;home com la dona.<\/p><p>Diverses vitrines mostren objectes en la vida de les dones.<\/p><p>Caps de marbre que representen la deessa Venus. Exvots femenins. Estris d&#8217;os per a \u00fas cosm\u00e8tic i fragment de bronze de m\u00e0nec de mirall.<\/p>\t\t\t\t\t\t\t\t<\/div>\n\t\t\t\t<\/div>\n\t\t\t\t<div class=\"elementor-element elementor-element-1ae28c5b elementor-widget elementor-widget-image\" data-id=\"1ae28c5b\" data-element_type=\"widget\" data-e-type=\"widget\" data-widget_type=\"image.default\">\n\t\t\t\t<div class=\"elementor-widget-container\">\n\t\t\t\t\t\t\t\t\t\t\t\t\t\t\t<img loading=\"lazy\" decoding=\"async\" width=\"800\" height=\"532\" src=\"https:\/\/www.elturistatranquil.com\/wp-content\/uploads\/F70-Museo-Historico-Arqueologico-Almedinilla-1.jpg\" class=\"attachment-large size-large wp-image-9562\" alt=\"\" srcset=\"https:\/\/www.elturistatranquil.com\/wp-content\/uploads\/F70-Museo-Historico-Arqueologico-Almedinilla-1.jpg 800w, https:\/\/www.elturistatranquil.com\/wp-content\/uploads\/F70-Museo-Historico-Arqueologico-Almedinilla-1-768x511.jpg 768w\" sizes=\"(max-width: 800px) 100vw, 800px\" \/>\t\t\t\t\t\t\t\t\t\t\t\t\t\t\t<\/div>\n\t\t\t\t<\/div>\n\t\t\t\t<div class=\"elementor-element elementor-element-aeaf953 elementor-widget elementor-widget-text-editor\" data-id=\"aeaf953\" data-element_type=\"widget\" data-e-type=\"widget\" data-widget_type=\"text-editor.default\">\n\t\t\t\t<div class=\"elementor-widget-container\">\n\t\t\t\t\t\t\t\t\t<p>Fragment d&#8217;escultura en marbre que representa un tros de vestimenta (<em>paludamentum<\/em>) sostinguda per una f\u00edbula anular. F\u00edbula anular de bronze.<\/p>\t\t\t\t\t\t\t\t<\/div>\n\t\t\t\t<\/div>\n\t\t\t\t<div class=\"elementor-element elementor-element-1ad56962 elementor-widget elementor-widget-image\" data-id=\"1ad56962\" data-element_type=\"widget\" data-e-type=\"widget\" data-widget_type=\"image.default\">\n\t\t\t\t<div class=\"elementor-widget-container\">\n\t\t\t\t\t\t\t\t\t\t\t\t\t\t\t<img loading=\"lazy\" decoding=\"async\" width=\"453\" height=\"550\" src=\"https:\/\/www.elturistatranquil.com\/wp-content\/uploads\/F71-Museo-Historico-Arqueologico-Almedinilla-1.jpg\" class=\"attachment-large size-large wp-image-9564\" alt=\"\" \/>\t\t\t\t\t\t\t\t\t\t\t\t\t\t\t<\/div>\n\t\t\t\t<\/div>\n\t\t\t\t<div class=\"elementor-element elementor-element-625ba7d6 elementor-widget elementor-widget-text-editor\" data-id=\"625ba7d6\" data-element_type=\"widget\" data-e-type=\"widget\" data-widget_type=\"text-editor.default\">\n\t\t\t\t<div class=\"elementor-widget-container\">\n\t\t\t\t\t\t\t\t\t<p>Diverses f\u00edbules anulars.<\/p>\t\t\t\t\t\t\t\t<\/div>\n\t\t\t\t<\/div>\n\t\t\t\t<div class=\"elementor-element elementor-element-60ef6f24 elementor-widget elementor-widget-image\" data-id=\"60ef6f24\" data-element_type=\"widget\" data-e-type=\"widget\" data-widget_type=\"image.default\">\n\t\t\t\t<div class=\"elementor-widget-container\">\n\t\t\t\t\t\t\t\t\t\t\t\t\t\t\t<img loading=\"lazy\" decoding=\"async\" width=\"800\" height=\"533\" src=\"https:\/\/www.elturistatranquil.com\/wp-content\/uploads\/F72-Museo-Historico-Arqueologico-Almedinilla-1.jpg\" class=\"attachment-large size-large wp-image-9566\" alt=\"\" srcset=\"https:\/\/www.elturistatranquil.com\/wp-content\/uploads\/F72-Museo-Historico-Arqueologico-Almedinilla-1.jpg 800w, https:\/\/www.elturistatranquil.com\/wp-content\/uploads\/F72-Museo-Historico-Arqueologico-Almedinilla-1-768x512.jpg 768w\" sizes=\"(max-width: 800px) 100vw, 800px\" \/>\t\t\t\t\t\t\t\t\t\t\t\t\t\t\t<\/div>\n\t\t\t\t<\/div>\n\t\t\t\t<div class=\"elementor-element elementor-element-13bc43a1 elementor-widget elementor-widget-text-editor\" data-id=\"13bc43a1\" data-element_type=\"widget\" data-e-type=\"widget\" data-widget_type=\"text-editor.default\">\n\t\t\t\t<div class=\"elementor-widget-container\">\n\t\t\t\t\t\t\t\t\t<p>Diversos objectes per cosm\u00e8tica, agulles, joies i f\u00edbules que podria representar un aixovar.<\/p>\t\t\t\t\t\t\t\t<\/div>\n\t\t\t\t<\/div>\n\t\t\t\t<div class=\"elementor-element elementor-element-1ba42503 elementor-widget elementor-widget-image\" data-id=\"1ba42503\" data-element_type=\"widget\" data-e-type=\"widget\" data-widget_type=\"image.default\">\n\t\t\t\t<div class=\"elementor-widget-container\">\n\t\t\t\t\t\t\t\t\t\t\t\t\t\t\t<img loading=\"lazy\" decoding=\"async\" width=\"800\" height=\"533\" src=\"https:\/\/www.elturistatranquil.com\/wp-content\/uploads\/F73-Museo-Historico-Arqueologico-Almedinilla-1.jpg\" class=\"attachment-large size-large wp-image-9568\" alt=\"\" srcset=\"https:\/\/www.elturistatranquil.com\/wp-content\/uploads\/F73-Museo-Historico-Arqueologico-Almedinilla-1.jpg 800w, https:\/\/www.elturistatranquil.com\/wp-content\/uploads\/F73-Museo-Historico-Arqueologico-Almedinilla-1-768x512.jpg 768w\" sizes=\"(max-width: 800px) 100vw, 800px\" \/>\t\t\t\t\t\t\t\t\t\t\t\t\t\t\t<\/div>\n\t\t\t\t<\/div>\n\t\t\t\t<div class=\"elementor-element elementor-element-6c1376ca elementor-widget elementor-widget-image\" data-id=\"6c1376ca\" data-element_type=\"widget\" data-e-type=\"widget\" data-widget_type=\"image.default\">\n\t\t\t\t<div class=\"elementor-widget-container\">\n\t\t\t\t\t\t\t\t\t\t\t\t\t\t\t<img loading=\"lazy\" decoding=\"async\" width=\"800\" height=\"533\" src=\"https:\/\/www.elturistatranquil.com\/wp-content\/uploads\/F74-Museo-Historico-Arqueologico-Almedinilla-1.jpg\" class=\"attachment-large size-large wp-image-9570\" alt=\"\" srcset=\"https:\/\/www.elturistatranquil.com\/wp-content\/uploads\/F74-Museo-Historico-Arqueologico-Almedinilla-1.jpg 800w, https:\/\/www.elturistatranquil.com\/wp-content\/uploads\/F74-Museo-Historico-Arqueologico-Almedinilla-1-768x512.jpg 768w\" sizes=\"(max-width: 800px) 100vw, 800px\" \/>\t\t\t\t\t\t\t\t\t\t\t\t\t\t\t<\/div>\n\t\t\t\t<\/div>\n\t\t\t\t<div class=\"elementor-element elementor-element-4797648 elementor-widget elementor-widget-menu-anchor\" data-id=\"4797648\" data-element_type=\"widget\" data-e-type=\"widget\" data-widget_type=\"menu-anchor.default\">\n\t\t\t\t<div class=\"elementor-widget-container\">\n\t\t\t\t\t\t\t<div class=\"elementor-menu-anchor\" id=\"b2512\"><\/div>\n\t\t\t\t\t\t<\/div>\n\t\t\t\t<\/div>\n\t\t\t\t<div class=\"elementor-element elementor-element-34a3b898 elementor-widget elementor-widget-image\" data-id=\"34a3b898\" data-element_type=\"widget\" data-e-type=\"widget\" data-widget_type=\"image.default\">\n\t\t\t\t<div class=\"elementor-widget-container\">\n\t\t\t\t\t\t\t\t\t\t\t\t\t\t\t<img loading=\"lazy\" decoding=\"async\" width=\"800\" height=\"533\" src=\"https:\/\/www.elturistatranquil.com\/wp-content\/uploads\/F75-Museo-Historico-Arqueologico-Almedinilla-1.jpg\" class=\"attachment-large size-large wp-image-9572\" alt=\"\" srcset=\"https:\/\/www.elturistatranquil.com\/wp-content\/uploads\/F75-Museo-Historico-Arqueologico-Almedinilla-1.jpg 800w, https:\/\/www.elturistatranquil.com\/wp-content\/uploads\/F75-Museo-Historico-Arqueologico-Almedinilla-1-768x512.jpg 768w\" sizes=\"(max-width: 800px) 100vw, 800px\" \/>\t\t\t\t\t\t\t\t\t\t\t\t\t\t\t<\/div>\n\t\t\t\t<\/div>\n\t\t\t\t<div class=\"elementor-element elementor-element-4a44adbd elementor-widget elementor-widget-heading\" data-id=\"4a44adbd\" data-element_type=\"widget\" data-e-type=\"widget\" data-widget_type=\"heading.default\">\n\t\t\t\t<div class=\"elementor-widget-container\">\n\t\t\t\t\t<h2 class=\"elementor-heading-title elementor-size-default\">La necr\u00f2polis. Pagans i cristians<\/h2>\t\t\t\t<\/div>\n\t\t\t\t<\/div>\n\t\t\t\t<div class=\"elementor-element elementor-element-5d1deace elementor-widget elementor-widget-text-editor\" data-id=\"5d1deace\" data-element_type=\"widget\" data-e-type=\"widget\" data-widget_type=\"text-editor.default\">\n\t\t\t\t<div class=\"elementor-widget-container\">\n\t\t\t\t\t\t\t\t\t<p>A curta dist\u00e0ncia de la Vil\u00b7la se situava la necr\u00f2polis Correspon als segles IV-VII.<\/p><p>Situada a l&#8217;oest i nord de la Vil\u00b7la ocupant un espai proper a 5.000 metres quadrats. Es van poder documentar 400 tombes on es va enterrar la poblaci\u00f3 camperola que treballava en la propietat o <em>fundus<\/em> del propietari.<\/p><p>La necr\u00f2polis de El Ruedo crida l&#8217;atenci\u00f3 per ocupar un espai funerari molt ampli, continuat i respectat en el c\u00f3rrer del temps.<\/p><p>Entre 1988 i 1989 es van excavar 132 enterraments d&#8217;inhumaci\u00f3 i es van recuperar 176 cad\u00e0vers, trobats tots ells sense caixa funer\u00e0ria i amb aixovars simples.<\/p><p>Es van detectar, a m\u00e9s, dues o m\u00e9s fases d&#8217;ocupaci\u00f3 de la necr\u00f2polis: a la primera, les tombes es van excavar sobre la roca, i en les successives van ser reutilitzats certs sectors amb l&#8217;obertura de noves tombes a la terra que ja cobrien les m\u00e9s antigues, o es van condicionar nous enterraments sobre les cobertes de les tombes anteriors. Les tombes tenen planta de tend\u00e8ncia rectangular, amb els angles arrodonits i les seves cobertes s\u00f3n de <em>tegula<\/em>, lloses de pedra calc\u00e0ria escairades o tallades, o lloses de pissarra.<\/p><p>Era una necr\u00f2polis d&#8217;inhumaci\u00f3 amb tombes individuals i m\u00faltiples, que s&#8217;enquadren en la fase final de la cultura hisp\u00e0-romana.<\/p><p>El gran nombre de sepultures trobades fa pensar que no nom\u00e9s va acollir en el seu \u00faltim estatge als habitants de la Vil\u00b7la El Ruedo, sin\u00f3 a una poblaci\u00f3 que vivia al voltant d&#8217;aquesta propietat.<\/p><p>En el seu estudi s&#8217;albira el pas d&#8217;una societat esclavista a una altra de colons agr\u00edcoles en teoria &#8220;lliures&#8221;, i el pas del paganisme al cristianisme sense ruptures.<\/p><p>Nom\u00e9s s&#8217;ha trobat un gravat corresponent amb una creu sobre un petit cal\u00e7o que centrava una de les tombes (la creu com a s\u00edmbol cristi\u00e0 es comen\u00e7a a utilitzar a partir del segle IV).<\/p><p>Una estructura documentada (mur i s\u00f2l molt arrasats) entre les tombes, al costat d&#8217;un got de vidre (que s&#8217;exposa a les vitrines) pogu\u00e9s relacionar-se amb la tomba d&#8217;algun personatge distingit (m\u00e0rtir o Sant) o un petit santuari.<\/p><p>Potser la pr\u00f2pia Vil\u00b7la romana, o algunes de les seves depend\u00e8ncies, es convert\u00eds en lloc de culte cristi\u00e0 com \u00e9s freq\u00fcent en moments tardans per a altres <em>villae<\/em>.<\/p><p>Per\u00f2 si la necr\u00f2polis es va relacionar amb algun santuari cristi\u00e0 encara no es coneix amb seguretat. Si se sap que a la necr\u00f2polis de El Ruedo els rituals pagans, molt assentats entre la poblaci\u00f3 del camp &#8220;<em>Pagani<\/em>&#8220;, es van mantenir amb el cristianisme fins a \u00e8poques molt avan\u00e7ades, tot i la proximitat de <em>Egabrum<\/em> (Cabra) com a seu Episcopal.<\/p><p>A la fotografia seg\u00fcent es veu la disposici\u00f3 de les tombes a la necr\u00f2polis abans de la construcci\u00f3 de la carretera.<\/p>\t\t\t\t\t\t\t\t<\/div>\n\t\t\t\t<\/div>\n\t\t\t\t<div class=\"elementor-element elementor-element-3724c82c elementor-widget elementor-widget-image\" data-id=\"3724c82c\" data-element_type=\"widget\" data-e-type=\"widget\" data-widget_type=\"image.default\">\n\t\t\t\t<div class=\"elementor-widget-container\">\n\t\t\t\t\t\t\t\t\t\t\t\t\t\t\t<img loading=\"lazy\" decoding=\"async\" width=\"344\" height=\"550\" src=\"https:\/\/www.elturistatranquil.com\/wp-content\/uploads\/F76-Villa-romana-El-Ruedo-Almedinilla-1.jpg\" class=\"attachment-large size-large wp-image-9574\" alt=\"\" \/>\t\t\t\t\t\t\t\t\t\t\t\t\t\t\t<\/div>\n\t\t\t\t<\/div>\n\t\t\t\t<div class=\"elementor-element elementor-element-7a20eeb3 elementor-widget elementor-widget-text-editor\" data-id=\"7a20eeb3\" data-element_type=\"widget\" data-e-type=\"widget\" data-widget_type=\"text-editor.default\">\n\t\t\t\t<div class=\"elementor-widget-container\">\n\t\t\t\t\t\t\t\t\t<p>El Museu mostra tamb\u00e9 una maqueta de disposici\u00f3 de tombes.<\/p>\t\t\t\t\t\t\t\t<\/div>\n\t\t\t\t<\/div>\n\t\t\t\t<div class=\"elementor-element elementor-element-1df6d380 elementor-widget elementor-widget-image\" data-id=\"1df6d380\" data-element_type=\"widget\" data-e-type=\"widget\" data-widget_type=\"image.default\">\n\t\t\t\t<div class=\"elementor-widget-container\">\n\t\t\t\t\t\t\t\t\t\t\t\t\t\t\t<img loading=\"lazy\" decoding=\"async\" width=\"800\" height=\"533\" src=\"https:\/\/www.elturistatranquil.com\/wp-content\/uploads\/F77-Museo-Historico-Arqueologico-Almedinilla-1.jpg\" class=\"attachment-large size-large wp-image-9576\" alt=\"\" srcset=\"https:\/\/www.elturistatranquil.com\/wp-content\/uploads\/F77-Museo-Historico-Arqueologico-Almedinilla-1.jpg 800w, https:\/\/www.elturistatranquil.com\/wp-content\/uploads\/F77-Museo-Historico-Arqueologico-Almedinilla-1-768x512.jpg 768w\" sizes=\"(max-width: 800px) 100vw, 800px\" \/>\t\t\t\t\t\t\t\t\t\t\t\t\t\t\t<\/div>\n\t\t\t\t<\/div>\n\t\t\t\t<div class=\"elementor-element elementor-element-4079ba0f elementor-widget elementor-widget-text-editor\" data-id=\"4079ba0f\" data-element_type=\"widget\" data-e-type=\"widget\" data-widget_type=\"text-editor.default\">\n\t\t\t\t<div class=\"elementor-widget-container\">\n\t\t\t\t\t\t\t\t\t<p>Al Museu es poden contemplar una tomba amb esquelet i aixovar.<\/p>\t\t\t\t\t\t\t\t<\/div>\n\t\t\t\t<\/div>\n\t\t\t\t<div class=\"elementor-element elementor-element-6db1f6aa elementor-widget elementor-widget-image\" data-id=\"6db1f6aa\" data-element_type=\"widget\" data-e-type=\"widget\" data-widget_type=\"image.default\">\n\t\t\t\t<div class=\"elementor-widget-container\">\n\t\t\t\t\t\t\t\t\t\t\t\t\t\t\t<img loading=\"lazy\" decoding=\"async\" width=\"800\" height=\"467\" src=\"https:\/\/www.elturistatranquil.com\/wp-content\/uploads\/F78-Museo-Historico-Arqueologico-Almedinilla-1.jpg\" class=\"attachment-large size-large wp-image-9578\" alt=\"\" srcset=\"https:\/\/www.elturistatranquil.com\/wp-content\/uploads\/F78-Museo-Historico-Arqueologico-Almedinilla-1.jpg 800w, https:\/\/www.elturistatranquil.com\/wp-content\/uploads\/F78-Museo-Historico-Arqueologico-Almedinilla-1-768x448.jpg 768w\" sizes=\"(max-width: 800px) 100vw, 800px\" \/>\t\t\t\t\t\t\t\t\t\t\t\t\t\t\t<\/div>\n\t\t\t\t<\/div>\n\t\t\t\t<div class=\"elementor-element elementor-element-2e3e8a0 elementor-widget elementor-widget-text-editor\" data-id=\"2e3e8a0\" data-element_type=\"widget\" data-e-type=\"widget\" data-widget_type=\"text-editor.default\">\n\t\t\t\t<div class=\"elementor-widget-container\">\n\t\t\t\t\t\t\t\t\t<p>Rajol amb inscripcions cristianes (<em>crism\u00f3<\/em>).<\/p>\t\t\t\t\t\t\t\t<\/div>\n\t\t\t\t<\/div>\n\t\t\t\t<div class=\"elementor-element elementor-element-4bb666 elementor-widget elementor-widget-menu-anchor\" data-id=\"4bb666\" data-element_type=\"widget\" data-e-type=\"widget\" data-widget_type=\"menu-anchor.default\">\n\t\t\t\t<div class=\"elementor-widget-container\">\n\t\t\t\t\t\t\t<div class=\"elementor-menu-anchor\" id=\"b2513\"><\/div>\n\t\t\t\t\t\t<\/div>\n\t\t\t\t<\/div>\n\t\t\t\t<div class=\"elementor-element elementor-element-d8484c9 elementor-widget elementor-widget-image\" data-id=\"d8484c9\" data-element_type=\"widget\" data-e-type=\"widget\" data-widget_type=\"image.default\">\n\t\t\t\t<div class=\"elementor-widget-container\">\n\t\t\t\t\t\t\t\t\t\t\t\t\t\t\t<img loading=\"lazy\" decoding=\"async\" width=\"800\" height=\"533\" src=\"https:\/\/www.elturistatranquil.com\/wp-content\/uploads\/F79-Museo-Historico-Arqueologico-Almedinilla-1.jpg\" class=\"attachment-large size-large wp-image-9580\" alt=\"\" srcset=\"https:\/\/www.elturistatranquil.com\/wp-content\/uploads\/F79-Museo-Historico-Arqueologico-Almedinilla-1.jpg 800w, https:\/\/www.elturistatranquil.com\/wp-content\/uploads\/F79-Museo-Historico-Arqueologico-Almedinilla-1-768x512.jpg 768w\" sizes=\"(max-width: 800px) 100vw, 800px\" \/>\t\t\t\t\t\t\t\t\t\t\t\t\t\t\t<\/div>\n\t\t\t\t<\/div>\n\t\t\t\t<div class=\"elementor-element elementor-element-2f4633d4 elementor-widget elementor-widget-heading\" data-id=\"2f4633d4\" data-element_type=\"widget\" data-e-type=\"widget\" data-widget_type=\"heading.default\">\n\t\t\t\t<div class=\"elementor-widget-container\">\n\t\t\t\t\t<h2 class=\"elementor-heading-title elementor-size-default\">Proyecto Fenix<\/h2>\t\t\t\t<\/div>\n\t\t\t\t<\/div>\n\t\t\t\t<div class=\"elementor-element elementor-element-1e13697c elementor-widget elementor-widget-menu-anchor\" data-id=\"1e13697c\" data-element_type=\"widget\" data-e-type=\"widget\" data-widget_type=\"menu-anchor.default\">\n\t\t\t\t<div class=\"elementor-widget-container\">\n\t\t\t\t\t\t\t<div class=\"elementor-menu-anchor\" id=\"b2514\"><\/div>\n\t\t\t\t\t\t<\/div>\n\t\t\t\t<\/div>\n\t\t\t\t<div class=\"elementor-element elementor-element-3dde31d elementor-widget elementor-widget-text-editor\" data-id=\"3dde31d\" data-element_type=\"widget\" data-e-type=\"widget\" data-widget_type=\"text-editor.default\">\n\t\t\t\t<div class=\"elementor-widget-container\">\n\t\t\t\t\t\t\t\t\t<p>Em sembla interessant aconsellar que es miri la p\u00e0gina web del\u00a0<a href=\"http:\/\/almedinilla3d.ihman.com\/\" target=\"_blank\" rel=\"noopener\">Proyecto Fenix. Reconstrucci\u00f3n Virtual de la Villa Romana &#8220;El Ruedo&#8221; en Almedinilla (C\u00f3rdoba)<\/a>.\u00a0S&#8217;hi pot veure la primera fase de realitzaci\u00f3 del v\u00eddeo 3D que es projecta en <em>el Centre de Recepci\u00f3 i Informaci\u00f3 Tur\u00edstica<\/em> (davant de la Vil\u00b7la), aix\u00ed com visualitzar una part d&#8217;aquest video\u00a0<a href=\"https:\/\/vimeo.com\/36704737\" target=\"_blank\" rel=\"noopener\">La Semilla de los Sue\u00f1os<\/a>,\u00a0sense 3D, naturalment.<\/p><p>Permet imaginar com havia de ser aquesta la Vil\u00b7la romana El Ruedo en tota la seva esplendor.<\/p>\t\t\t\t\t\t\t\t<\/div>\n\t\t\t\t<\/div>\n\t\t\t\t<div class=\"elementor-element elementor-element-7f5e4557 elementor-widget elementor-widget-heading\" data-id=\"7f5e4557\" data-element_type=\"widget\" data-e-type=\"widget\" data-widget_type=\"heading.default\">\n\t\t\t\t<div class=\"elementor-widget-container\">\n\t\t\t\t\t<h2 class=\"elementor-heading-title elementor-size-default\">Bases de informaci\u00f3n<\/h2>\t\t\t\t<\/div>\n\t\t\t\t<\/div>\n\t\t\t\t<div class=\"elementor-element elementor-element-60454b92 elementor-widget elementor-widget-text-editor\" data-id=\"60454b92\" data-element_type=\"widget\" data-e-type=\"widget\" data-widget_type=\"text-editor.default\">\n\t\t\t\t<div class=\"elementor-widget-container\">\n\t\t\t\t\t\t\t\t\t<p><strong>Webs<\/strong><\/p><p><strong>Vil\u00b7la romana El Ruedo<\/strong><\/p><p><a href=\"https:\/\/www.iaph.es\/patrimonio-inmueble-andalucia\/resumen.do?id=i17263\" target=\"_blank\" rel=\"noopener\">Villa romana \u00a0El Ruedo. Patrimonio Inmueble de Andaluc\u00eda<\/a><\/p><p><a href=\"https:\/\/es.wikipedia.org\/wiki\/Villa_romana_de_El_Ruedo\" target=\"_blank\" rel=\"noopener\">Villa romana\u00a0 El Ruedo. Wikipedia<\/a><\/p><p><a href=\"http:\/\/turismodelasubbetica.es\/almedinilla\/location\/villa-romana-el-ruedo\/\" target=\"_blank\" rel=\"noopener\">Villa romana\u00a0 El Ruedo. Turismo de la subbetica<\/a><\/p><p><a href=\"https:\/\/cordobapedia.wikanda.es\/wiki\/Villa_Romana_de_El_Ruedo\" target=\"_blank\" rel=\"noopener\">Villa romana\u00a0 El Ruedo. Cordobapedia<\/a><\/p><p><a href=\"http:\/\/turismodelasubbetica.es\/almedinilla\/location\/centro-de-recepcion-de-visitantes-y-exposiciones-temporales\/\" target=\"_blank\" rel=\"noopener\">Centro de Recepci\u00f3n e Informaci\u00f3n Tur\u00edstica<\/a><\/p><p><a href=\"http:\/\/almedinilla3d.ihman.com\/\" target=\"_blank\" rel=\"noopener\">Proyecto Fenix. Reconstrucci\u00f3n Virtual de la Villa Romana &#8220;El Ruedo&#8221; en Almedinilla (C\u00f3rdoba)<\/a><\/p>\t\t\t\t\t\t\t\t<\/div>\n\t\t\t\t<\/div>\n\t\t\t\t<div class=\"elementor-element elementor-element-6df22de4 elementor-widget elementor-widget-text-editor\" data-id=\"6df22de4\" data-element_type=\"widget\" data-e-type=\"widget\" data-widget_type=\"text-editor.default\">\n\t\t\t\t<div class=\"elementor-widget-container\">\n\t\t\t\t\t\t\t\t\t<p><strong>Video<\/strong><\/p><p><a href=\"https:\/\/vimeo.com\/36704737\" target=\"_blank\" rel=\"noopener\">La semilla de los Sue\u00f1os<\/a><\/p>\t\t\t\t\t\t\t\t<\/div>\n\t\t\t\t<\/div>\n\t\t\t\t<div class=\"elementor-element elementor-element-3ca9b198 elementor-widget elementor-widget-text-editor\" data-id=\"3ca9b198\" data-element_type=\"widget\" data-e-type=\"widget\" data-widget_type=\"text-editor.default\">\n\t\t\t\t<div class=\"elementor-widget-container\">\n\t\t\t\t\t\t\t\t\t<p><strong>Museo Hist\u00f3rico-Arqueol\u00f3gico de Almedinilla<\/strong><\/p><p><a href=\"https:\/\/www.almedinilla.es\/sites\/default\/files\/2-guia_final.pdf_museo_historico_0.pdf\" target=\"_blank\" rel=\"noopener\">Museo Municipal de Almedinilla<\/a><\/p><p><a href=\"https:\/\/www.almedinilla.es\/contenido\/museo-historico-arqueologico\" target=\"_blank\" rel=\"noopener\">Museo Hist\u00f3rico-Arqueol\u00f3gico. Ayuntamiento<\/a><\/p><p><a href=\"https:\/\/www.almedinilla.es\/somos\/patrimonio\/cultura\/museo_historico__arqueologico\" target=\"_blank\" rel=\"noopener\">Museo Hist\u00f3rico-Arqueol\u00f3gico. Ayuntamiento<\/a><\/p>\t\t\t\t\t\t\t\t<\/div>\n\t\t\t\t<\/div>\n\t\t\t\t<div class=\"elementor-element elementor-element-22bf311f elementor-widget elementor-widget-text-editor\" data-id=\"22bf311f\" data-element_type=\"widget\" data-e-type=\"widget\" data-widget_type=\"text-editor.default\">\n\t\t\t\t<div class=\"elementor-widget-container\">\n\t\t\t\t\t\t\t\t\t<p><strong>Web Academic<\/strong><\/p><p><a href=\"http:\/\/www.villaebaeticae.es\/villas-visitables\/25-villa-de-el-ruedo-almedinilla-cordoba\" target=\"_blank\" rel=\"noopener\">Descripci\u00f3n y Bibliograf\u00eda<\/a><\/p><p>Jos\u00e9 Ram\u00f3n Carrillo. <a href=\"https:\/\/helvia.uco.es\/bitstream\/handle\/10396\/2660\/1.3.pdf?sequence=1\" target=\"_blank\" rel=\"noopener\">T\u00e9cnicas constructivas en la villa romana de El Ruedo (Almedinilla, C\u00f3rdoba)<\/a><\/p><p>Rafael Hidalgo Prieto, <a href=\"https:\/\/helvia.uco.es\/handle\/10396\/2661\" target=\"_blank\" rel=\"noopener\">Esquemas decorativos pict\u00f3ricos de la villa romana de El Ruedo (Almedinilla, C\u00f3rdoba)<\/a><\/p><p>Silvia Carmona Berenguer, <a href=\"https:\/\/helvia.uco.es\/bitstream\/handle\/10396\/2663\/1.6.pdf?sequence=1\" target=\"_blank\" rel=\"noopener\">La necr\u00f3polis tardorromana de &#8220;El Ruedo&#8221; Almedinilla. C\u00f3rdoba<\/a><\/p>\t\t\t\t\t\t\t\t<\/div>\n\t\t\t\t<\/div>\n\t\t\t\t<div class=\"elementor-element elementor-element-403457ed elementor-widget elementor-widget-text-editor\" data-id=\"403457ed\" data-element_type=\"widget\" data-e-type=\"widget\" data-widget_type=\"text-editor.default\">\n\t\t\t\t<div class=\"elementor-widget-container\">\n\t\t\t\t\t\t\t\t\t<p style=\"text-align: right;\">Enlla\u00e7 amb el <em>Post: <\/em><a href=\"https:\/\/www.elturistatranquil.com\/ca\/la-era-almedinilla-la-subbetica\/\" target=\"_blank\" rel=\"noopener\"><strong>La Era. Almedinilla, La Subb\u00e9tica <\/strong><\/a><\/p>\t\t\t\t\t\t\t\t<\/div>\n\t\t\t\t<\/div>\n\t\t\t\t<div class=\"elementor-element elementor-element-7f948c3c elementor-widget elementor-widget-text-editor\" data-id=\"7f948c3c\" data-element_type=\"widget\" data-e-type=\"widget\" data-widget_type=\"text-editor.default\">\n\t\t\t\t<div class=\"elementor-widget-container\">\n\t\t\t\t\t\t\t\t\t<p style=\"text-align: right;\">Enlla\u00e7 amb el <em>Post<\/em>: <a href=\"https:\/\/www.elturistatranquil.com\/ca\/almedinilla\/\" target=\"_blank\" rel=\"noopener\"><strong>Almedinilla<\/strong><\/a><\/p>\t\t\t\t\t\t\t\t<\/div>\n\t\t\t\t<\/div>\n\t\t\t\t\t<\/div>\n\t\t<\/div>\n\t\t\t\t\t<\/div>\n\t\t<\/section>\n\t\t\t\t<\/div>\n\t\t","protected":false},"excerpt":{"rendered":"<p>La important pres\u00e8ncia romana a La Subb\u00e8tica presenta un magn\u00edfic exemple en la Vil\u00b7la romana El Ruedo a Almedinilla (C\u00f2rdova) amb la seva muse\u00eftzaci\u00f3 en el Museu Hist\u00f2ric-Arqueol\u00f2gic local. Vil\u00b7la &#8230; <a title=\"Vil\u00b7la romana El Ruedo (C\u00f2rdova)\" class=\"read-more\" href=\"https:\/\/www.elturistatranquil.com\/ca\/vil%c2%b7la-romana-el-ruedo\/\" aria-label=\"M\u00e9s informaci\u00f3 sobre Vil\u00b7la romana El Ruedo (C\u00f2rdova)\">[ &#8230; ]<\/a><\/p>\n","protected":false},"author":1,"featured_media":9246,"comment_status":"open","ping_status":"closed","sticky":false,"template":"","format":"standard","meta":{"footnotes":""},"categories":[158,83,87,92,103],"tags":[],"class_list":["post-9416","post","type-post","status-publish","format-standard","has-post-thumbnail","hentry","category-cordova","category-historia-ca","category-joies-al-territori","category-museus","category-roma","infinite-scroll-item","generate-columns","tablet-grid-50","mobile-grid-100","grid-parent","grid-50","no-featured-image-padding"],"yoast_head":"<!-- This site is optimized with the Yoast SEO plugin v27.4 - https:\/\/yoast.com\/product\/yoast-seo-wordpress\/ -->\n<title>Vil\u00b7la romana El Ruedo (C\u00f2rdova) - El turista tranquil<\/title>\n<meta name=\"description\" content=\"La important pres\u00e8ncia romana a La Subb\u00e8tica presenta un magn\u00edfic exemple en la Vil\u00b7la romana El Ruedo a Almedinilla (C\u00f2rdova) amb la seva muse\u00eftzaci\u00f3 en el Museu Hist\u00f2ric-Arqueol\u00f2gic local.\" \/>\n<meta name=\"robots\" content=\"index, follow, max-snippet:-1, max-image-preview:large, max-video-preview:-1\" \/>\n<link rel=\"canonical\" href=\"https:\/\/www.elturistatranquil.com\/ca\/vil%c2%b7la-romana-el-ruedo\/\" \/>\n<meta property=\"og:locale\" content=\"ca_ES\" \/>\n<meta property=\"og:type\" content=\"article\" \/>\n<meta property=\"og:title\" content=\"Vil\u00b7la romana El Ruedo (C\u00f2rdova) - El turista tranquil\" \/>\n<meta property=\"og:description\" content=\"La important pres\u00e8ncia romana a La Subb\u00e8tica presenta un magn\u00edfic exemple en la Vil\u00b7la romana El Ruedo a Almedinilla (C\u00f2rdova) amb la seva muse\u00eftzaci\u00f3 en el Museu Hist\u00f2ric-Arqueol\u00f2gic local.\" \/>\n<meta property=\"og:url\" content=\"https:\/\/www.elturistatranquil.com\/ca\/vil%c2%b7la-romana-el-ruedo\/\" \/>\n<meta property=\"og:site_name\" content=\"El turista tranquil\" \/>\n<meta property=\"article:publisher\" content=\"https:\/\/www.facebook.com\/elturistatranquilo\/\" \/>\n<meta property=\"article:published_time\" content=\"2018-11-15T18:07:29+00:00\" \/>\n<meta property=\"article:modified_time\" content=\"2020-06-18T10:29:16+00:00\" \/>\n<meta property=\"og:image\" content=\"https:\/\/www.elturistatranquil.com\/wp-content\/uploads\/F01-Museo-Historico-Arqueologico-Almedinilla.jpg\" \/>\n\t<meta property=\"og:image:width\" content=\"800\" \/>\n\t<meta property=\"og:image:height\" content=\"533\" \/>\n\t<meta property=\"og:image:type\" content=\"image\/jpeg\" \/>\n<meta name=\"author\" content=\"admin\" \/>\n<meta name=\"twitter:card\" content=\"summary_large_image\" \/>\n<meta name=\"twitter:label1\" content=\"Escrit per\" \/>\n\t<meta name=\"twitter:data1\" content=\"admin\" \/>\n\t<meta name=\"twitter:label2\" content=\"Temps estimat de lectura\" \/>\n\t<meta name=\"twitter:data2\" content=\"22 minuts\" \/>\n<script type=\"application\/ld+json\" class=\"yoast-schema-graph\">{\"@context\":\"https:\\\/\\\/schema.org\",\"@graph\":[{\"@type\":\"Article\",\"@id\":\"https:\\\/\\\/www.elturistatranquil.com\\\/ca\\\/vil%c2%b7la-romana-el-ruedo\\\/#article\",\"isPartOf\":{\"@id\":\"https:\\\/\\\/www.elturistatranquil.com\\\/ca\\\/vil%c2%b7la-romana-el-ruedo\\\/\"},\"author\":{\"name\":\"admin\",\"@id\":\"https:\\\/\\\/www.elturistatranquil.com\\\/ca\\\/#\\\/schema\\\/person\\\/16f607c3079b96ed0c530a52e6b58bb5\"},\"headline\":\"Vil\u00b7la romana El Ruedo (C\u00f2rdova)\",\"datePublished\":\"2018-11-15T18:07:29+00:00\",\"dateModified\":\"2020-06-18T10:29:16+00:00\",\"mainEntityOfPage\":{\"@id\":\"https:\\\/\\\/www.elturistatranquil.com\\\/ca\\\/vil%c2%b7la-romana-el-ruedo\\\/\"},\"wordCount\":4608,\"commentCount\":0,\"image\":{\"@id\":\"https:\\\/\\\/www.elturistatranquil.com\\\/ca\\\/vil%c2%b7la-romana-el-ruedo\\\/#primaryimage\"},\"thumbnailUrl\":\"https:\\\/\\\/www.elturistatranquil.com\\\/wp-content\\\/uploads\\\/F01-Museo-Historico-Arqueologico-Almedinilla.jpg\",\"articleSection\":[\"C\u00f2rdova\",\"Hist\u00f2ria\",\"Joies al territori\",\"Museus\",\"Rom\u00e0\"],\"inLanguage\":\"ca\",\"potentialAction\":[{\"@type\":\"CommentAction\",\"name\":\"Comment\",\"target\":[\"https:\\\/\\\/www.elturistatranquil.com\\\/ca\\\/vil%c2%b7la-romana-el-ruedo\\\/#respond\"]}]},{\"@type\":\"WebPage\",\"@id\":\"https:\\\/\\\/www.elturistatranquil.com\\\/ca\\\/vil%c2%b7la-romana-el-ruedo\\\/\",\"url\":\"https:\\\/\\\/www.elturistatranquil.com\\\/ca\\\/vil%c2%b7la-romana-el-ruedo\\\/\",\"name\":\"Vil\u00b7la romana El Ruedo (C\u00f2rdova) - El turista tranquil\",\"isPartOf\":{\"@id\":\"https:\\\/\\\/www.elturistatranquil.com\\\/ca\\\/#website\"},\"primaryImageOfPage\":{\"@id\":\"https:\\\/\\\/www.elturistatranquil.com\\\/ca\\\/vil%c2%b7la-romana-el-ruedo\\\/#primaryimage\"},\"image\":{\"@id\":\"https:\\\/\\\/www.elturistatranquil.com\\\/ca\\\/vil%c2%b7la-romana-el-ruedo\\\/#primaryimage\"},\"thumbnailUrl\":\"https:\\\/\\\/www.elturistatranquil.com\\\/wp-content\\\/uploads\\\/F01-Museo-Historico-Arqueologico-Almedinilla.jpg\",\"datePublished\":\"2018-11-15T18:07:29+00:00\",\"dateModified\":\"2020-06-18T10:29:16+00:00\",\"author\":{\"@id\":\"https:\\\/\\\/www.elturistatranquil.com\\\/ca\\\/#\\\/schema\\\/person\\\/16f607c3079b96ed0c530a52e6b58bb5\"},\"description\":\"La important pres\u00e8ncia romana a La Subb\u00e8tica presenta un magn\u00edfic exemple en la Vil\u00b7la romana El Ruedo a Almedinilla (C\u00f2rdova) amb la seva muse\u00eftzaci\u00f3 en el Museu Hist\u00f2ric-Arqueol\u00f2gic local.\",\"breadcrumb\":{\"@id\":\"https:\\\/\\\/www.elturistatranquil.com\\\/ca\\\/vil%c2%b7la-romana-el-ruedo\\\/#breadcrumb\"},\"inLanguage\":\"ca\",\"potentialAction\":[{\"@type\":\"ReadAction\",\"target\":[\"https:\\\/\\\/www.elturistatranquil.com\\\/ca\\\/vil%c2%b7la-romana-el-ruedo\\\/\"]}]},{\"@type\":\"ImageObject\",\"inLanguage\":\"ca\",\"@id\":\"https:\\\/\\\/www.elturistatranquil.com\\\/ca\\\/vil%c2%b7la-romana-el-ruedo\\\/#primaryimage\",\"url\":\"https:\\\/\\\/www.elturistatranquil.com\\\/wp-content\\\/uploads\\\/F01-Museo-Historico-Arqueologico-Almedinilla.jpg\",\"contentUrl\":\"https:\\\/\\\/www.elturistatranquil.com\\\/wp-content\\\/uploads\\\/F01-Museo-Historico-Arqueologico-Almedinilla.jpg\",\"width\":800,\"height\":533,\"caption\":\"Museo Historico-Arqueologico Almedinilla Hypnos\"},{\"@type\":\"BreadcrumbList\",\"@id\":\"https:\\\/\\\/www.elturistatranquil.com\\\/ca\\\/vil%c2%b7la-romana-el-ruedo\\\/#breadcrumb\",\"itemListElement\":[{\"@type\":\"ListItem\",\"position\":1,\"name\":\"Portada\",\"item\":\"https:\\\/\\\/www.elturistatranquil.com\\\/ca\\\/\"},{\"@type\":\"ListItem\",\"position\":2,\"name\":\"Vil\u00b7la romana El Ruedo (C\u00f2rdova)\"}]},{\"@type\":\"WebSite\",\"@id\":\"https:\\\/\\\/www.elturistatranquil.com\\\/ca\\\/#website\",\"url\":\"https:\\\/\\\/www.elturistatranquil.com\\\/ca\\\/\",\"name\":\"El turista tranquil\",\"description\":\"Blog de viatges\",\"potentialAction\":[{\"@type\":\"SearchAction\",\"target\":{\"@type\":\"EntryPoint\",\"urlTemplate\":\"https:\\\/\\\/www.elturistatranquil.com\\\/ca\\\/?s={search_term_string}\"},\"query-input\":{\"@type\":\"PropertyValueSpecification\",\"valueRequired\":true,\"valueName\":\"search_term_string\"}}],\"inLanguage\":\"ca\"},{\"@type\":\"Person\",\"@id\":\"https:\\\/\\\/www.elturistatranquil.com\\\/ca\\\/#\\\/schema\\\/person\\\/16f607c3079b96ed0c530a52e6b58bb5\",\"name\":\"admin\",\"image\":{\"@type\":\"ImageObject\",\"inLanguage\":\"ca\",\"@id\":\"https:\\\/\\\/secure.gravatar.com\\\/avatar\\\/1fbaf22aee75fcbb29a2f97b107f95d25d3a19b7c3416105be10269872673e8d?s=96&d=mm&r=g\",\"url\":\"https:\\\/\\\/secure.gravatar.com\\\/avatar\\\/1fbaf22aee75fcbb29a2f97b107f95d25d3a19b7c3416105be10269872673e8d?s=96&d=mm&r=g\",\"contentUrl\":\"https:\\\/\\\/secure.gravatar.com\\\/avatar\\\/1fbaf22aee75fcbb29a2f97b107f95d25d3a19b7c3416105be10269872673e8d?s=96&d=mm&r=g\",\"caption\":\"admin\"}}]}<\/script>\n<!-- \/ Yoast SEO plugin. -->","yoast_head_json":{"title":"Vil\u00b7la romana El Ruedo (C\u00f2rdova) - El turista tranquil","description":"La important pres\u00e8ncia romana a La Subb\u00e8tica presenta un magn\u00edfic exemple en la Vil\u00b7la romana El Ruedo a Almedinilla (C\u00f2rdova) amb la seva muse\u00eftzaci\u00f3 en el Museu Hist\u00f2ric-Arqueol\u00f2gic local.","robots":{"index":"index","follow":"follow","max-snippet":"max-snippet:-1","max-image-preview":"max-image-preview:large","max-video-preview":"max-video-preview:-1"},"canonical":"https:\/\/www.elturistatranquil.com\/ca\/vil%c2%b7la-romana-el-ruedo\/","og_locale":"ca_ES","og_type":"article","og_title":"Vil\u00b7la romana El Ruedo (C\u00f2rdova) - El turista tranquil","og_description":"La important pres\u00e8ncia romana a La Subb\u00e8tica presenta un magn\u00edfic exemple en la Vil\u00b7la romana El Ruedo a Almedinilla (C\u00f2rdova) amb la seva muse\u00eftzaci\u00f3 en el Museu Hist\u00f2ric-Arqueol\u00f2gic local.","og_url":"https:\/\/www.elturistatranquil.com\/ca\/vil%c2%b7la-romana-el-ruedo\/","og_site_name":"El turista tranquil","article_publisher":"https:\/\/www.facebook.com\/elturistatranquilo\/","article_published_time":"2018-11-15T18:07:29+00:00","article_modified_time":"2020-06-18T10:29:16+00:00","og_image":[{"width":800,"height":533,"url":"https:\/\/www.elturistatranquil.com\/wp-content\/uploads\/F01-Museo-Historico-Arqueologico-Almedinilla.jpg","type":"image\/jpeg"}],"author":"admin","twitter_card":"summary_large_image","twitter_misc":{"Escrit per":"admin","Temps estimat de lectura":"22 minuts"},"schema":{"@context":"https:\/\/schema.org","@graph":[{"@type":"Article","@id":"https:\/\/www.elturistatranquil.com\/ca\/vil%c2%b7la-romana-el-ruedo\/#article","isPartOf":{"@id":"https:\/\/www.elturistatranquil.com\/ca\/vil%c2%b7la-romana-el-ruedo\/"},"author":{"name":"admin","@id":"https:\/\/www.elturistatranquil.com\/ca\/#\/schema\/person\/16f607c3079b96ed0c530a52e6b58bb5"},"headline":"Vil\u00b7la romana El Ruedo (C\u00f2rdova)","datePublished":"2018-11-15T18:07:29+00:00","dateModified":"2020-06-18T10:29:16+00:00","mainEntityOfPage":{"@id":"https:\/\/www.elturistatranquil.com\/ca\/vil%c2%b7la-romana-el-ruedo\/"},"wordCount":4608,"commentCount":0,"image":{"@id":"https:\/\/www.elturistatranquil.com\/ca\/vil%c2%b7la-romana-el-ruedo\/#primaryimage"},"thumbnailUrl":"https:\/\/www.elturistatranquil.com\/wp-content\/uploads\/F01-Museo-Historico-Arqueologico-Almedinilla.jpg","articleSection":["C\u00f2rdova","Hist\u00f2ria","Joies al territori","Museus","Rom\u00e0"],"inLanguage":"ca","potentialAction":[{"@type":"CommentAction","name":"Comment","target":["https:\/\/www.elturistatranquil.com\/ca\/vil%c2%b7la-romana-el-ruedo\/#respond"]}]},{"@type":"WebPage","@id":"https:\/\/www.elturistatranquil.com\/ca\/vil%c2%b7la-romana-el-ruedo\/","url":"https:\/\/www.elturistatranquil.com\/ca\/vil%c2%b7la-romana-el-ruedo\/","name":"Vil\u00b7la romana El Ruedo (C\u00f2rdova) - El turista tranquil","isPartOf":{"@id":"https:\/\/www.elturistatranquil.com\/ca\/#website"},"primaryImageOfPage":{"@id":"https:\/\/www.elturistatranquil.com\/ca\/vil%c2%b7la-romana-el-ruedo\/#primaryimage"},"image":{"@id":"https:\/\/www.elturistatranquil.com\/ca\/vil%c2%b7la-romana-el-ruedo\/#primaryimage"},"thumbnailUrl":"https:\/\/www.elturistatranquil.com\/wp-content\/uploads\/F01-Museo-Historico-Arqueologico-Almedinilla.jpg","datePublished":"2018-11-15T18:07:29+00:00","dateModified":"2020-06-18T10:29:16+00:00","author":{"@id":"https:\/\/www.elturistatranquil.com\/ca\/#\/schema\/person\/16f607c3079b96ed0c530a52e6b58bb5"},"description":"La important pres\u00e8ncia romana a La Subb\u00e8tica presenta un magn\u00edfic exemple en la Vil\u00b7la romana El Ruedo a Almedinilla (C\u00f2rdova) amb la seva muse\u00eftzaci\u00f3 en el Museu Hist\u00f2ric-Arqueol\u00f2gic local.","breadcrumb":{"@id":"https:\/\/www.elturistatranquil.com\/ca\/vil%c2%b7la-romana-el-ruedo\/#breadcrumb"},"inLanguage":"ca","potentialAction":[{"@type":"ReadAction","target":["https:\/\/www.elturistatranquil.com\/ca\/vil%c2%b7la-romana-el-ruedo\/"]}]},{"@type":"ImageObject","inLanguage":"ca","@id":"https:\/\/www.elturistatranquil.com\/ca\/vil%c2%b7la-romana-el-ruedo\/#primaryimage","url":"https:\/\/www.elturistatranquil.com\/wp-content\/uploads\/F01-Museo-Historico-Arqueologico-Almedinilla.jpg","contentUrl":"https:\/\/www.elturistatranquil.com\/wp-content\/uploads\/F01-Museo-Historico-Arqueologico-Almedinilla.jpg","width":800,"height":533,"caption":"Museo Historico-Arqueologico Almedinilla Hypnos"},{"@type":"BreadcrumbList","@id":"https:\/\/www.elturistatranquil.com\/ca\/vil%c2%b7la-romana-el-ruedo\/#breadcrumb","itemListElement":[{"@type":"ListItem","position":1,"name":"Portada","item":"https:\/\/www.elturistatranquil.com\/ca\/"},{"@type":"ListItem","position":2,"name":"Vil\u00b7la romana El Ruedo (C\u00f2rdova)"}]},{"@type":"WebSite","@id":"https:\/\/www.elturistatranquil.com\/ca\/#website","url":"https:\/\/www.elturistatranquil.com\/ca\/","name":"El turista tranquil","description":"Blog de viatges","potentialAction":[{"@type":"SearchAction","target":{"@type":"EntryPoint","urlTemplate":"https:\/\/www.elturistatranquil.com\/ca\/?s={search_term_string}"},"query-input":{"@type":"PropertyValueSpecification","valueRequired":true,"valueName":"search_term_string"}}],"inLanguage":"ca"},{"@type":"Person","@id":"https:\/\/www.elturistatranquil.com\/ca\/#\/schema\/person\/16f607c3079b96ed0c530a52e6b58bb5","name":"admin","image":{"@type":"ImageObject","inLanguage":"ca","@id":"https:\/\/secure.gravatar.com\/avatar\/1fbaf22aee75fcbb29a2f97b107f95d25d3a19b7c3416105be10269872673e8d?s=96&d=mm&r=g","url":"https:\/\/secure.gravatar.com\/avatar\/1fbaf22aee75fcbb29a2f97b107f95d25d3a19b7c3416105be10269872673e8d?s=96&d=mm&r=g","contentUrl":"https:\/\/secure.gravatar.com\/avatar\/1fbaf22aee75fcbb29a2f97b107f95d25d3a19b7c3416105be10269872673e8d?s=96&d=mm&r=g","caption":"admin"}}]}},"_links":{"self":[{"href":"https:\/\/www.elturistatranquil.com\/ca\/wp-json\/wp\/v2\/posts\/9416","targetHints":{"allow":["GET"]}}],"collection":[{"href":"https:\/\/www.elturistatranquil.com\/ca\/wp-json\/wp\/v2\/posts"}],"about":[{"href":"https:\/\/www.elturistatranquil.com\/ca\/wp-json\/wp\/v2\/types\/post"}],"author":[{"embeddable":true,"href":"https:\/\/www.elturistatranquil.com\/ca\/wp-json\/wp\/v2\/users\/1"}],"replies":[{"embeddable":true,"href":"https:\/\/www.elturistatranquil.com\/ca\/wp-json\/wp\/v2\/comments?post=9416"}],"version-history":[{"count":1,"href":"https:\/\/www.elturistatranquil.com\/ca\/wp-json\/wp\/v2\/posts\/9416\/revisions"}],"predecessor-version":[{"id":31541,"href":"https:\/\/www.elturistatranquil.com\/ca\/wp-json\/wp\/v2\/posts\/9416\/revisions\/31541"}],"wp:featuredmedia":[{"embeddable":true,"href":"https:\/\/www.elturistatranquil.com\/ca\/wp-json\/wp\/v2\/media\/9246"}],"wp:attachment":[{"href":"https:\/\/www.elturistatranquil.com\/ca\/wp-json\/wp\/v2\/media?parent=9416"}],"wp:term":[{"taxonomy":"category","embeddable":true,"href":"https:\/\/www.elturistatranquil.com\/ca\/wp-json\/wp\/v2\/categories?post=9416"},{"taxonomy":"post_tag","embeddable":true,"href":"https:\/\/www.elturistatranquil.com\/ca\/wp-json\/wp\/v2\/tags?post=9416"}],"curies":[{"name":"wp","href":"https:\/\/api.w.org\/{rel}","templated":true}]}}