{"id":9758,"date":"2018-11-24T10:15:28","date_gmt":"2018-11-24T09:15:28","guid":{"rendered":"https:\/\/www.elturistatranquil.com\/?p=9758"},"modified":"2025-08-04T19:40:16","modified_gmt":"2025-08-04T17:40:16","slug":"poblat-iber-de-el-cerro-de-la-cruz","status":"publish","type":"post","link":"https:\/\/www.elturistatranquil.com\/ca\/poblat-iber-de-el-cerro-de-la-cruz\/","title":{"rendered":"Poblat iber de El Cerro de la Cruz (C\u00f2rdova)"},"content":{"rendered":"\t\t<div data-elementor-type=\"wp-post\" data-elementor-id=\"9758\" class=\"elementor elementor-9758 elementor-9616 elementor-bc-flex-widget\" data-elementor-post-type=\"post\">\n\t\t\t\t\t\t<section class=\"elementor-section elementor-top-section elementor-element elementor-element-54a9d064 elementor-section-boxed elementor-section-height-default elementor-section-height-default\" data-id=\"54a9d064\" data-element_type=\"section\" data-e-type=\"section\">\n\t\t\t\t\t\t<div class=\"elementor-container elementor-column-gap-default\">\n\t\t\t\t\t<div class=\"elementor-column elementor-col-100 elementor-top-column elementor-element elementor-element-6a83a809\" data-id=\"6a83a809\" data-element_type=\"column\" data-e-type=\"column\">\n\t\t\t<div class=\"elementor-widget-wrap elementor-element-populated\">\n\t\t\t\t\t\t<section class=\"elementor-section elementor-inner-section elementor-element elementor-element-32fa8669 elementor-section-content-middle elementor-section-boxed elementor-section-height-default elementor-section-height-default\" data-id=\"32fa8669\" data-element_type=\"section\" data-e-type=\"section\">\n\t\t\t\t\t\t<div class=\"elementor-container elementor-column-gap-default\">\n\t\t\t\t\t<div class=\"elementor-column elementor-col-100 elementor-inner-column elementor-element elementor-element-22685e01\" data-id=\"22685e01\" data-element_type=\"column\" data-e-type=\"column\">\n\t\t\t<div class=\"elementor-widget-wrap elementor-element-populated\">\n\t\t\t\t\t\t<div class=\"elementor-element elementor-element-18d31348 elementor-widget elementor-widget-text-editor\" data-id=\"18d31348\" data-element_type=\"widget\" data-e-type=\"widget\" data-widget_type=\"text-editor.default\">\n\t\t\t\t<div class=\"elementor-widget-container\">\n\t\t\t\t\t\t\t\t\t<p>La important pres\u00e8ncia ibera a la B\u00e8tica presenta un extraordinari exemple en el <em>Poblat iber de El Cerro de la Cruz<\/em> a Almedinilla (C\u00f2rdova).<\/p>\t\t\t\t\t\t\t\t<\/div>\n\t\t\t\t<\/div>\n\t\t\t\t\t<\/div>\n\t\t<\/div>\n\t\t\t\t\t<\/div>\n\t\t<\/section>\n\t\t\t\t<div class=\"elementor-element elementor-element-4e6ad317 elementor-widget elementor-widget-heading\" data-id=\"4e6ad317\" data-element_type=\"widget\" data-e-type=\"widget\" data-widget_type=\"heading.default\">\n\t\t\t\t<div class=\"elementor-widget-container\">\n\t\t\t\t\t<h1 class=\"elementor-heading-title elementor-size-default\">Poblat iber de El Cerro de la Cruz (C\u00f2rdova)<\/h1>\t\t\t\t<\/div>\n\t\t\t\t<\/div>\n\t\t\t\t\t<\/div>\n\t\t<\/div>\n\t\t\t\t\t<\/div>\n\t\t<\/section>\n\t\t\t\t<section class=\"elementor-section elementor-top-section elementor-element elementor-element-faab3dd elementor-section-boxed elementor-section-height-default elementor-section-height-default\" data-id=\"faab3dd\" data-element_type=\"section\" data-e-type=\"section\">\n\t\t\t\t\t\t<div class=\"elementor-container elementor-column-gap-default\">\n\t\t\t\t\t<div class=\"elementor-column elementor-col-100 elementor-top-column elementor-element elementor-element-28b26642\" data-id=\"28b26642\" data-element_type=\"column\" data-e-type=\"column\">\n\t\t\t<div class=\"elementor-widget-wrap elementor-element-populated\">\n\t\t\t\t\t\t<div class=\"elementor-element elementor-element-5e78b0f3 elementor-widget elementor-widget-image\" data-id=\"5e78b0f3\" data-element_type=\"widget\" data-e-type=\"widget\" data-widget_type=\"image.default\">\n\t\t\t\t<div class=\"elementor-widget-container\">\n\t\t\t\t\t\t\t\t\t\t\t\t<figure class=\"wp-caption\">\n\t\t\t\t\t\t\t\t\t\t<img fetchpriority=\"high\" decoding=\"async\" width=\"800\" height=\"534\" src=\"https:\/\/www.elturistatranquil.com\/wp-content\/uploads\/F01-Cer\u00e1mica-bastetana-Almedinilla-1.jpg\" class=\"attachment-large size-large wp-image-9760\" alt=\"\" srcset=\"https:\/\/www.elturistatranquil.com\/wp-content\/uploads\/F01-Cer\u00e1mica-bastetana-Almedinilla-1.jpg 800w, https:\/\/www.elturistatranquil.com\/wp-content\/uploads\/F01-Cer\u00e1mica-bastetana-Almedinilla-1-768x513.jpg 768w\" sizes=\"(max-width: 800px) 100vw, 800px\" \/>\t\t\t\t\t\t\t\t\t\t\t<figcaption class=\"widget-image-caption wp-caption-text\">Cer\u00e0mica ibera bastetana<\/figcaption>\n\t\t\t\t\t\t\t\t\t\t<\/figure>\n\t\t\t\t\t\t\t\t\t<\/div>\n\t\t\t\t<\/div>\n\t\t\t\t<div class=\"elementor-element elementor-element-6f68718e elementor-widget elementor-widget-spacer\" data-id=\"6f68718e\" data-element_type=\"widget\" data-e-type=\"widget\" data-widget_type=\"spacer.default\">\n\t\t\t\t<div class=\"elementor-widget-container\">\n\t\t\t\t\t\t\t<div class=\"elementor-spacer\">\n\t\t\t<div class=\"elementor-spacer-inner\"><\/div>\n\t\t<\/div>\n\t\t\t\t\t\t<\/div>\n\t\t\t\t<\/div>\n\t\t\t\t<div class=\"elementor-element elementor-element-2b968085 elementor-widget elementor-widget-heading\" data-id=\"2b968085\" data-element_type=\"widget\" data-e-type=\"widget\" data-widget_type=\"heading.default\">\n\t\t\t\t<div class=\"elementor-widget-container\">\n\t\t\t\t\t<h2 class=\"elementor-heading-title elementor-size-default\">Poblat iber de El Cerro de la Cruz  . Almedinilla. C\u00f2rdova<\/h2>\t\t\t\t<\/div>\n\t\t\t\t<\/div>\n\t\t\t\t<section class=\"elementor-section elementor-inner-section elementor-element elementor-element-587b205d elementor-section-boxed elementor-section-height-default elementor-section-height-default\" data-id=\"587b205d\" data-element_type=\"section\" data-e-type=\"section\" data-settings=\"{&quot;background_background&quot;:&quot;classic&quot;}\">\n\t\t\t\t\t\t\t<div class=\"elementor-background-overlay\"><\/div>\n\t\t\t\t\t\t\t<div class=\"elementor-container elementor-column-gap-default\">\n\t\t\t\t\t<div class=\"elementor-column elementor-col-100 elementor-inner-column elementor-element elementor-element-5cb219\" data-id=\"5cb219\" data-element_type=\"column\" data-e-type=\"column\" data-settings=\"{&quot;background_background&quot;:&quot;classic&quot;}\">\n\t\t\t<div class=\"elementor-widget-wrap elementor-element-populated\">\n\t\t\t\t\t\t<div class=\"elementor-element elementor-element-5b3070d1 elementor-widget elementor-widget-text-editor\" data-id=\"5b3070d1\" data-element_type=\"widget\" data-e-type=\"widget\" data-widget_type=\"text-editor.default\">\n\t\t\t\t<div class=\"elementor-widget-container\">\n\t\t\t\t\t\t\t\t\t<p>Municipi: Almedinilla. Comarca: La Subb\u00e8tica. Prov\u00edncia: C\u00f2rdova. Com. Aut\u00f2noma: Andalusia<\/p>\t\t\t\t\t\t\t\t<\/div>\n\t\t\t\t<\/div>\n\t\t\t\t<div class=\"elementor-element elementor-element-2ea12e9b elementor-widget elementor-widget-text-editor\" data-id=\"2ea12e9b\" data-element_type=\"widget\" data-e-type=\"widget\" data-widget_type=\"text-editor.default\">\n\t\t\t\t<div class=\"elementor-widget-container\">\n\t\t\t\t\t\t\t\t\t<p>Tel\u00e8fon: 957 703 317<\/p>\t\t\t\t\t\t\t\t<\/div>\n\t\t\t\t<\/div>\n\t\t\t\t<div class=\"elementor-element elementor-element-379134ee elementor-widget elementor-widget-text-editor\" data-id=\"379134ee\" data-element_type=\"widget\" data-e-type=\"widget\" data-widget_type=\"text-editor.default\">\n\t\t\t\t<div class=\"elementor-widget-container\">\n\t\t\t\t\t\t\t\t\t<p>Coordenades: 37\u00b026\u203209\u2033N 4\u00b004\u203254\u2033O<\/p>\t\t\t\t\t\t\t\t<\/div>\n\t\t\t\t<\/div>\n\t\t\t\t<div class=\"elementor-element elementor-element-5defa077 elementor-widget elementor-widget-text-editor\" data-id=\"5defa077\" data-element_type=\"widget\" data-e-type=\"widget\" data-widget_type=\"text-editor.default\">\n\t\t\t\t<div class=\"elementor-widget-container\">\n\t\t\t\t\t\t\t\t\t<p>Web: <a href=\"https:\/\/www.almedinillaturismo.es\/quevisitar\/poblado-ibero\" target=\"_blank\" rel=\"noopener\">Ayuntamiento. Cerro de la Cruz<\/a> Email: <a href=\"mailto:info@almedinillaturismo.es\">info@almedinillaturismo.es<\/a><\/p>\t\t\t\t\t\t\t\t<\/div>\n\t\t\t\t<\/div>\n\t\t\t\t<div class=\"elementor-element elementor-element-74d597d0 elementor-widget elementor-widget-text-editor\" data-id=\"74d597d0\" data-element_type=\"widget\" data-e-type=\"widget\" data-widget_type=\"text-editor.default\">\n\t\t\t\t<div class=\"elementor-widget-container\">\n\t\t\t\t\t\t\t\t\t<p>B\u00e9 d&#8217;Inter\u00e8s Cultural, categoria Zona Arqueol\u00f2gica<\/p>\t\t\t\t\t\t\t\t<\/div>\n\t\t\t\t<\/div>\n\t\t\t\t<div class=\"elementor-element elementor-element-137ddd44 elementor-widget elementor-widget-text-editor\" data-id=\"137ddd44\" data-element_type=\"widget\" data-e-type=\"widget\" data-widget_type=\"text-editor.default\">\n\t\t\t\t<div class=\"elementor-widget-container\">\n\t\t\t\t\t\t\t\t\t<p>Visita: 2018<\/p>\t\t\t\t\t\t\t\t<\/div>\n\t\t\t\t<\/div>\n\t\t\t\t\t<\/div>\n\t\t<\/div>\n\t\t\t\t\t<\/div>\n\t\t<\/section>\n\t\t\t\t<div class=\"elementor-element elementor-element-722d90bd elementor-widget elementor-widget-image\" data-id=\"722d90bd\" data-element_type=\"widget\" data-e-type=\"widget\" data-widget_type=\"image.default\">\n\t\t\t\t<div class=\"elementor-widget-container\">\n\t\t\t\t\t\t\t\t\t\t\t\t<figure class=\"wp-caption\">\n\t\t\t\t\t\t\t\t\t\t<img decoding=\"async\" width=\"768\" height=\"532\" src=\"https:\/\/www.elturistatranquil.com\/wp-content\/uploads\/F02-Mapa-de-situaci\u00f3n-de-El-Cerro-de-la-Cruz-Almedinilla-1-768x532.jpg\" class=\"attachment-medium_large size-medium_large wp-image-9762\" alt=\"\" srcset=\"https:\/\/www.elturistatranquil.com\/wp-content\/uploads\/F02-Mapa-de-situaci\u00f3n-de-El-Cerro-de-la-Cruz-Almedinilla-1-768x532.jpg 768w, https:\/\/www.elturistatranquil.com\/wp-content\/uploads\/F02-Mapa-de-situaci\u00f3n-de-El-Cerro-de-la-Cruz-Almedinilla-1.jpg 800w\" sizes=\"(max-width: 768px) 100vw, 768px\" \/>\t\t\t\t\t\t\t\t\t\t\t<figcaption class=\"widget-image-caption wp-caption-text\">Mapa de situaci\u00f3 de El Cerro de la Cruz (Font: Atlas hist\u00f3rico universal. El Pa\u00eds-Aguilar)<\/figcaption>\n\t\t\t\t\t\t\t\t\t\t<\/figure>\n\t\t\t\t\t\t\t\t\t<\/div>\n\t\t\t\t<\/div>\n\t\t\t\t<section class=\"elementor-section elementor-inner-section elementor-element elementor-element-3552a149 elementor-section-boxed elementor-section-height-default elementor-section-height-default\" data-id=\"3552a149\" data-element_type=\"section\" data-e-type=\"section\" data-settings=\"{&quot;background_background&quot;:&quot;classic&quot;}\">\n\t\t\t\t\t\t<div class=\"elementor-container elementor-column-gap-default\">\n\t\t\t\t\t<div class=\"elementor-column elementor-col-100 elementor-inner-column elementor-element elementor-element-496b7c3f\" data-id=\"496b7c3f\" data-element_type=\"column\" data-e-type=\"column\">\n\t\t\t<div class=\"elementor-widget-wrap elementor-element-populated\">\n\t\t\t\t\t\t<div class=\"elementor-element elementor-element-17a2d943 elementor-widget elementor-widget-text-editor\" data-id=\"17a2d943\" data-element_type=\"widget\" data-e-type=\"widget\" data-widget_type=\"text-editor.default\">\n\t\t\t\t<div class=\"elementor-widget-container\">\n\t\t\t\t\t\t\t\t\t<h6><strong>\u00cdndex<\/strong><\/h6>\t\t\t\t\t\t\t\t<\/div>\n\t\t\t\t<\/div>\n\t\t\t\t<div class=\"elementor-element elementor-element-4984e386 elementor-widget elementor-widget-text-editor\" data-id=\"4984e386\" data-element_type=\"widget\" data-e-type=\"widget\" data-widget_type=\"text-editor.default\">\n\t\t\t\t<div class=\"elementor-widget-container\">\n\t\t\t\t\t\t\t\t\t<p><a href=\"https:\/\/www.elturistatranquil.com\/ca\/poblat-iber-de-el-cerro-de-la-cruz\/#b2601\">Poblat iber de El Cerro de la Cruz\u00a0 . Almedinilla. C\u00f2rdova<\/a><\/p>\t\t\t\t\t\t\t\t<\/div>\n\t\t\t\t<\/div>\n\t\t\t\t<div class=\"elementor-element elementor-element-10563b9f elementor-widget elementor-widget-text-editor\" data-id=\"10563b9f\" data-element_type=\"widget\" data-e-type=\"widget\" data-widget_type=\"text-editor.default\">\n\t\t\t\t<div class=\"elementor-widget-container\">\n\t\t\t\t\t\t\t\t\t<p><a href=\"https:\/\/www.elturistatranquil.com\/ca\/poblat-iber-de-el-cerro-de-la-cruz\/#b2602\">La cultura ibera<\/a><\/p>\t\t\t\t\t\t\t\t<\/div>\n\t\t\t\t<\/div>\n\t\t\t\t<div class=\"elementor-element elementor-element-77e30afa elementor-widget elementor-widget-text-editor\" data-id=\"77e30afa\" data-element_type=\"widget\" data-e-type=\"widget\" data-widget_type=\"text-editor.default\">\n\t\t\t\t<div class=\"elementor-widget-container\">\n\t\t\t\t\t\t\t\t\t<p><a href=\"https:\/\/www.elturistatranquil.com\/ca\/poblat-iber-de-el-cerro-de-la-cruz\/#b2603\">El poblat i el Museu<\/a><\/p>\t\t\t\t\t\t\t\t<\/div>\n\t\t\t\t<\/div>\n\t\t\t\t<div class=\"elementor-element elementor-element-29a71635 elementor-widget elementor-widget-text-editor\" data-id=\"29a71635\" data-element_type=\"widget\" data-e-type=\"widget\" data-widget_type=\"text-editor.default\">\n\t\t\t\t<div class=\"elementor-widget-container\">\n\t\t\t\t\t\t\t\t\t<p style=\"padding-left: 60px;\"><a href=\"https:\/\/www.elturistatranquil.com\/ca\/poblat-iber-de-el-cerro-de-la-cruz\/#b2604\">Les excavacions<\/a><\/p>\t\t\t\t\t\t\t\t<\/div>\n\t\t\t\t<\/div>\n\t\t\t\t<div class=\"elementor-element elementor-element-1a251dbb elementor-widget elementor-widget-text-editor\" data-id=\"1a251dbb\" data-element_type=\"widget\" data-e-type=\"widget\" data-widget_type=\"text-editor.default\">\n\t\t\t\t<div class=\"elementor-widget-container\">\n\t\t\t\t\t\t\t\t\t<p><a href=\"https:\/\/www.elturistatranquil.com\/ca\/poblat-iber-de-el-cerro-de-la-cruz\/#b2605\">La societat ibera de El Cerro de la Cruz\u00a0<\/a><\/p>\t\t\t\t\t\t\t\t<\/div>\n\t\t\t\t<\/div>\n\t\t\t\t<div class=\"elementor-element elementor-element-216670a4 elementor-widget elementor-widget-text-editor\" data-id=\"216670a4\" data-element_type=\"widget\" data-e-type=\"widget\" data-widget_type=\"text-editor.default\">\n\t\t\t\t<div class=\"elementor-widget-container\">\n\t\t\t\t\t\t\t\t\t<p><a href=\"https:\/\/www.elturistatranquil.com\/ca\/poblat-iber-de-el-cerro-de-la-cruz\/#b2606\">L&#8217;urbanisme del poblat<\/a><\/p>\t\t\t\t\t\t\t\t<\/div>\n\t\t\t\t<\/div>\n\t\t\t\t<div class=\"elementor-element elementor-element-763ad7a7 elementor-widget elementor-widget-text-editor\" data-id=\"763ad7a7\" data-element_type=\"widget\" data-e-type=\"widget\" data-widget_type=\"text-editor.default\">\n\t\t\t\t<div class=\"elementor-widget-container\">\n\t\t\t\t\t\t\t\t\t<p><a href=\"https:\/\/www.elturistatranquil.com\/ca\/poblat-iber-de-el-cerro-de-la-cruz\/#b2607\">La casa ibera<\/a><\/p>\t\t\t\t\t\t\t\t<\/div>\n\t\t\t\t<\/div>\n\t\t\t\t<div class=\"elementor-element elementor-element-67a8d441 elementor-widget elementor-widget-text-editor\" data-id=\"67a8d441\" data-element_type=\"widget\" data-e-type=\"widget\" data-widget_type=\"text-editor.default\">\n\t\t\t\t<div class=\"elementor-widget-container\">\n\t\t\t\t\t\t\t\t\t<p style=\"padding-left: 60px;\"><a href=\"https:\/\/www.elturistatranquil.com\/ca\/poblat-iber-de-el-cerro-de-la-cruz\/#b2608\">T\u00e8cniques constructives<\/a><\/p>\t\t\t\t\t\t\t\t<\/div>\n\t\t\t\t<\/div>\n\t\t\t\t<div class=\"elementor-element elementor-element-2c2fc08c elementor-widget elementor-widget-text-editor\" data-id=\"2c2fc08c\" data-element_type=\"widget\" data-e-type=\"widget\" data-widget_type=\"text-editor.default\">\n\t\t\t\t<div class=\"elementor-widget-container\">\n\t\t\t\t\t\t\t\t\t<p><a href=\"https:\/\/www.elturistatranquil.com\/ca\/poblat-iber-de-el-cerro-de-la-cruz\/#b2609\">Les activitats productives<\/a><\/p>\t\t\t\t\t\t\t\t<\/div>\n\t\t\t\t<\/div>\n\t\t\t\t<div class=\"elementor-element elementor-element-2fff302 elementor-widget elementor-widget-text-editor\" data-id=\"2fff302\" data-element_type=\"widget\" data-e-type=\"widget\" data-widget_type=\"text-editor.default\">\n\t\t\t\t<div class=\"elementor-widget-container\">\n\t\t\t\t\t\t\t\t\t<p style=\"padding-left: 60px;\"><a href=\"https:\/\/www.elturistatranquil.com\/ca\/poblat-iber-de-el-cerro-de-la-cruz\/#b2610\">Agricultors<\/a><\/p>\t\t\t\t\t\t\t\t<\/div>\n\t\t\t\t<\/div>\n\t\t\t\t<div class=\"elementor-element elementor-element-3370a17b elementor-widget elementor-widget-text-editor\" data-id=\"3370a17b\" data-element_type=\"widget\" data-e-type=\"widget\" data-widget_type=\"text-editor.default\">\n\t\t\t\t<div class=\"elementor-widget-container\">\n\t\t\t\t\t\t\t\t\t<p style=\"padding-left: 60px;\"><a href=\"https:\/\/www.elturistatranquil.com\/ca\/poblat-iber-de-el-cerro-de-la-cruz\/#b2611\">Artesans<\/a><\/p>\t\t\t\t\t\t\t\t<\/div>\n\t\t\t\t<\/div>\n\t\t\t\t<div class=\"elementor-element elementor-element-7d9945f6 elementor-widget elementor-widget-text-editor\" data-id=\"7d9945f6\" data-element_type=\"widget\" data-e-type=\"widget\" data-widget_type=\"text-editor.default\">\n\t\t\t\t<div class=\"elementor-widget-container\">\n\t\t\t\t\t\t\t\t\t<p style=\"padding-left: 60px;\"><a href=\"https:\/\/www.elturistatranquil.com\/ca\/poblat-iber-de-el-cerro-de-la-cruz\/#b2612\">Comerciants<\/a><\/p>\t\t\t\t\t\t\t\t<\/div>\n\t\t\t\t<\/div>\n\t\t\t\t<div class=\"elementor-element elementor-element-388c67f4 elementor-widget elementor-widget-text-editor\" data-id=\"388c67f4\" data-element_type=\"widget\" data-e-type=\"widget\" data-widget_type=\"text-editor.default\">\n\t\t\t\t<div class=\"elementor-widget-container\">\n\t\t\t\t\t\t\t\t\t<p><a href=\"https:\/\/www.elturistatranquil.com\/ca\/poblat-iber-de-el-cerro-de-la-cruz\/#b2613\">Guerrers<\/a><\/p>\t\t\t\t\t\t\t\t<\/div>\n\t\t\t\t<\/div>\n\t\t\t\t<div class=\"elementor-element elementor-element-18453f69 elementor-widget elementor-widget-text-editor\" data-id=\"18453f69\" data-element_type=\"widget\" data-e-type=\"widget\" data-widget_type=\"text-editor.default\">\n\t\t\t\t<div class=\"elementor-widget-container\">\n\t\t\t\t\t\t\t\t\t<p><a href=\"https:\/\/www.elturistatranquil.com\/ca\/poblat-iber-de-el-cerro-de-la-cruz\/#b2614\">La mort i la religi\u00f3<\/a><\/p>\t\t\t\t\t\t\t\t<\/div>\n\t\t\t\t<\/div>\n\t\t\t\t<div class=\"elementor-element elementor-element-62584ffb elementor-widget elementor-widget-menu-anchor\" data-id=\"62584ffb\" data-element_type=\"widget\" data-e-type=\"widget\" data-widget_type=\"menu-anchor.default\">\n\t\t\t\t<div class=\"elementor-widget-container\">\n\t\t\t\t\t\t\t<div class=\"elementor-menu-anchor\" id=\"b2601\"><\/div>\n\t\t\t\t\t\t<\/div>\n\t\t\t\t<\/div>\n\t\t\t\t<div class=\"elementor-element elementor-element-2ad654ac elementor-widget elementor-widget-text-editor\" data-id=\"2ad654ac\" data-element_type=\"widget\" data-e-type=\"widget\" data-widget_type=\"text-editor.default\">\n\t\t\t\t<div class=\"elementor-widget-container\">\n\t\t\t\t\t\t\t\t\t<p style=\"padding-left: 60px;\"><a href=\"https:\/\/www.elturistatranquil.com\/ca\/poblat-iber-de-el-cerro-de-la-cruz\/#b2615\">Necr\u00f2polis<\/a><\/p>\t\t\t\t\t\t\t\t<\/div>\n\t\t\t\t<\/div>\n\t\t\t\t<div class=\"elementor-element elementor-element-10c1b03d elementor-widget elementor-widget-text-editor\" data-id=\"10c1b03d\" data-element_type=\"widget\" data-e-type=\"widget\" data-widget_type=\"text-editor.default\">\n\t\t\t\t<div class=\"elementor-widget-container\">\n\t\t\t\t\t\t\t\t\t<p style=\"padding-left: 60px;\"><a href=\"https:\/\/www.elturistatranquil.com\/ca\/poblat-iber-de-el-cerro-de-la-cruz\/#b2616\">Enterraments i tombes<\/a><\/p>\t\t\t\t\t\t\t\t<\/div>\n\t\t\t\t<\/div>\n\t\t\t\t<div class=\"elementor-element elementor-element-a8ada77 elementor-widget elementor-widget-text-editor\" data-id=\"a8ada77\" data-element_type=\"widget\" data-e-type=\"widget\" data-widget_type=\"text-editor.default\">\n\t\t\t\t<div class=\"elementor-widget-container\">\n\t\t\t\t\t\t\t\t\t<p><a href=\"https:\/\/www.elturistatranquil.com\/ca\/poblat-iber-de-el-cerro-de-la-cruz\/#b2617\">Guerra i destrucci\u00f3<\/a><\/p>\t\t\t\t\t\t\t\t<\/div>\n\t\t\t\t<\/div>\n\t\t\t\t<div class=\"elementor-element elementor-element-2a90773f elementor-widget elementor-widget-text-editor\" data-id=\"2a90773f\" data-element_type=\"widget\" data-e-type=\"widget\" data-widget_type=\"text-editor.default\">\n\t\t\t\t<div class=\"elementor-widget-container\">\n\t\t\t\t\t\t\t\t\t<p><a href=\"https:\/\/www.elturistatranquil.com\/ca\/poblat-iber-de-el-cerro-de-la-cruz\/#b2618\">Fi de la visita<\/a><\/p>\t\t\t\t\t\t\t\t<\/div>\n\t\t\t\t<\/div>\n\t\t\t\t<div class=\"elementor-element elementor-element-72d77acb elementor-widget elementor-widget-text-editor\" data-id=\"72d77acb\" data-element_type=\"widget\" data-e-type=\"widget\" data-widget_type=\"text-editor.default\">\n\t\t\t\t<div class=\"elementor-widget-container\">\n\t\t\t\t\t\t\t\t\t<p><a href=\"https:\/\/www.elturistatranquil.com\/ca\/poblat-iber-de-el-cerro-de-la-cruz\/#b2619\">Bases d&#8217;informaci\u00f3<\/a><\/p>\t\t\t\t\t\t\t\t<\/div>\n\t\t\t\t<\/div>\n\t\t\t\t\t<\/div>\n\t\t<\/div>\n\t\t\t\t\t<\/div>\n\t\t<\/section>\n\t\t\t\t<div class=\"elementor-element elementor-element-4844880f elementor-widget elementor-widget-spacer\" data-id=\"4844880f\" data-element_type=\"widget\" data-e-type=\"widget\" data-widget_type=\"spacer.default\">\n\t\t\t\t<div class=\"elementor-widget-container\">\n\t\t\t\t\t\t\t<div class=\"elementor-spacer\">\n\t\t\t<div class=\"elementor-spacer-inner\"><\/div>\n\t\t<\/div>\n\t\t\t\t\t\t<\/div>\n\t\t\t\t<\/div>\n\t\t\t\t<div class=\"elementor-element elementor-element-4f126ebe elementor-widget elementor-widget-menu-anchor\" data-id=\"4f126ebe\" data-element_type=\"widget\" data-e-type=\"widget\" data-widget_type=\"menu-anchor.default\">\n\t\t\t\t<div class=\"elementor-widget-container\">\n\t\t\t\t\t\t\t<div class=\"elementor-menu-anchor\" id=\"a0101-EnlaceaunpuntodentrodelPost\"><\/div>\n\t\t\t\t\t\t<\/div>\n\t\t\t\t<\/div>\n\t\t\t\t<div class=\"elementor-element elementor-element-7699461a elementor-widget elementor-widget-heading\" data-id=\"7699461a\" data-element_type=\"widget\" data-e-type=\"widget\" data-widget_type=\"heading.default\">\n\t\t\t\t<div class=\"elementor-widget-container\">\n\t\t\t\t\t<h2 class=\"elementor-heading-title elementor-size-default\">Poblat iber de El Cerro de la Cruz  . Almedinilla. C\u00f2rdova<\/h2>\t\t\t\t<\/div>\n\t\t\t\t<\/div>\n\t\t\t\t<div class=\"elementor-element elementor-element-29844a3d elementor-widget elementor-widget-text-editor\" data-id=\"29844a3d\" data-element_type=\"widget\" data-e-type=\"widget\" data-widget_type=\"text-editor.default\">\n\t\t\t\t<div class=\"elementor-widget-container\">\n\t\t\t\t\t\t\t\t\t<p>El <strong>poblat iber de El Cerro de la Cruz <\/strong>\u00e9s una de les joies que ens ofereix el poble d&#8217;Almedinilla, que es complementa amb la sala de la primera planta del <strong>Museu Hist\u00f2ric-Arqueol\u00f2gic<\/strong>, on es mostren objectes procedents de les excavacions arqueol\u00f2giques del poblat.<\/p><p>El poblat est\u00e0 localitzat a poc m\u00e9s d&#8217;un quil\u00f2metre del Museu, al sud-est del poble, mentre que el Museu s&#8217;ubica a la zona de Fuente Ribera.<\/p>\t\t\t\t\t\t\t\t<\/div>\n\t\t\t\t<\/div>\n\t\t\t\t<div class=\"elementor-element elementor-element-bc85e50 elementor-widget elementor-widget-menu-anchor\" data-id=\"bc85e50\" data-element_type=\"widget\" data-e-type=\"widget\" data-widget_type=\"menu-anchor.default\">\n\t\t\t\t<div class=\"elementor-widget-container\">\n\t\t\t\t\t\t\t<div class=\"elementor-menu-anchor\" id=\"b2602\"><\/div>\n\t\t\t\t\t\t<\/div>\n\t\t\t\t<\/div>\n\t\t\t\t<div class=\"elementor-element elementor-element-5cff98af elementor-widget elementor-widget-text-editor\" data-id=\"5cff98af\" data-element_type=\"widget\" data-e-type=\"widget\" data-widget_type=\"text-editor.default\">\n\t\t\t\t<div class=\"elementor-widget-container\">\n\t\t\t\t\t\t\t\t\t<p>En el <em>Post<\/em> sobre <a href=\"https:\/\/www.elturistatranquil.com\/ca\/almedinilla\/\" target=\"_blank\" rel=\"noopener\">Almedinilla<\/a> vaig efectuar una presentaci\u00f3 general de tots dos \u00e0mbits. Aqu\u00ed \u00e9s el lloc per fer una presentaci\u00f3 m\u00e9s detallada.<\/p><p>Vull assenyalar que una part important del contingut d&#8217;aquest Post es basar\u00e0 en la <a href=\"http:\/\/www.iaph.es\/patrimonio-inmueble-andalucia\/resumen.do?id=i6614\" target=\"_blank\" rel=\"noopener\">ficha de descripci\u00f3n<\/a> que efectua el <em>Patrimoni Immoble d&#8217;Andalusia<\/em>, aix\u00ed com en els panells informatius del jaciment i del Museu.<\/p>\t\t\t\t\t\t\t\t<\/div>\n\t\t\t\t<\/div>\n\t\t\t\t<div class=\"elementor-element elementor-element-4be652d2 elementor-widget elementor-widget-heading\" data-id=\"4be652d2\" data-element_type=\"widget\" data-e-type=\"widget\" data-widget_type=\"heading.default\">\n\t\t\t\t<div class=\"elementor-widget-container\">\n\t\t\t\t\t<h2 class=\"elementor-heading-title elementor-size-default\">La cultura ibera <\/h2>\t\t\t\t<\/div>\n\t\t\t\t<\/div>\n\t\t\t\t<div class=\"elementor-element elementor-element-2dbaa0c4 elementor-widget elementor-widget-text-editor\" data-id=\"2dbaa0c4\" data-element_type=\"widget\" data-e-type=\"widget\" data-widget_type=\"text-editor.default\">\n\t\t\t\t<div class=\"elementor-widget-container\">\n\t\t\t\t\t\t\t\t\t<p>Enlla\u00e7 amb el <em>Post<\/em>: <a href=\"https:\/\/www.elturistatranquil.com\/ca\/els-pobles-ibers\/\" target=\"_blank\" rel=\"noopener\"><strong>Els pobles ibers<\/strong><\/a><\/p>\t\t\t\t\t\t\t\t<\/div>\n\t\t\t\t<\/div>\n\t\t\t\t<div class=\"elementor-element elementor-element-4fb348cd elementor-widget elementor-widget-text-editor\" data-id=\"4fb348cd\" data-element_type=\"widget\" data-e-type=\"widget\" data-widget_type=\"text-editor.default\">\n\t\t\t\t<div class=\"elementor-widget-container\">\n\t\t\t\t\t\t\t\t\t<p>Els historiadors i ge\u00f2grafs grecoromans van dividir als ibers en diferents pobles amb caracter\u00edstiques pr\u00f2pies, estenent-se des de Huelva fins al Llenguadoc franc\u00e8s, encara que participaven de din\u00e0miques hist\u00f2riques i fets culturals comuns. Eren ciutats independents unes de les altres, que controlaven un territori m\u00e9s o menys ampli on s&#8217;ubicaven altres poblacions, podent formar coalicions per defensar interessos comuns.<\/p><p>Es pot veure el<em> Post<\/em> <a href=\"https:\/\/www.elturistatranquil.com\/ca\/els-pobles-ibers\/\" target=\"_blank\" rel=\"noopener\">Els pobles ibers<\/a>, on efectuo una presentaci\u00f3 gen\u00e8rica sobre aquests pobladors hist\u00f2rics de la Pen\u00ednsula.<\/p><p>El poble iber que es va assentar en aquestes terres d&#8217;Almedinilla va ser possiblement el descrit pels grecoromans com Bastet\u00e0 (que va ocupar les serres B\u00e8tiques i Subb\u00e8tiques andaluses) per\u00f2 molt relacionat i en contacte amb el turdet\u00e0 (que es trobava a la vall del Guadalquivir i la \u201ccampi\u00f1a\u201d) i amb influ\u00e8ncia p\u00fanica.<\/p><p>Despr\u00e9s de la vict\u00f2ria de Roma sobre Cartago l&#8217;any 206 aC, el sud i el llevant peninsular passa de les mans cartagineses a les romanes (incloent aquesta zona en la seva prov\u00edncia ulterior, i posteriorment en la Baetica) tot i que les revoltes i aixecaments ind\u00edgenes van ser freq\u00fcents, com ho demostra la revolta de Culchas i Luxinio, o la pr\u00f2pia de Viriat.<\/p>\t\t\t\t\t\t\t\t<\/div>\n\t\t\t\t<\/div>\n\t\t\t\t<div class=\"elementor-element elementor-element-1df97be elementor-widget elementor-widget-menu-anchor\" data-id=\"1df97be\" data-element_type=\"widget\" data-e-type=\"widget\" data-widget_type=\"menu-anchor.default\">\n\t\t\t\t<div class=\"elementor-widget-container\">\n\t\t\t\t\t\t\t<div class=\"elementor-menu-anchor\" id=\"b2603\"><\/div>\n\t\t\t\t\t\t<\/div>\n\t\t\t\t<\/div>\n\t\t\t\t<div class=\"elementor-element elementor-element-73611521 elementor-widget elementor-widget-text-editor\" data-id=\"73611521\" data-element_type=\"widget\" data-e-type=\"widget\" data-widget_type=\"text-editor.default\">\n\t\t\t\t<div class=\"elementor-widget-container\">\n\t\t\t\t\t\t\t\t\t<p>Despu\u00e9s de la victoria de Roma sobre Cartago en el a\u00f1o 206 a.C., el sur y el levante peninsular pasa de las manos cartaginesas a las romanas (incluyendo esta zona en su provincia ulterior, y posteriormente en la Baetica) aunque las revueltas y levantamientos ind\u00edgenas fueron frecuentes, como lo demuestra la sublevaci\u00f3n de Culchas y Luxinio, o la propia de Viriato.<\/p>\t\t\t\t\t\t\t\t<\/div>\n\t\t\t\t<\/div>\n\t\t\t\t<div class=\"elementor-element elementor-element-3f3aad7c elementor-widget elementor-widget-heading\" data-id=\"3f3aad7c\" data-element_type=\"widget\" data-e-type=\"widget\" data-widget_type=\"heading.default\">\n\t\t\t\t<div class=\"elementor-widget-container\">\n\t\t\t\t\t<h2 class=\"elementor-heading-title elementor-size-default\">El poblat i el Museu<\/h2>\t\t\t\t<\/div>\n\t\t\t\t<\/div>\n\t\t\t\t<div class=\"elementor-element elementor-element-33cafb18 elementor-widget elementor-widget-text-editor\" data-id=\"33cafb18\" data-element_type=\"widget\" data-e-type=\"widget\" data-widget_type=\"text-editor.default\">\n\t\t\t\t<div class=\"elementor-widget-container\">\n\t\t\t\t\t\t\t\t\t<p>En aquesta presentaci\u00f3 optar\u00e9 per oferir un tractament conjunt del contingut de tots dos \u00e0mbits, buscant vincular les diferents estances del recinte amb els objectes que probablement pugui correspondre, segons les cartel\u00b7les descriptives que els acompanyen al Museu.<\/p>\t\t\t\t\t\t\t\t<\/div>\n\t\t\t\t<\/div>\n\t\t\t\t<div class=\"elementor-element elementor-element-27a884a9 elementor-widget elementor-widget-image\" data-id=\"27a884a9\" data-element_type=\"widget\" data-e-type=\"widget\" data-widget_type=\"image.default\">\n\t\t\t\t<div class=\"elementor-widget-container\">\n\t\t\t\t\t\t\t\t\t\t\t\t<figure class=\"wp-caption\">\n\t\t\t\t\t\t\t\t\t\t<img decoding=\"async\" width=\"800\" height=\"474\" src=\"https:\/\/www.elturistatranquil.com\/wp-content\/uploads\/F03-Yacimiento-ibero-de-El-Cerro-de-la-Cruz-Almedinilla-1.jpg\" class=\"attachment-large size-large wp-image-9764\" alt=\"\" srcset=\"https:\/\/www.elturistatranquil.com\/wp-content\/uploads\/F03-Yacimiento-ibero-de-El-Cerro-de-la-Cruz-Almedinilla-1.jpg 800w, https:\/\/www.elturistatranquil.com\/wp-content\/uploads\/F03-Yacimiento-ibero-de-El-Cerro-de-la-Cruz-Almedinilla-1-768x455.jpg 768w\" sizes=\"(max-width: 800px) 100vw, 800px\" \/>\t\t\t\t\t\t\t\t\t\t\t<figcaption class=\"widget-image-caption wp-caption-text\">\u00c0rea estimada que abasta el jaciment de El Cerro de la Cruz<\/figcaption>\n\t\t\t\t\t\t\t\t\t\t<\/figure>\n\t\t\t\t\t\t\t\t\t<\/div>\n\t\t\t\t<\/div>\n\t\t\t\t<div class=\"elementor-element elementor-element-636182e6 elementor-widget elementor-widget-text-editor\" data-id=\"636182e6\" data-element_type=\"widget\" data-e-type=\"widget\" data-widget_type=\"text-editor.default\">\n\t\t\t\t<div class=\"elementor-widget-container\">\n\t\t\t\t\t\t\t\t\t<p>El jaciment de El Cerro de la Cruz es situa a l&#8217;\u00e0rea geogr\u00e0fica de la Serra de les Subb\u00e8tiques. Ocupa un dels t\u00edpics anticlinals calcaris que conformen l&#8217;orografia d&#8217;aquesta zona.<\/p><p>La fase d&#8217;ocupaci\u00f3 de la zona excavada correspon al segle II aC., \u00e9s a dir, un poblat ind\u00edgena de la baixa \u00e8poca ibera que conviu ja amb l&#8217;ocupaci\u00f3 romana.<\/p><p>El Cerro de la Cruz constitueix un dels m\u00e9s interessants poblats d&#8217;aquesta \u00e8poca de la prov\u00edncia de C\u00f2rdova que han pogut estudiar-se cient\u00edficament. Els 650 metres quadrats de superf\u00edcie excavada el converteixen en un dels escassos exemples d&#8217;assentaments de baixa \u00e8poca excavats de manera intensiva a tot Andalusia, al que s&#8217;ha d&#8217;afegir el seu bon estat de conservaci\u00f3.<\/p><p>Cal assenyalar que el jaciment arqueol\u00f2gic es troba protegit amb una coberta per preservar la seva conservaci\u00f3.<\/p>\t\t\t\t\t\t\t\t<\/div>\n\t\t\t\t<\/div>\n\t\t\t\t<div class=\"elementor-element elementor-element-3da70520 elementor-widget elementor-widget-menu-anchor\" data-id=\"3da70520\" data-element_type=\"widget\" data-e-type=\"widget\" data-widget_type=\"menu-anchor.default\">\n\t\t\t\t<div class=\"elementor-widget-container\">\n\t\t\t\t\t\t\t<div class=\"elementor-menu-anchor\" id=\"b2604\"><\/div>\n\t\t\t\t\t\t<\/div>\n\t\t\t\t<\/div>\n\t\t\t\t<div class=\"elementor-element elementor-element-4eabc454 elementor-widget elementor-widget-image\" data-id=\"4eabc454\" data-element_type=\"widget\" data-e-type=\"widget\" data-widget_type=\"image.default\">\n\t\t\t\t<div class=\"elementor-widget-container\">\n\t\t\t\t\t\t\t\t\t\t\t\t\t\t\t<img loading=\"lazy\" decoding=\"async\" width=\"800\" height=\"533\" src=\"https:\/\/www.elturistatranquil.com\/wp-content\/uploads\/F04-Yacimiento-ibero-de-El-Cerro-de-la-Cruz-Almedinilla-1.jpg\" class=\"attachment-large size-large wp-image-9766\" alt=\"\" srcset=\"https:\/\/www.elturistatranquil.com\/wp-content\/uploads\/F04-Yacimiento-ibero-de-El-Cerro-de-la-Cruz-Almedinilla-1.jpg 800w, https:\/\/www.elturistatranquil.com\/wp-content\/uploads\/F04-Yacimiento-ibero-de-El-Cerro-de-la-Cruz-Almedinilla-1-768x512.jpg 768w\" sizes=\"(max-width: 800px) 100vw, 800px\" \/>\t\t\t\t\t\t\t\t\t\t\t\t\t\t\t<\/div>\n\t\t\t\t<\/div>\n\t\t\t\t<div class=\"elementor-element elementor-element-7b2e0902 elementor-widget elementor-widget-heading\" data-id=\"7b2e0902\" data-element_type=\"widget\" data-e-type=\"widget\" data-widget_type=\"heading.default\">\n\t\t\t\t<div class=\"elementor-widget-container\">\n\t\t\t\t\t<h3 class=\"elementor-heading-title elementor-size-default\">Les excavacions<\/h3>\t\t\t\t<\/div>\n\t\t\t\t<\/div>\n\t\t\t\t<div class=\"elementor-element elementor-element-1c309587 elementor-widget elementor-widget-text-editor\" data-id=\"1c309587\" data-element_type=\"widget\" data-e-type=\"widget\" data-widget_type=\"text-editor.default\">\n\t\t\t\t<div class=\"elementor-widget-container\">\n\t\t\t\t\t\t\t\t\t<p>Les primeres excavacions arqueol\u00f2giques a El Cerro de la Cruz van ser dutes a terme al setembre de 1866 per Louis Maraver i Alfaro, i el 1903 per Pierre Paris i Arthur Engels.<\/p><p>Arran de les troballes de les necr\u00f2polis de El Cerro de la Cruzi del descobriment de la Dama d&#8217;Elx en 1897 es comen\u00e7a a parlar de &#8220;cultura ib\u00e8rica&#8221; original i diferenciada.<\/p><p>En aquelles \u00e8poques l&#8217;Estat espanyol no tenia legislaci\u00f3 que proteg\u00eds el patrimoni hist\u00f2ric-arqueol\u00f2gic adequadament i els materials d&#8217;aquestes excavacions es van dispersar per diferents museus del m\u00f3n.<\/p><p>Les diferents campanyes d&#8217;excavaci\u00f3 arqueol\u00f2gica, han posat de manifest que es tracta d&#8217;un poblat fortificat, <em>oppidum<\/em>, de la Baixa \u00c8poca Ib\u00e8rica, disposat en terrasses esglaonades que han estat directament excavades a la roca, aprofitant la seva superf\u00edcie.<\/p><p>Els resultats de les \u00faltimes excavacions confirmen la destrucci\u00f3 violenta que va patir el poblat a la fi del segle II, amb nivells d&#8217;incendi molt potents, abandonament del poblat. Aquesta destrucci\u00f3 va permetre, aix\u00ed mateix, en molts casos, recuperar estructures d&#8217;habitaci\u00f3 completes d&#8217;enorme import\u00e0ncia per als estudis de tipus microespaial i la reconstrucci\u00f3 de la vida dom\u00e8stica del poblat, at\u00e8s que conservaven la totalitat del seu aixovar dom\u00e8stic, no recuperat ni remogut despr\u00e9s del incendi a gran escala que va causar la destrucci\u00f3. Fins i tot amb la documentaci\u00f3 de cad\u00e0vers de l&#8217;\u00e8poca en aquests nivells d&#8217;incendi o sobre el paviment dels carrers (restes \u00f2ssies amb empremtes clares de talls d&#8217;espasa).<\/p>\t\t\t\t\t\t\t\t<\/div>\n\t\t\t\t<\/div>\n\t\t\t\t<div class=\"elementor-element elementor-element-6d54fcd7 elementor-widget elementor-widget-menu-anchor\" data-id=\"6d54fcd7\" data-element_type=\"widget\" data-e-type=\"widget\" data-widget_type=\"menu-anchor.default\">\n\t\t\t\t<div class=\"elementor-widget-container\">\n\t\t\t\t\t\t\t<div class=\"elementor-menu-anchor\" id=\"b2605\"><\/div>\n\t\t\t\t\t\t<\/div>\n\t\t\t\t<\/div>\n\t\t\t\t<div class=\"elementor-element elementor-element-104a954e elementor-widget elementor-widget-text-editor\" data-id=\"104a954e\" data-element_type=\"widget\" data-e-type=\"widget\" data-widget_type=\"text-editor.default\">\n\t\t\t\t<div class=\"elementor-widget-container\">\n\t\t\t\t\t\t\t\t\t<p>A m\u00e9s, el lloc arqueol\u00f2gic posseeix una fase emiral, corresponent a una petita alqueria isl\u00e0mica del segle IX-X, i un conjunt de trinxeres i construccions d&#8217;una de les posicions del Front que durant la Guerra Civil (1936-39) es va establir a la localitat. (No visitable)<\/p>\t\t\t\t\t\t\t\t<\/div>\n\t\t\t\t<\/div>\n\t\t\t\t<div class=\"elementor-element elementor-element-2de4be4b elementor-widget elementor-widget-heading\" data-id=\"2de4be4b\" data-element_type=\"widget\" data-e-type=\"widget\" data-widget_type=\"heading.default\">\n\t\t\t\t<div class=\"elementor-widget-container\">\n\t\t\t\t\t<h2 class=\"elementor-heading-title elementor-size-default\">La societat ibera de El Cerro de la Cruz<\/h2>\t\t\t\t<\/div>\n\t\t\t\t<\/div>\n\t\t\t\t<div class=\"elementor-element elementor-element-6240d212 elementor-widget elementor-widget-text-editor\" data-id=\"6240d212\" data-element_type=\"widget\" data-e-type=\"widget\" data-widget_type=\"text-editor.default\">\n\t\t\t\t<div class=\"elementor-widget-container\">\n\t\t\t\t\t\t\t\t\t<p>La societat del poblat del Cerro de la Cruz estava dominada per guerrers, evolucionant des d&#8217;estructures principesques a altres m\u00e9s i estratificades i pr\u00f2pies de la ciutat.<\/p><p>Els guerrers, per\u00f2, devien tenir un paper dominant a la ciutat ib\u00e8rica, amb caps o Reis Locals, aristocr\u00e0cia militar, i una infanteria que va haver de simultaniejar altres activitats com l&#8217;agricultura i ramaderia.<\/p><p>Institucions com la <em>fides<\/em> i la <em>devotio<\/em> vincularien a l&#8217;individu amb el cap de forma molt directa.<\/p>\t\t\t\t\t\t\t\t<\/div>\n\t\t\t\t<\/div>\n\t\t\t\t<div class=\"elementor-element elementor-element-794def3b elementor-widget elementor-widget-menu-anchor\" data-id=\"794def3b\" data-element_type=\"widget\" data-e-type=\"widget\" data-widget_type=\"menu-anchor.default\">\n\t\t\t\t<div class=\"elementor-widget-container\">\n\t\t\t\t\t\t\t<div class=\"elementor-menu-anchor\" id=\"b2606\"><\/div>\n\t\t\t\t\t\t<\/div>\n\t\t\t\t<\/div>\n\t\t\t\t<div class=\"elementor-element elementor-element-1cf2ef87 elementor-widget elementor-widget-text-editor\" data-id=\"1cf2ef87\" data-element_type=\"widget\" data-e-type=\"widget\" data-widget_type=\"text-editor.default\">\n\t\t\t\t<div class=\"elementor-widget-container\">\n\t\t\t\t\t\t\t\t\t<p>D&#8217;altra banda, l&#8217;acc\u00e9s a la riquesa \u00e9s possible per a grups de poblaci\u00f3 nombrosos, el que ens est\u00e0 parlant d&#8217;una &#8220;classe mitjana&#8221; m\u00e9s o menys desenvolupada.<\/p><p>Les relacions socials es fonamenten en el parentiu on la dona sembla tenir un estatus social important, encara que vinculada a lla\u00e7os matrimonials.<\/p>\t\t\t\t\t\t\t\t<\/div>\n\t\t\t\t<\/div>\n\t\t\t\t<div class=\"elementor-element elementor-element-57d82626 elementor-widget elementor-widget-heading\" data-id=\"57d82626\" data-element_type=\"widget\" data-e-type=\"widget\" data-widget_type=\"heading.default\">\n\t\t\t\t<div class=\"elementor-widget-container\">\n\t\t\t\t\t<h2 class=\"elementor-heading-title elementor-size-default\">L'urbanisme del poblat<\/h2>\t\t\t\t<\/div>\n\t\t\t\t<\/div>\n\t\t\t\t<div class=\"elementor-element elementor-element-1ab05a40 elementor-widget elementor-widget-text-editor\" data-id=\"1ab05a40\" data-element_type=\"widget\" data-e-type=\"widget\" data-widget_type=\"text-editor.default\">\n\t\t\t\t<div class=\"elementor-widget-container\">\n\t\t\t\t\t\t\t\t\t<p>El poblat iber de El Cerro de la Cruz va ser una ciutat fortificada, <em>oppidum,<\/em> d&#8217;entre 6 i 8 hect\u00e0rees que va ocupar El Cerro i les planes que s&#8217;estenen cap al sud, per tant, la zona excavada que s&#8217;ofereix a la visita \u00e9s nom\u00e9s un fragment de l&#8217;antiga ciutat.<\/p><p>Des d\u2019aquestes al\u00e7ades es controlaven els passos naturals i s&#8217;albiraven jaciments ib\u00e8rics com Iliturgicola (Fuente T\u00f3jar).<\/p>\t\t\t\t\t\t\t\t<\/div>\n\t\t\t\t<\/div>\n\t\t\t\t<div class=\"elementor-element elementor-element-490d4433 elementor-widget elementor-widget-image\" data-id=\"490d4433\" data-element_type=\"widget\" data-e-type=\"widget\" data-widget_type=\"image.default\">\n\t\t\t\t<div class=\"elementor-widget-container\">\n\t\t\t\t\t\t\t\t\t\t\t\t\t\t\t<img loading=\"lazy\" decoding=\"async\" width=\"800\" height=\"533\" src=\"https:\/\/www.elturistatranquil.com\/wp-content\/uploads\/F05-Yacimiento-ibero-de-El-Cerro-de-la-Cruz-Almedinilla-1.jpg\" class=\"attachment-large size-large wp-image-9768\" alt=\"\" srcset=\"https:\/\/www.elturistatranquil.com\/wp-content\/uploads\/F05-Yacimiento-ibero-de-El-Cerro-de-la-Cruz-Almedinilla-1.jpg 800w, https:\/\/www.elturistatranquil.com\/wp-content\/uploads\/F05-Yacimiento-ibero-de-El-Cerro-de-la-Cruz-Almedinilla-1-768x512.jpg 768w\" sizes=\"(max-width: 800px) 100vw, 800px\" \/>\t\t\t\t\t\t\t\t\t\t\t\t\t\t\t<\/div>\n\t\t\t\t<\/div>\n\t\t\t\t<div class=\"elementor-element elementor-element-a46d41b elementor-widget elementor-widget-text-editor\" data-id=\"a46d41b\" data-element_type=\"widget\" data-e-type=\"widget\" data-widget_type=\"text-editor.default\">\n\t\t\t\t<div class=\"elementor-widget-container\">\n\t\t\t\t\t\t\t\t\t<p>El poblat tenia una muralla (encara sense excavar) que protegia el caseriu i des de dalt de El Cerro es controlaven els passos naturals.<\/p><p>Posseeix un urbanisme complex i planificat caracteritzat per diferents terrasses artificials esglaonades, que es van realitzar per salvar el pendent de El Cerro a partir de grans murs d&#8217;aterrassament.<\/p>\t\t\t\t\t\t\t\t<\/div>\n\t\t\t\t<\/div>\n\t\t\t\t<div class=\"elementor-element elementor-element-35fdcd14 elementor-widget elementor-widget-image\" data-id=\"35fdcd14\" data-element_type=\"widget\" data-e-type=\"widget\" data-widget_type=\"image.default\">\n\t\t\t\t<div class=\"elementor-widget-container\">\n\t\t\t\t\t\t\t\t\t\t\t\t<figure class=\"wp-caption\">\n\t\t\t\t\t\t\t\t\t\t<img loading=\"lazy\" decoding=\"async\" width=\"521\" height=\"550\" src=\"https:\/\/www.elturistatranquil.com\/wp-content\/uploads\/F06-Yacimiento-ibero-de-El-Cerro-de-la-Cruz-plano-excavacion-Almedinilla-1.jpg\" class=\"attachment-large size-large wp-image-9770\" alt=\"\" \/>\t\t\t\t\t\t\t\t\t\t\t<figcaption class=\"widget-image-caption wp-caption-text\">Pl\u00e0nol de l'excavaci\u00f3 actual<\/figcaption>\n\t\t\t\t\t\t\t\t\t\t<\/figure>\n\t\t\t\t\t\t\t\t\t<\/div>\n\t\t\t\t<\/div>\n\t\t\t\t<div class=\"elementor-element elementor-element-7b31c98f elementor-widget elementor-widget-image\" data-id=\"7b31c98f\" data-element_type=\"widget\" data-e-type=\"widget\" data-widget_type=\"image.default\">\n\t\t\t\t<div class=\"elementor-widget-container\">\n\t\t\t\t\t\t\t\t\t\t\t\t<figure class=\"wp-caption\">\n\t\t\t\t\t\t\t\t\t\t<img loading=\"lazy\" decoding=\"async\" width=\"800\" height=\"534\" src=\"https:\/\/www.elturistatranquil.com\/wp-content\/uploads\/F07-Yacimiento-ibero-de-El-Cerro-de-la-Cruz-Almedinilla-1.jpg\" class=\"attachment-large size-large wp-image-9772\" alt=\"\" srcset=\"https:\/\/www.elturistatranquil.com\/wp-content\/uploads\/F07-Yacimiento-ibero-de-El-Cerro-de-la-Cruz-Almedinilla-1.jpg 800w, https:\/\/www.elturistatranquil.com\/wp-content\/uploads\/F07-Yacimiento-ibero-de-El-Cerro-de-la-Cruz-Almedinilla-1-768x513.jpg 768w\" sizes=\"(max-width: 800px) 100vw, 800px\" \/>\t\t\t\t\t\t\t\t\t\t\t<figcaption class=\"widget-image-caption wp-caption-text\">Planimetria parcial de les excavacions<\/figcaption>\n\t\t\t\t\t\t\t\t\t\t<\/figure>\n\t\t\t\t\t\t\t\t\t<\/div>\n\t\t\t\t<\/div>\n\t\t\t\t<div class=\"elementor-element elementor-element-6740b667 elementor-widget elementor-widget-image\" data-id=\"6740b667\" data-element_type=\"widget\" data-e-type=\"widget\" data-widget_type=\"image.default\">\n\t\t\t\t<div class=\"elementor-widget-container\">\n\t\t\t\t\t\t\t\t\t\t\t\t<figure class=\"wp-caption\">\n\t\t\t\t\t\t\t\t\t\t<img loading=\"lazy\" decoding=\"async\" width=\"800\" height=\"533\" src=\"https:\/\/www.elturistatranquil.com\/wp-content\/uploads\/F08-Reconstruccion-hipotetica-del-poblado-ibero-de-El-Cerro-de-la-Cruz-Almedinilla-segun-I.-Mu\u00f1iz-1.jpg\" class=\"attachment-large size-large wp-image-9774\" alt=\"\" srcset=\"https:\/\/www.elturistatranquil.com\/wp-content\/uploads\/F08-Reconstruccion-hipotetica-del-poblado-ibero-de-El-Cerro-de-la-Cruz-Almedinilla-segun-I.-Mu\u00f1iz-1.jpg 800w, https:\/\/www.elturistatranquil.com\/wp-content\/uploads\/F08-Reconstruccion-hipotetica-del-poblado-ibero-de-El-Cerro-de-la-Cruz-Almedinilla-segun-I.-Mu\u00f1iz-1-768x512.jpg 768w\" sizes=\"(max-width: 800px) 100vw, 800px\" \/>\t\t\t\t\t\t\t\t\t\t\t<figcaption class=\"widget-image-caption wp-caption-text\">Reconstrucci\u00f3 hipot\u00e8tica del poblat de El Cerro de la Cruz segons I. Mu\u00f1iz<\/figcaption>\n\t\t\t\t\t\t\t\t\t\t<\/figure>\n\t\t\t\t\t\t\t\t\t<\/div>\n\t\t\t\t<\/div>\n\t\t\t\t<div class=\"elementor-element elementor-element-4839d39b elementor-widget elementor-widget-image\" data-id=\"4839d39b\" data-element_type=\"widget\" data-e-type=\"widget\" data-widget_type=\"image.default\">\n\t\t\t\t<div class=\"elementor-widget-container\">\n\t\t\t\t\t\t\t\t\t\t\t\t<figure class=\"wp-caption\">\n\t\t\t\t\t\t\t\t\t\t<img loading=\"lazy\" decoding=\"async\" width=\"800\" height=\"533\" src=\"https:\/\/www.elturistatranquil.com\/wp-content\/uploads\/F09-Yacimiento-ibero-de-El-Cerro-de-la-Cruz-Almedinilla-1.jpg\" class=\"attachment-large size-large wp-image-9776\" alt=\"\" srcset=\"https:\/\/www.elturistatranquil.com\/wp-content\/uploads\/F09-Yacimiento-ibero-de-El-Cerro-de-la-Cruz-Almedinilla-1.jpg 800w, https:\/\/www.elturistatranquil.com\/wp-content\/uploads\/F09-Yacimiento-ibero-de-El-Cerro-de-la-Cruz-Almedinilla-1-768x512.jpg 768w\" sizes=\"(max-width: 800px) 100vw, 800px\" \/>\t\t\t\t\t\t\t\t\t\t\t<figcaption class=\"widget-image-caption wp-caption-text\">Un carrer<\/figcaption>\n\t\t\t\t\t\t\t\t\t\t<\/figure>\n\t\t\t\t\t\t\t\t\t<\/div>\n\t\t\t\t<\/div>\n\t\t\t\t<div class=\"elementor-element elementor-element-48315700 elementor-widget elementor-widget-image\" data-id=\"48315700\" data-element_type=\"widget\" data-e-type=\"widget\" data-widget_type=\"image.default\">\n\t\t\t\t<div class=\"elementor-widget-container\">\n\t\t\t\t\t\t\t\t\t\t\t\t<figure class=\"wp-caption\">\n\t\t\t\t\t\t\t\t\t\t<img loading=\"lazy\" decoding=\"async\" width=\"800\" height=\"533\" src=\"https:\/\/www.elturistatranquil.com\/wp-content\/uploads\/F10-Yacimiento-ibero-de-El-Cerro-de-la-Cruz-Almedinilla-1.jpg\" class=\"attachment-large size-large wp-image-9778\" alt=\"\" srcset=\"https:\/\/www.elturistatranquil.com\/wp-content\/uploads\/F10-Yacimiento-ibero-de-El-Cerro-de-la-Cruz-Almedinilla-1.jpg 800w, https:\/\/www.elturistatranquil.com\/wp-content\/uploads\/F10-Yacimiento-ibero-de-El-Cerro-de-la-Cruz-Almedinilla-1-768x512.jpg 768w\" sizes=\"(max-width: 800px) 100vw, 800px\" \/>\t\t\t\t\t\t\t\t\t\t\t<figcaption class=\"widget-image-caption wp-caption-text\">Conflu\u00e8ncia de carrers<\/figcaption>\n\t\t\t\t\t\t\t\t\t\t<\/figure>\n\t\t\t\t\t\t\t\t\t<\/div>\n\t\t\t\t<\/div>\n\t\t\t\t<div class=\"elementor-element elementor-element-4cf09839 elementor-widget elementor-widget-text-editor\" data-id=\"4cf09839\" data-element_type=\"widget\" data-e-type=\"widget\" data-widget_type=\"text-editor.default\">\n\t\t\t\t<div class=\"elementor-widget-container\">\n\t\t\t\t\t\t\t\t\t<p>Entre mur de contenci\u00f3 i mur de contenci\u00f3 d&#8217;aquestes terrasses es disposaven carrers estrets (per on actualment se situen les passarel\u00b7les) obrint-se a elles els habitatges i llocs de treball que solen repetir la combinaci\u00f3 de magatzems, zona de molta, telers i aljubs.<\/p>\t\t\t\t\t\t\t\t<\/div>\n\t\t\t\t<\/div>\n\t\t\t\t<div class=\"elementor-element elementor-element-3e4d0ad7 elementor-widget elementor-widget-image\" data-id=\"3e4d0ad7\" data-element_type=\"widget\" data-e-type=\"widget\" data-widget_type=\"image.default\">\n\t\t\t\t<div class=\"elementor-widget-container\">\n\t\t\t\t\t\t\t\t\t\t\t\t\t\t\t<img loading=\"lazy\" decoding=\"async\" width=\"800\" height=\"221\" src=\"https:\/\/www.elturistatranquil.com\/wp-content\/uploads\/F11-Yacimiento-ibero-de-El-Cerro-de-la-Cruz-Almedinilla-1.jpg\" class=\"attachment-large size-large wp-image-9780\" alt=\"\" srcset=\"https:\/\/www.elturistatranquil.com\/wp-content\/uploads\/F11-Yacimiento-ibero-de-El-Cerro-de-la-Cruz-Almedinilla-1.jpg 800w, https:\/\/www.elturistatranquil.com\/wp-content\/uploads\/F11-Yacimiento-ibero-de-El-Cerro-de-la-Cruz-Almedinilla-1-768x212.jpg 768w\" sizes=\"(max-width: 800px) 100vw, 800px\" \/>\t\t\t\t\t\t\t\t\t\t\t\t\t\t\t<\/div>\n\t\t\t\t<\/div>\n\t\t\t\t<div class=\"elementor-element elementor-element-72bf5004 elementor-widget elementor-widget-menu-anchor\" data-id=\"72bf5004\" data-element_type=\"widget\" data-e-type=\"widget\" data-widget_type=\"menu-anchor.default\">\n\t\t\t\t<div class=\"elementor-widget-container\">\n\t\t\t\t\t\t\t<div class=\"elementor-menu-anchor\" id=\"b2607\"><\/div>\n\t\t\t\t\t\t<\/div>\n\t\t\t\t<\/div>\n\t\t\t\t<div class=\"elementor-element elementor-element-1f3ce0ac elementor-widget elementor-widget-image\" data-id=\"1f3ce0ac\" data-element_type=\"widget\" data-e-type=\"widget\" data-widget_type=\"image.default\">\n\t\t\t\t<div class=\"elementor-widget-container\">\n\t\t\t\t\t\t\t\t\t\t\t\t<figure class=\"wp-caption\">\n\t\t\t\t\t\t\t\t\t\t<img loading=\"lazy\" decoding=\"async\" width=\"360\" height=\"550\" src=\"https:\/\/www.elturistatranquil.com\/wp-content\/uploads\/F12-Yacimiento-ibero-de-El-Cerro-de-la-Cruz-Almedinilla-1.jpg\" class=\"attachment-large size-large wp-image-9782\" alt=\"\" \/>\t\t\t\t\t\t\t\t\t\t\t<figcaption class=\"widget-image-caption wp-caption-text\">Canonades per a la conducci\u00f3 d'aig\u00fces<\/figcaption>\n\t\t\t\t\t\t\t\t\t\t<\/figure>\n\t\t\t\t\t\t\t\t\t<\/div>\n\t\t\t\t<\/div>\n\t\t\t\t<div class=\"elementor-element elementor-element-3e113fbc elementor-widget elementor-widget-heading\" data-id=\"3e113fbc\" data-element_type=\"widget\" data-e-type=\"widget\" data-widget_type=\"heading.default\">\n\t\t\t\t<div class=\"elementor-widget-container\">\n\t\t\t\t\t<h2 class=\"elementor-heading-title elementor-size-default\">La casa  ibera<\/h2>\t\t\t\t<\/div>\n\t\t\t\t<\/div>\n\t\t\t\t<div class=\"elementor-element elementor-element-7372d1cc elementor-widget elementor-widget-text-editor\" data-id=\"7372d1cc\" data-element_type=\"widget\" data-e-type=\"widget\" data-widget_type=\"text-editor.default\">\n\t\t\t\t<div class=\"elementor-widget-container\">\n\t\t\t\t\t\t\t\t\t<p>A l&#8217;entrada del jaciment s&#8217;ha recreat un fragment del poblat ib\u00e8ric segons les dades ofertes per l&#8217;excavaci\u00f3 arqueol\u00f2gica amb la seva disposici\u00f3 en terrasses artificials i escalonades qu\u00e8 s\u00f3n salvades amb grans murs de contenci\u00f3. Els habitatges aqu\u00ed recreats no responen exactament als documentats en l&#8217;excavaci\u00f3 del jaciment, ja que els originals semblen ser m\u00e9s complexes, amb habitacions annexes que es van afegint a l&#8217;espai principal.<\/p><p>Des d&#8217;aquest carrer s&#8217;accedeix a dos habitatges de similars caracter\u00edstiques, tots dos amb una mena de porxo a cel obert (amb possible cobriment lleuger). En aquests porxos se situen els aljubs per emmagatzemar l&#8217;aigua de pluja, les zones de treball (molta) i possiblement les llars de foc per al cuinat d&#8217;aliments.<\/p>\t\t\t\t\t\t\t\t<\/div>\n\t\t\t\t<\/div>\n\t\t\t\t<div class=\"elementor-element elementor-element-77731013 elementor-widget elementor-widget-image\" data-id=\"77731013\" data-element_type=\"widget\" data-e-type=\"widget\" data-widget_type=\"image.default\">\n\t\t\t\t<div class=\"elementor-widget-container\">\n\t\t\t\t\t\t\t\t\t\t\t\t<figure class=\"wp-caption\">\n\t\t\t\t\t\t\t\t\t\t<img loading=\"lazy\" decoding=\"async\" width=\"800\" height=\"533\" src=\"https:\/\/www.elturistatranquil.com\/wp-content\/uploads\/F13-Yacimiento-ibero-de-El-Cerro-de-la-Cruz-Almedinilla-1.jpg\" class=\"attachment-large size-large wp-image-9784\" alt=\"\" srcset=\"https:\/\/www.elturistatranquil.com\/wp-content\/uploads\/F13-Yacimiento-ibero-de-El-Cerro-de-la-Cruz-Almedinilla-1.jpg 800w, https:\/\/www.elturistatranquil.com\/wp-content\/uploads\/F13-Yacimiento-ibero-de-El-Cerro-de-la-Cruz-Almedinilla-1-768x512.jpg 768w\" sizes=\"(max-width: 800px) 100vw, 800px\" \/>\t\t\t\t\t\t\t\t\t\t\t<figcaption class=\"widget-image-caption wp-caption-text\">Les cases reconstru\u00efdes amb un forn cer\u00e0mic en primer terme<\/figcaption>\n\t\t\t\t\t\t\t\t\t\t<\/figure>\n\t\t\t\t\t\t\t\t\t<\/div>\n\t\t\t\t<\/div>\n\t\t\t\t<div class=\"elementor-element elementor-element-609f21a4 elementor-widget elementor-widget-image\" data-id=\"609f21a4\" data-element_type=\"widget\" data-e-type=\"widget\" data-widget_type=\"image.default\">\n\t\t\t\t<div class=\"elementor-widget-container\">\n\t\t\t\t\t\t\t\t\t\t\t\t<figure class=\"wp-caption\">\n\t\t\t\t\t\t\t\t\t\t<img loading=\"lazy\" decoding=\"async\" width=\"800\" height=\"533\" src=\"https:\/\/www.elturistatranquil.com\/wp-content\/uploads\/F14-Yacimiento-ibero-de-El-Cerro-de-la-Cruz-Almedinilla-1.jpg\" class=\"attachment-large size-large wp-image-9786\" alt=\"\" srcset=\"https:\/\/www.elturistatranquil.com\/wp-content\/uploads\/F14-Yacimiento-ibero-de-El-Cerro-de-la-Cruz-Almedinilla-1.jpg 800w, https:\/\/www.elturistatranquil.com\/wp-content\/uploads\/F14-Yacimiento-ibero-de-El-Cerro-de-la-Cruz-Almedinilla-1-768x512.jpg 768w\" sizes=\"(max-width: 800px) 100vw, 800px\" \/>\t\t\t\t\t\t\t\t\t\t\t<figcaption class=\"widget-image-caption wp-caption-text\">Cases reconstru\u00efdes<\/figcaption>\n\t\t\t\t\t\t\t\t\t\t<\/figure>\n\t\t\t\t\t\t\t\t\t<\/div>\n\t\t\t\t<\/div>\n\t\t\t\t<div class=\"elementor-element elementor-element-342135b9 elementor-widget elementor-widget-image\" data-id=\"342135b9\" data-element_type=\"widget\" data-e-type=\"widget\" data-widget_type=\"image.default\">\n\t\t\t\t<div class=\"elementor-widget-container\">\n\t\t\t\t\t\t\t\t\t\t\t\t<figure class=\"wp-caption\">\n\t\t\t\t\t\t\t\t\t\t<img loading=\"lazy\" decoding=\"async\" width=\"800\" height=\"533\" src=\"https:\/\/www.elturistatranquil.com\/wp-content\/uploads\/F15-Yacimiento-ibero-de-El-Cerro-de-la-Cruz-Almedinilla-1.jpg\" class=\"attachment-large size-large wp-image-9788\" alt=\"\" srcset=\"https:\/\/www.elturistatranquil.com\/wp-content\/uploads\/F15-Yacimiento-ibero-de-El-Cerro-de-la-Cruz-Almedinilla-1.jpg 800w, https:\/\/www.elturistatranquil.com\/wp-content\/uploads\/F15-Yacimiento-ibero-de-El-Cerro-de-la-Cruz-Almedinilla-1-768x512.jpg 768w\" sizes=\"(max-width: 800px) 100vw, 800px\" \/>\t\t\t\t\t\t\t\t\t\t\t<figcaption class=\"widget-image-caption wp-caption-text\">Pati posterior d'una casa reconstru\u00efda<\/figcaption>\n\t\t\t\t\t\t\t\t\t\t<\/figure>\n\t\t\t\t\t\t\t\t\t<\/div>\n\t\t\t\t<\/div>\n\t\t\t\t<div class=\"elementor-element elementor-element-38b63f39 elementor-widget elementor-widget-image\" data-id=\"38b63f39\" data-element_type=\"widget\" data-e-type=\"widget\" data-widget_type=\"image.default\">\n\t\t\t\t<div class=\"elementor-widget-container\">\n\t\t\t\t\t\t\t\t\t\t\t\t<figure class=\"wp-caption\">\n\t\t\t\t\t\t\t\t\t\t<img loading=\"lazy\" decoding=\"async\" width=\"800\" height=\"533\" src=\"https:\/\/www.elturistatranquil.com\/wp-content\/uploads\/F16-Yacimiento-ibero-de-El-Cerro-de-la-Cruz-Almedinilla-1.jpg\" class=\"attachment-large size-large wp-image-9790\" alt=\"\" srcset=\"https:\/\/www.elturistatranquil.com\/wp-content\/uploads\/F16-Yacimiento-ibero-de-El-Cerro-de-la-Cruz-Almedinilla-1.jpg 800w, https:\/\/www.elturistatranquil.com\/wp-content\/uploads\/F16-Yacimiento-ibero-de-El-Cerro-de-la-Cruz-Almedinilla-1-768x512.jpg 768w\" sizes=\"(max-width: 800px) 100vw, 800px\" \/>\t\t\t\t\t\t\t\t\t\t\t<figcaption class=\"widget-image-caption wp-caption-text\">Patio posterior de una casa reconstruida<\/figcaption>\n\t\t\t\t\t\t\t\t\t\t<\/figure>\n\t\t\t\t\t\t\t\t\t<\/div>\n\t\t\t\t<\/div>\n\t\t\t\t<div class=\"elementor-element elementor-element-56a5dd2b elementor-widget elementor-widget-image\" data-id=\"56a5dd2b\" data-element_type=\"widget\" data-e-type=\"widget\" data-widget_type=\"image.default\">\n\t\t\t\t<div class=\"elementor-widget-container\">\n\t\t\t\t\t\t\t\t\t\t\t\t<figure class=\"wp-caption\">\n\t\t\t\t\t\t\t\t\t\t<img loading=\"lazy\" decoding=\"async\" width=\"800\" height=\"533\" src=\"https:\/\/www.elturistatranquil.com\/wp-content\/uploads\/F17-Yacimiento-ibero-de-El-Cerro-de-la-Cruz-Almedinilla-1.jpg\" class=\"attachment-large size-large wp-image-9792\" alt=\"\" srcset=\"https:\/\/www.elturistatranquil.com\/wp-content\/uploads\/F17-Yacimiento-ibero-de-El-Cerro-de-la-Cruz-Almedinilla-1.jpg 800w, https:\/\/www.elturistatranquil.com\/wp-content\/uploads\/F17-Yacimiento-ibero-de-El-Cerro-de-la-Cruz-Almedinilla-1-768x512.jpg 768w\" sizes=\"(max-width: 800px) 100vw, 800px\" \/>\t\t\t\t\t\t\t\t\t\t\t<figcaption class=\"widget-image-caption wp-caption-text\">Perfil hipot\u00e8tic d'una casa<\/figcaption>\n\t\t\t\t\t\t\t\t\t\t<\/figure>\n\t\t\t\t\t\t\t\t\t<\/div>\n\t\t\t\t<\/div>\n\t\t\t\t<div class=\"elementor-element elementor-element-6f26af7b elementor-widget elementor-widget-image\" data-id=\"6f26af7b\" data-element_type=\"widget\" data-e-type=\"widget\" data-widget_type=\"image.default\">\n\t\t\t\t<div class=\"elementor-widget-container\">\n\t\t\t\t\t\t\t\t\t\t\t\t<figure class=\"wp-caption\">\n\t\t\t\t\t\t\t\t\t\t<img loading=\"lazy\" decoding=\"async\" width=\"800\" height=\"533\" src=\"https:\/\/www.elturistatranquil.com\/wp-content\/uploads\/F18-Yacimiento-ibero-de-El-Cerro-de-la-Cruz-Almedinilla-1.jpg\" class=\"attachment-large size-large wp-image-9794\" alt=\"\" srcset=\"https:\/\/www.elturistatranquil.com\/wp-content\/uploads\/F18-Yacimiento-ibero-de-El-Cerro-de-la-Cruz-Almedinilla-1.jpg 800w, https:\/\/www.elturistatranquil.com\/wp-content\/uploads\/F18-Yacimiento-ibero-de-El-Cerro-de-la-Cruz-Almedinilla-1-768x512.jpg 768w\" sizes=\"(max-width: 800px) 100vw, 800px\" \/>\t\t\t\t\t\t\t\t\t\t\t<figcaption class=\"widget-image-caption wp-caption-text\">Murs de t\u00e0pia<\/figcaption>\n\t\t\t\t\t\t\t\t\t\t<\/figure>\n\t\t\t\t\t\t\t\t\t<\/div>\n\t\t\t\t<\/div>\n\t\t\t\t<div class=\"elementor-element elementor-element-e50fb0f elementor-widget elementor-widget-image\" data-id=\"e50fb0f\" data-element_type=\"widget\" data-e-type=\"widget\" data-widget_type=\"image.default\">\n\t\t\t\t<div class=\"elementor-widget-container\">\n\t\t\t\t\t\t\t\t\t\t\t\t\t\t\t<img loading=\"lazy\" decoding=\"async\" width=\"800\" height=\"533\" src=\"https:\/\/www.elturistatranquil.com\/wp-content\/uploads\/F19-Yacimiento-ibero-de-El-Cerro-de-la-Cruz-Almedinilla-1.jpg\" class=\"attachment-large size-large wp-image-9796\" alt=\"\" srcset=\"https:\/\/www.elturistatranquil.com\/wp-content\/uploads\/F19-Yacimiento-ibero-de-El-Cerro-de-la-Cruz-Almedinilla-1.jpg 800w, https:\/\/www.elturistatranquil.com\/wp-content\/uploads\/F19-Yacimiento-ibero-de-El-Cerro-de-la-Cruz-Almedinilla-1-768x512.jpg 768w\" sizes=\"(max-width: 800px) 100vw, 800px\" \/>\t\t\t\t\t\t\t\t\t\t\t\t\t\t\t<\/div>\n\t\t\t\t<\/div>\n\t\t\t\t<div class=\"elementor-element elementor-element-1143a3c7 elementor-widget elementor-widget-image\" data-id=\"1143a3c7\" data-element_type=\"widget\" data-e-type=\"widget\" data-widget_type=\"image.default\">\n\t\t\t\t<div class=\"elementor-widget-container\">\n\t\t\t\t\t\t\t\t\t\t\t\t<figure class=\"wp-caption\">\n\t\t\t\t\t\t\t\t\t\t<img loading=\"lazy\" decoding=\"async\" width=\"800\" height=\"533\" src=\"https:\/\/www.elturistatranquil.com\/wp-content\/uploads\/F20-Yacimiento-ibero-de-El-Cerro-de-la-Cruz-Almedinilla-1.jpg\" class=\"attachment-large size-large wp-image-9798\" alt=\"\" srcset=\"https:\/\/www.elturistatranquil.com\/wp-content\/uploads\/F20-Yacimiento-ibero-de-El-Cerro-de-la-Cruz-Almedinilla-1.jpg 800w, https:\/\/www.elturistatranquil.com\/wp-content\/uploads\/F20-Yacimiento-ibero-de-El-Cerro-de-la-Cruz-Almedinilla-1-768x512.jpg 768w\" sizes=\"(max-width: 800px) 100vw, 800px\" \/>\t\t\t\t\t\t\t\t\t\t\t<figcaption class=\"widget-image-caption wp-caption-text\">Casa amb aljub<\/figcaption>\n\t\t\t\t\t\t\t\t\t\t<\/figure>\n\t\t\t\t\t\t\t\t\t<\/div>\n\t\t\t\t<\/div>\n\t\t\t\t<div class=\"elementor-element elementor-element-13fea85 elementor-widget elementor-widget-image\" data-id=\"13fea85\" data-element_type=\"widget\" data-e-type=\"widget\" data-widget_type=\"image.default\">\n\t\t\t\t<div class=\"elementor-widget-container\">\n\t\t\t\t\t\t\t\t\t\t\t\t<figure class=\"wp-caption\">\n\t\t\t\t\t\t\t\t\t\t<img loading=\"lazy\" decoding=\"async\" width=\"800\" height=\"533\" src=\"https:\/\/www.elturistatranquil.com\/wp-content\/uploads\/F21-Yacimiento-ibero-de-El-Cerro-de-la-Cruz-Almedinilla-1.jpg\" class=\"attachment-large size-large wp-image-9800\" alt=\"\" srcset=\"https:\/\/www.elturistatranquil.com\/wp-content\/uploads\/F21-Yacimiento-ibero-de-El-Cerro-de-la-Cruz-Almedinilla-1.jpg 800w, https:\/\/www.elturistatranquil.com\/wp-content\/uploads\/F21-Yacimiento-ibero-de-El-Cerro-de-la-Cruz-Almedinilla-1-768x512.jpg 768w\" sizes=\"(max-width: 800px) 100vw, 800px\" \/>\t\t\t\t\t\t\t\t\t\t\t<figcaption class=\"widget-image-caption wp-caption-text\">Aljub amb les parets interiors impermeabilitzades amb fang i cal\u00e7<\/figcaption>\n\t\t\t\t\t\t\t\t\t\t<\/figure>\n\t\t\t\t\t\t\t\t\t<\/div>\n\t\t\t\t<\/div>\n\t\t\t\t<div class=\"elementor-element elementor-element-4cc96496 elementor-widget elementor-widget-image\" data-id=\"4cc96496\" data-element_type=\"widget\" data-e-type=\"widget\" data-widget_type=\"image.default\">\n\t\t\t\t<div class=\"elementor-widget-container\">\n\t\t\t\t\t\t\t\t\t\t\t\t<figure class=\"wp-caption\">\n\t\t\t\t\t\t\t\t\t\t<img loading=\"lazy\" decoding=\"async\" width=\"800\" height=\"533\" src=\"https:\/\/www.elturistatranquil.com\/wp-content\/uploads\/F22-Yacimiento-ibero-de-El-Cerro-de-la-Cruz-Almedinilla-1.jpg\" class=\"attachment-large size-large wp-image-9802\" alt=\"\" srcset=\"https:\/\/www.elturistatranquil.com\/wp-content\/uploads\/F22-Yacimiento-ibero-de-El-Cerro-de-la-Cruz-Almedinilla-1.jpg 800w, https:\/\/www.elturistatranquil.com\/wp-content\/uploads\/F22-Yacimiento-ibero-de-El-Cerro-de-la-Cruz-Almedinilla-1-768x512.jpg 768w\" sizes=\"(max-width: 800px) 100vw, 800px\" \/>\t\t\t\t\t\t\t\t\t\t\t<figcaption class=\"widget-image-caption wp-caption-text\">Casa reconstru\u00efda amb altell<\/figcaption>\n\t\t\t\t\t\t\t\t\t\t<\/figure>\n\t\t\t\t\t\t\t\t\t<\/div>\n\t\t\t\t<\/div>\n\t\t\t\t<div class=\"elementor-element elementor-element-69a7ab63 elementor-widget elementor-widget-menu-anchor\" data-id=\"69a7ab63\" data-element_type=\"widget\" data-e-type=\"widget\" data-widget_type=\"menu-anchor.default\">\n\t\t\t\t<div class=\"elementor-widget-container\">\n\t\t\t\t\t\t\t<div class=\"elementor-menu-anchor\" id=\"b2608\"><\/div>\n\t\t\t\t\t\t<\/div>\n\t\t\t\t<\/div>\n\t\t\t\t<div class=\"elementor-element elementor-element-ee64206 elementor-widget elementor-widget-image\" data-id=\"ee64206\" data-element_type=\"widget\" data-e-type=\"widget\" data-widget_type=\"image.default\">\n\t\t\t\t<div class=\"elementor-widget-container\">\n\t\t\t\t\t\t\t\t\t\t\t\t\t\t\t<img loading=\"lazy\" decoding=\"async\" width=\"800\" height=\"533\" src=\"https:\/\/www.elturistatranquil.com\/wp-content\/uploads\/F23-Yacimiento-ibero-de-El-Cerro-de-la-Cruz-Almedinilla-1.jpg\" class=\"attachment-large size-large wp-image-9804\" alt=\"\" srcset=\"https:\/\/www.elturistatranquil.com\/wp-content\/uploads\/F23-Yacimiento-ibero-de-El-Cerro-de-la-Cruz-Almedinilla-1.jpg 800w, https:\/\/www.elturistatranquil.com\/wp-content\/uploads\/F23-Yacimiento-ibero-de-El-Cerro-de-la-Cruz-Almedinilla-1-768x512.jpg 768w\" sizes=\"(max-width: 800px) 100vw, 800px\" \/>\t\t\t\t\t\t\t\t\t\t\t\t\t\t\t<\/div>\n\t\t\t\t<\/div>\n\t\t\t\t<div class=\"elementor-element elementor-element-59abaf89 elementor-widget elementor-widget-heading\" data-id=\"59abaf89\" data-element_type=\"widget\" data-e-type=\"widget\" data-widget_type=\"heading.default\">\n\t\t\t\t<div class=\"elementor-widget-container\">\n\t\t\t\t\t<h3 class=\"elementor-heading-title elementor-size-default\">T\u00e8cniques constructives<\/h3>\t\t\t\t<\/div>\n\t\t\t\t<\/div>\n\t\t\t\t<div class=\"elementor-element elementor-element-522aa2ad elementor-widget elementor-widget-text-editor\" data-id=\"522aa2ad\" data-element_type=\"widget\" data-e-type=\"widget\" data-widget_type=\"text-editor.default\">\n\t\t\t\t<div class=\"elementor-widget-container\">\n\t\t\t\t\t\t\t\t\t<p>Les t\u00e8cniques constructives dels habitatges de El Cerro de la Cruz es repeteixen en els diferents sectors excavats: s\u00f2col de pedres i al\u00e7at de t\u00e0pia o maons de tova, amb arrebossats de fang i restes de cal\u00e7 a les parets.<\/p>\t\t\t\t\t\t\t\t<\/div>\n\t\t\t\t<\/div>\n\t\t\t\t<div class=\"elementor-element elementor-element-14b05ab9 elementor-widget elementor-widget-image\" data-id=\"14b05ab9\" data-element_type=\"widget\" data-e-type=\"widget\" data-widget_type=\"image.default\">\n\t\t\t\t<div class=\"elementor-widget-container\">\n\t\t\t\t\t\t\t\t\t\t\t\t<figure class=\"wp-caption\">\n\t\t\t\t\t\t\t\t\t\t<img loading=\"lazy\" decoding=\"async\" width=\"800\" height=\"533\" src=\"https:\/\/www.elturistatranquil.com\/wp-content\/uploads\/F24-Museo-Historico-Arqueologico-de-Almedinilla-iberos-1.jpg\" class=\"attachment-large size-large wp-image-9806\" alt=\"\" srcset=\"https:\/\/www.elturistatranquil.com\/wp-content\/uploads\/F24-Museo-Historico-Arqueologico-de-Almedinilla-iberos-1.jpg 800w, https:\/\/www.elturistatranquil.com\/wp-content\/uploads\/F24-Museo-Historico-Arqueologico-de-Almedinilla-iberos-1-768x512.jpg 768w\" sizes=\"(max-width: 800px) 100vw, 800px\" \/>\t\t\t\t\t\t\t\t\t\t\t<figcaption class=\"widget-image-caption wp-caption-text\">Adobes<\/figcaption>\n\t\t\t\t\t\t\t\t\t\t<\/figure>\n\t\t\t\t\t\t\t\t\t<\/div>\n\t\t\t\t<\/div>\n\t\t\t\t<div class=\"elementor-element elementor-element-402f0ca8 elementor-widget elementor-widget-text-editor\" data-id=\"402f0ca8\" data-element_type=\"widget\" data-e-type=\"widget\" data-widget_type=\"text-editor.default\">\n\t\t\t\t<div class=\"elementor-widget-container\">\n\t\t\t\t\t\t\t\t\t<p>S&#8217;han conservat en molts casos parets de fins als 2 metres d&#8217;al\u00e7ada.<\/p><p>En algun cas s&#8217;ha pogut documentar, a partir de les empremtes deixades per les bigues, l&#8217;exist\u00e8ncia d&#8217;una segona planta o un altell que serviria com a zona de dormitori.<\/p>\t\t\t\t\t\t\t\t<\/div>\n\t\t\t\t<\/div>\n\t\t\t\t<div class=\"elementor-element elementor-element-2f97059d elementor-widget elementor-widget-image\" data-id=\"2f97059d\" data-element_type=\"widget\" data-e-type=\"widget\" data-widget_type=\"image.default\">\n\t\t\t\t<div class=\"elementor-widget-container\">\n\t\t\t\t\t\t\t\t\t\t\t\t\t\t\t<img loading=\"lazy\" decoding=\"async\" width=\"800\" height=\"533\" src=\"https:\/\/www.elturistatranquil.com\/wp-content\/uploads\/F25-Yacimiento-ibero-de-El-Cerro-de-la-Cruz-Almedinilla-1.jpg\" class=\"attachment-large size-large wp-image-9808\" alt=\"\" srcset=\"https:\/\/www.elturistatranquil.com\/wp-content\/uploads\/F25-Yacimiento-ibero-de-El-Cerro-de-la-Cruz-Almedinilla-1.jpg 800w, https:\/\/www.elturistatranquil.com\/wp-content\/uploads\/F25-Yacimiento-ibero-de-El-Cerro-de-la-Cruz-Almedinilla-1-768x512.jpg 768w\" sizes=\"(max-width: 800px) 100vw, 800px\" \/>\t\t\t\t\t\t\t\t\t\t\t\t\t\t\t<\/div>\n\t\t\t\t<\/div>\n\t\t\t\t<div class=\"elementor-element elementor-element-331294ed elementor-widget elementor-widget-text-editor\" data-id=\"331294ed\" data-element_type=\"widget\" data-e-type=\"widget\" data-widget_type=\"text-editor.default\">\n\t\t\t\t<div class=\"elementor-widget-container\">\n\t\t\t\t\t\t\t\t\t<p>Les cobertes dels habitatges eren de canyissos i brancatges protegides amb capes successives de fang i cal\u00e7.<\/p>\t\t\t\t\t\t\t\t<\/div>\n\t\t\t\t<\/div>\n\t\t\t\t<div class=\"elementor-element elementor-element-5dd5f6f2 elementor-widget elementor-widget-image\" data-id=\"5dd5f6f2\" data-element_type=\"widget\" data-e-type=\"widget\" data-widget_type=\"image.default\">\n\t\t\t\t<div class=\"elementor-widget-container\">\n\t\t\t\t\t\t\t\t\t\t\t\t\t\t\t<img loading=\"lazy\" decoding=\"async\" width=\"800\" height=\"533\" src=\"https:\/\/www.elturistatranquil.com\/wp-content\/uploads\/F26-Yacimiento-ibero-de-El-Cerro-de-la-Cruz-Almedinilla-1.jpg\" class=\"attachment-large size-large wp-image-9810\" alt=\"\" srcset=\"https:\/\/www.elturistatranquil.com\/wp-content\/uploads\/F26-Yacimiento-ibero-de-El-Cerro-de-la-Cruz-Almedinilla-1.jpg 800w, https:\/\/www.elturistatranquil.com\/wp-content\/uploads\/F26-Yacimiento-ibero-de-El-Cerro-de-la-Cruz-Almedinilla-1-768x512.jpg 768w\" sizes=\"(max-width: 800px) 100vw, 800px\" \/>\t\t\t\t\t\t\t\t\t\t\t\t\t\t\t<\/div>\n\t\t\t\t<\/div>\n\t\t\t\t<div class=\"elementor-element elementor-element-82cc52a elementor-widget elementor-widget-image\" data-id=\"82cc52a\" data-element_type=\"widget\" data-e-type=\"widget\" data-widget_type=\"image.default\">\n\t\t\t\t<div class=\"elementor-widget-container\">\n\t\t\t\t\t\t\t\t\t\t\t\t\t\t\t<img loading=\"lazy\" decoding=\"async\" width=\"800\" height=\"533\" src=\"https:\/\/www.elturistatranquil.com\/wp-content\/uploads\/F27-Yacimiento-ibero-de-El-Cerro-de-la-Cruz-Almedinilla-1.jpg\" class=\"attachment-large size-large wp-image-9812\" alt=\"\" srcset=\"https:\/\/www.elturistatranquil.com\/wp-content\/uploads\/F27-Yacimiento-ibero-de-El-Cerro-de-la-Cruz-Almedinilla-1.jpg 800w, https:\/\/www.elturistatranquil.com\/wp-content\/uploads\/F27-Yacimiento-ibero-de-El-Cerro-de-la-Cruz-Almedinilla-1-768x512.jpg 768w\" sizes=\"(max-width: 800px) 100vw, 800px\" \/>\t\t\t\t\t\t\t\t\t\t\t\t\t\t\t<\/div>\n\t\t\t\t<\/div>\n\t\t\t\t<div class=\"elementor-element elementor-element-5e5e937e elementor-widget elementor-widget-image\" data-id=\"5e5e937e\" data-element_type=\"widget\" data-e-type=\"widget\" data-widget_type=\"image.default\">\n\t\t\t\t<div class=\"elementor-widget-container\">\n\t\t\t\t\t\t\t\t\t\t\t\t\t\t\t<img loading=\"lazy\" decoding=\"async\" width=\"800\" height=\"533\" src=\"https:\/\/www.elturistatranquil.com\/wp-content\/uploads\/F28-Yacimiento-ibero-de-El-Cerro-de-la-Cruz-Almedinilla-1.jpg\" class=\"attachment-large size-large wp-image-9814\" alt=\"\" srcset=\"https:\/\/www.elturistatranquil.com\/wp-content\/uploads\/F28-Yacimiento-ibero-de-El-Cerro-de-la-Cruz-Almedinilla-1.jpg 800w, https:\/\/www.elturistatranquil.com\/wp-content\/uploads\/F28-Yacimiento-ibero-de-El-Cerro-de-la-Cruz-Almedinilla-1-768x512.jpg 768w\" sizes=\"(max-width: 800px) 100vw, 800px\" \/>\t\t\t\t\t\t\t\t\t\t\t\t\t\t\t<\/div>\n\t\t\t\t<\/div>\n\t\t\t\t<div class=\"elementor-element elementor-element-259f99f elementor-widget elementor-widget-text-editor\" data-id=\"259f99f\" data-element_type=\"widget\" data-e-type=\"widget\" data-widget_type=\"text-editor.default\">\n\t\t\t\t<div class=\"elementor-widget-container\">\n\t\t\t\t\t\t\t\t\t<p>Igualment, s&#8217;ha constatat l&#8217;exist\u00e8ncia dels buits deixats per portes i finestres amb aljubs per a l&#8217;aigua, magatzems i zones de molta.<\/p>\t\t\t\t\t\t\t\t<\/div>\n\t\t\t\t<\/div>\n\t\t\t\t<div class=\"elementor-element elementor-element-4a114150 elementor-widget elementor-widget-menu-anchor\" data-id=\"4a114150\" data-element_type=\"widget\" data-e-type=\"widget\" data-widget_type=\"menu-anchor.default\">\n\t\t\t\t<div class=\"elementor-widget-container\">\n\t\t\t\t\t\t\t<div class=\"elementor-menu-anchor\" id=\"b2609\"><\/div>\n\t\t\t\t\t\t<\/div>\n\t\t\t\t<\/div>\n\t\t\t\t<div class=\"elementor-element elementor-element-4c2047 elementor-widget elementor-widget-image\" data-id=\"4c2047\" data-element_type=\"widget\" data-e-type=\"widget\" data-widget_type=\"image.default\">\n\t\t\t\t<div class=\"elementor-widget-container\">\n\t\t\t\t\t\t\t\t\t\t\t\t<figure class=\"wp-caption\">\n\t\t\t\t\t\t\t\t\t\t<img loading=\"lazy\" decoding=\"async\" width=\"800\" height=\"533\" src=\"https:\/\/www.elturistatranquil.com\/wp-content\/uploads\/F29-Yacimiento-ibero-de-El-Cerro-de-la-Cruz-Almedinilla-1.jpg\" class=\"attachment-large size-large wp-image-9816\" alt=\"\" srcset=\"https:\/\/www.elturistatranquil.com\/wp-content\/uploads\/F29-Yacimiento-ibero-de-El-Cerro-de-la-Cruz-Almedinilla-1.jpg 800w, https:\/\/www.elturistatranquil.com\/wp-content\/uploads\/F29-Yacimiento-ibero-de-El-Cerro-de-la-Cruz-Almedinilla-1-768x512.jpg 768w\" sizes=\"(max-width: 800px) 100vw, 800px\" \/>\t\t\t\t\t\t\t\t\t\t\t<figcaption class=\"widget-image-caption wp-caption-text\">Habitaci\u00f3n de molienda con partes de molinos<\/figcaption>\n\t\t\t\t\t\t\t\t\t\t<\/figure>\n\t\t\t\t\t\t\t\t\t<\/div>\n\t\t\t\t<\/div>\n\t\t\t\t<div class=\"elementor-element elementor-element-4deb7685 elementor-widget elementor-widget-heading\" data-id=\"4deb7685\" data-element_type=\"widget\" data-e-type=\"widget\" data-widget_type=\"heading.default\">\n\t\t\t\t<div class=\"elementor-widget-container\">\n\t\t\t\t\t<h2 class=\"elementor-heading-title elementor-size-default\">Les activitats productives<\/h2>\t\t\t\t<\/div>\n\t\t\t\t<\/div>\n\t\t\t\t<div class=\"elementor-element elementor-element-7b70a6e5 elementor-widget elementor-widget-menu-anchor\" data-id=\"7b70a6e5\" data-element_type=\"widget\" data-e-type=\"widget\" data-widget_type=\"menu-anchor.default\">\n\t\t\t\t<div class=\"elementor-widget-container\">\n\t\t\t\t\t\t\t<div class=\"elementor-menu-anchor\" id=\"b2610\"><\/div>\n\t\t\t\t\t\t<\/div>\n\t\t\t\t<\/div>\n\t\t\t\t<div class=\"elementor-element elementor-element-632cb9c8 elementor-widget elementor-widget-text-editor\" data-id=\"632cb9c8\" data-element_type=\"widget\" data-e-type=\"widget\" data-widget_type=\"text-editor.default\">\n\t\t\t\t<div class=\"elementor-widget-container\">\n\t\t\t\t\t\t\t\t\t<p>Com \u00e9s la norma en la societat ibera, en els poblats es practiquen totes les activitats econ\u00f2miques i socials que componia aquella cultura. Segons aix\u00f2, s&#8217;efectuen activitats agr\u00edcoles, artesanals i comercials. De la mateixa manera, s&#8217;at\u00e9n a la reproducci\u00f3 social i es compleixen unes normes de comportament davant la mort i l&#8217;enterrament.<\/p><p>En relaci\u00f3 amb l&#8217;exterior, s&#8217;hauran d&#8217;atendre a les tasques de ca\u00e7a i la defensa o atac davant enemics exteriors, el que requerir\u00e0 un instrumental o armament per executar-les.<\/p>\t\t\t\t\t\t\t\t<\/div>\n\t\t\t\t<\/div>\n\t\t\t\t<div class=\"elementor-element elementor-element-6f8d71ed elementor-widget elementor-widget-heading\" data-id=\"6f8d71ed\" data-element_type=\"widget\" data-e-type=\"widget\" data-widget_type=\"heading.default\">\n\t\t\t\t<div class=\"elementor-widget-container\">\n\t\t\t\t\t<h3 class=\"elementor-heading-title elementor-size-default\">Agricultors<\/h3>\t\t\t\t<\/div>\n\t\t\t\t<\/div>\n\t\t\t\t<div class=\"elementor-element elementor-element-2cb81e8 elementor-widget elementor-widget-text-editor\" data-id=\"2cb81e8\" data-element_type=\"widget\" data-e-type=\"widget\" data-widget_type=\"text-editor.default\">\n\t\t\t\t<div class=\"elementor-widget-container\">\n\t\t\t\t\t\t\t\t\t<p>L&#8217;agricultura i la ramaderia eren les activitats principals dels habitants de El Cerro de la Cruz\u00a0 .<\/p><p>L&#8217;agricultura, de base cerealista, se&#8217;ns presenta a trav\u00e9s de les eines agr\u00edcoles, els molins de pedra manuals per a la m\u00f2lta del gra i els recipients de cer\u00e0mica per a l&#8217;emmagatzematge de fruits, vi i oli.<\/p><p>Les excavacions arqueol\u00f2giques han ofert restes d&#8217;ossos de cabres i ovelles que ens parlen de la import\u00e0ncia que va haver de tenir la ramaderia a El Cerro de la Cruz\u00a0 .<\/p><p>Els ibers tamb\u00e9 van ser afamats genets.<\/p><p>El cavall era un animal simb\u00f2lic i aristocr\u00e0tic que apareix com a escultura sobre les sepultures, ex-vots i empunyadures de falcatas. Durant les excavacions arqueol\u00f2giques es va trobar un esper\u00f3, i arreus de cavall.<\/p><p>Les extensions de boscos serien per aquell temps molt abundants, sent la ca\u00e7a un component important en la dieta dels pobladors de El Cerro de la Cruz\u00a0 .<\/p><p>Ossos de porc senglar, cabra hisp\u00e0nica i sobretot de c\u00e9rvol, trobats en les excavacions de El Cerro de la Cruz\u00a0 , ens indica la import\u00e0ncia de la ca\u00e7a en aquells temps, i el medi ambient bosc\u00f3s que va haver de regnar.<\/p>\t\t\t\t\t\t\t\t<\/div>\n\t\t\t\t<\/div>\n\t\t\t\t<div class=\"elementor-element elementor-element-1c7a6c59 elementor-widget elementor-widget-image\" data-id=\"1c7a6c59\" data-element_type=\"widget\" data-e-type=\"widget\" data-widget_type=\"image.default\">\n\t\t\t\t<div class=\"elementor-widget-container\">\n\t\t\t\t\t\t\t\t\t\t\t\t<figure class=\"wp-caption\">\n\t\t\t\t\t\t\t\t\t\t<img loading=\"lazy\" decoding=\"async\" width=\"800\" height=\"533\" src=\"https:\/\/www.elturistatranquil.com\/wp-content\/uploads\/F30-Yacimiento-ibero-de-El-Cerro-de-la-Cruz-Almedinilla-1.jpg\" class=\"attachment-large size-large wp-image-9818\" alt=\"\" srcset=\"https:\/\/www.elturistatranquil.com\/wp-content\/uploads\/F30-Yacimiento-ibero-de-El-Cerro-de-la-Cruz-Almedinilla-1.jpg 800w, https:\/\/www.elturistatranquil.com\/wp-content\/uploads\/F30-Yacimiento-ibero-de-El-Cerro-de-la-Cruz-Almedinilla-1-768x512.jpg 768w\" sizes=\"(max-width: 800px) 100vw, 800px\" \/>\t\t\t\t\t\t\t\t\t\t\t<figcaption class=\"widget-image-caption wp-caption-text\">Parts de molins en una casa<\/figcaption>\n\t\t\t\t\t\t\t\t\t\t<\/figure>\n\t\t\t\t\t\t\t\t\t<\/div>\n\t\t\t\t<\/div>\n\t\t\t\t<div class=\"elementor-element elementor-element-169f6749 elementor-widget elementor-widget-text-editor\" data-id=\"169f6749\" data-element_type=\"widget\" data-e-type=\"widget\" data-widget_type=\"text-editor.default\">\n\t\t\t\t<div class=\"elementor-widget-container\">\n\t\t\t\t\t\t\t\t\t<p>Les dues imatges que segueixen mostren l&#8217;esquema d&#8217;un mol\u00ed com el seg\u00fcent, segons la representaci\u00f3 de <a href=\"https:\/\/idus.us.es\/xmlui\/handle\/11441\/18427\" target=\"_blank\" rel=\"noopener\">Quesada, Kavanagh y Lanz<\/a>.<\/p>\t\t\t\t\t\t\t\t<\/div>\n\t\t\t\t<\/div>\n\t\t\t\t<section class=\"elementor-section elementor-inner-section elementor-element elementor-element-3c76bce elementor-section-boxed elementor-section-height-default elementor-section-height-default\" data-id=\"3c76bce\" data-element_type=\"section\" data-e-type=\"section\">\n\t\t\t\t\t\t<div class=\"elementor-container elementor-column-gap-default\">\n\t\t\t\t\t<div class=\"elementor-column elementor-col-50 elementor-inner-column elementor-element elementor-element-652957bd\" data-id=\"652957bd\" data-element_type=\"column\" data-e-type=\"column\">\n\t\t\t<div class=\"elementor-widget-wrap elementor-element-populated\">\n\t\t\t\t\t\t<div class=\"elementor-element elementor-element-31d7d032 elementor-widget elementor-widget-image\" data-id=\"31d7d032\" data-element_type=\"widget\" data-e-type=\"widget\" data-widget_type=\"image.default\">\n\t\t\t\t<div class=\"elementor-widget-container\">\n\t\t\t\t\t\t\t\t\t\t\t\t\t\t\t<img loading=\"lazy\" decoding=\"async\" width=\"400\" height=\"267\" src=\"https:\/\/www.elturistatranquil.com\/wp-content\/uploads\/F31-Yacimiento-ibero-de-El-Cerro-de-la-Cruz-Almedinilla-Molino-esquema-1.jpg\" class=\"attachment-large size-large wp-image-9820\" alt=\"\" \/>\t\t\t\t\t\t\t\t\t\t\t\t\t\t\t<\/div>\n\t\t\t\t<\/div>\n\t\t\t\t<div class=\"elementor-element elementor-element-227950d elementor-widget elementor-widget-menu-anchor\" data-id=\"227950d\" data-element_type=\"widget\" data-e-type=\"widget\" data-widget_type=\"menu-anchor.default\">\n\t\t\t\t<div class=\"elementor-widget-container\">\n\t\t\t\t\t\t\t<div class=\"elementor-menu-anchor\" id=\"b2611\"><\/div>\n\t\t\t\t\t\t<\/div>\n\t\t\t\t<\/div>\n\t\t\t\t\t<\/div>\n\t\t<\/div>\n\t\t\t\t<div class=\"elementor-column elementor-col-50 elementor-inner-column elementor-element elementor-element-7ac81191\" data-id=\"7ac81191\" data-element_type=\"column\" data-e-type=\"column\">\n\t\t\t<div class=\"elementor-widget-wrap elementor-element-populated\">\n\t\t\t\t\t\t<div class=\"elementor-element elementor-element-56e36652 elementor-widget elementor-widget-image\" data-id=\"56e36652\" data-element_type=\"widget\" data-e-type=\"widget\" data-widget_type=\"image.default\">\n\t\t\t\t<div class=\"elementor-widget-container\">\n\t\t\t\t\t\t\t\t\t\t\t\t\t\t\t<img loading=\"lazy\" decoding=\"async\" width=\"400\" height=\"267\" src=\"https:\/\/www.elturistatranquil.com\/wp-content\/uploads\/F32-Yacimiento-ibero-de-El-Cerro-de-la-Cruz-Almedinilla-Molino-esquema-1.jpg\" class=\"attachment-large size-large wp-image-9822\" alt=\"\" \/>\t\t\t\t\t\t\t\t\t\t\t\t\t\t\t<\/div>\n\t\t\t\t<\/div>\n\t\t\t\t\t<\/div>\n\t\t<\/div>\n\t\t\t\t\t<\/div>\n\t\t<\/section>\n\t\t\t\t<div class=\"elementor-element elementor-element-1e24dee1 elementor-widget elementor-widget-image\" data-id=\"1e24dee1\" data-element_type=\"widget\" data-e-type=\"widget\" data-widget_type=\"image.default\">\n\t\t\t\t<div class=\"elementor-widget-container\">\n\t\t\t\t\t\t\t\t\t\t\t\t<figure class=\"wp-caption\">\n\t\t\t\t\t\t\t\t\t\t<img loading=\"lazy\" decoding=\"async\" width=\"800\" height=\"533\" src=\"https:\/\/www.elturistatranquil.com\/wp-content\/uploads\/F33-Museo-Historico-Arqueologico-de-Almedinilla-iberos-molino-1.jpg\" class=\"attachment-large size-large wp-image-9824\" alt=\"\" srcset=\"https:\/\/www.elturistatranquil.com\/wp-content\/uploads\/F33-Museo-Historico-Arqueologico-de-Almedinilla-iberos-molino-1.jpg 800w, https:\/\/www.elturistatranquil.com\/wp-content\/uploads\/F33-Museo-Historico-Arqueologico-de-Almedinilla-iberos-molino-1-768x512.jpg 768w\" sizes=\"(max-width: 800px) 100vw, 800px\" \/>\t\t\t\t\t\t\t\t\t\t\t<figcaption class=\"widget-image-caption wp-caption-text\">Mol\u00ed complet<\/figcaption>\n\t\t\t\t\t\t\t\t\t\t<\/figure>\n\t\t\t\t\t\t\t\t\t<\/div>\n\t\t\t\t<\/div>\n\t\t\t\t<div class=\"elementor-element elementor-element-37fb9a2a elementor-widget elementor-widget-heading\" data-id=\"37fb9a2a\" data-element_type=\"widget\" data-e-type=\"widget\" data-widget_type=\"heading.default\">\n\t\t\t\t<div class=\"elementor-widget-container\">\n\t\t\t\t\t<h3 class=\"elementor-heading-title elementor-size-default\">Artesans<\/h3>\t\t\t\t<\/div>\n\t\t\t\t<\/div>\n\t\t\t\t<div class=\"elementor-element elementor-element-d8dac4a elementor-widget elementor-widget-text-editor\" data-id=\"d8dac4a\" data-element_type=\"widget\" data-e-type=\"widget\" data-widget_type=\"text-editor.default\">\n\t\t\t\t<div class=\"elementor-widget-container\">\n\t\t\t\t\t\t\t\t\t<p>Els \u00e0mbits que cobria l&#8217;artesania ibera comprenien la cer\u00e0mica, el treball en metall, l&#8217;orfebreria i el t\u00e8xtil.<\/p>\t\t\t\t\t\t\t\t<\/div>\n\t\t\t\t<\/div>\n\t\t\t\t<div class=\"elementor-element elementor-element-5e07b236 elementor-widget elementor-widget-heading\" data-id=\"5e07b236\" data-element_type=\"widget\" data-e-type=\"widget\" data-widget_type=\"heading.default\">\n\t\t\t\t<div class=\"elementor-widget-container\">\n\t\t\t\t\t<h4 class=\"elementor-heading-title elementor-size-default\">Cer\u00e0mica<\/h4>\t\t\t\t<\/div>\n\t\t\t\t<\/div>\n\t\t\t\t<div class=\"elementor-element elementor-element-69e9404f elementor-widget elementor-widget-text-editor\" data-id=\"69e9404f\" data-element_type=\"widget\" data-e-type=\"widget\" data-widget_type=\"text-editor.default\">\n\t\t\t\t<div class=\"elementor-widget-container\">\n\t\t\t\t\t\t\t\t\t<p>Van ser grans terrissaires, sent els primers a estendre l&#8217;\u00fas del &#8220;torn de terrisser&#8221; arran dels contactes amb les col\u00f2nies fen\u00edcies i gregues.<\/p>\t\t\t\t\t\t\t\t<\/div>\n\t\t\t\t<\/div>\n\t\t\t\t<div class=\"elementor-element elementor-element-7b58cbf3 elementor-widget elementor-widget-image\" data-id=\"7b58cbf3\" data-element_type=\"widget\" data-e-type=\"widget\" data-widget_type=\"image.default\">\n\t\t\t\t<div class=\"elementor-widget-container\">\n\t\t\t\t\t\t\t\t\t\t\t\t<figure class=\"wp-caption\">\n\t\t\t\t\t\t\t\t\t\t<img loading=\"lazy\" decoding=\"async\" width=\"800\" height=\"533\" src=\"https:\/\/www.elturistatranquil.com\/wp-content\/uploads\/F34-Yacimiento-ibero-de-El-Cerro-de-la-Cruz-Almedinilla-horno-ceramico-1.jpg\" class=\"attachment-large size-large wp-image-9826\" alt=\"\" srcset=\"https:\/\/www.elturistatranquil.com\/wp-content\/uploads\/F34-Yacimiento-ibero-de-El-Cerro-de-la-Cruz-Almedinilla-horno-ceramico-1.jpg 800w, https:\/\/www.elturistatranquil.com\/wp-content\/uploads\/F34-Yacimiento-ibero-de-El-Cerro-de-la-Cruz-Almedinilla-horno-ceramico-1-768x512.jpg 768w\" sizes=\"(max-width: 800px) 100vw, 800px\" \/>\t\t\t\t\t\t\t\t\t\t\t<figcaption class=\"widget-image-caption wp-caption-text\">Forn per cer\u00e0mica reconstru\u00eft i boca de c\u00e0rrega<\/figcaption>\n\t\t\t\t\t\t\t\t\t\t<\/figure>\n\t\t\t\t\t\t\t\t\t<\/div>\n\t\t\t\t<\/div>\n\t\t\t\t<div class=\"elementor-element elementor-element-917613f elementor-widget elementor-widget-image\" data-id=\"917613f\" data-element_type=\"widget\" data-e-type=\"widget\" data-widget_type=\"image.default\">\n\t\t\t\t<div class=\"elementor-widget-container\">\n\t\t\t\t\t\t\t\t\t\t\t\t<figure class=\"wp-caption\">\n\t\t\t\t\t\t\t\t\t\t<img loading=\"lazy\" decoding=\"async\" width=\"800\" height=\"533\" src=\"https:\/\/www.elturistatranquil.com\/wp-content\/uploads\/F35-Yacimiento-ibero-de-El-Cerro-de-la-Cruz-Almedinilla-Horno-ceramico-1.jpg\" class=\"attachment-large size-large wp-image-9828\" alt=\"\" srcset=\"https:\/\/www.elturistatranquil.com\/wp-content\/uploads\/F35-Yacimiento-ibero-de-El-Cerro-de-la-Cruz-Almedinilla-Horno-ceramico-1.jpg 800w, https:\/\/www.elturistatranquil.com\/wp-content\/uploads\/F35-Yacimiento-ibero-de-El-Cerro-de-la-Cruz-Almedinilla-Horno-ceramico-1-768x512.jpg 768w\" sizes=\"(max-width: 800px) 100vw, 800px\" \/>\t\t\t\t\t\t\t\t\t\t\t<figcaption class=\"widget-image-caption wp-caption-text\">Boca de la llar del forn reconstru\u00eft<\/figcaption>\n\t\t\t\t\t\t\t\t\t\t<\/figure>\n\t\t\t\t\t\t\t\t\t<\/div>\n\t\t\t\t<\/div>\n\t\t\t\t<div class=\"elementor-element elementor-element-37331da9 elementor-widget elementor-widget-text-editor\" data-id=\"37331da9\" data-element_type=\"widget\" data-e-type=\"widget\" data-widget_type=\"text-editor.default\">\n\t\t\t\t<div class=\"elementor-widget-container\">\n\t\t\t\t\t\t\t\t\t<p>En les dues fotografies que segueixen es pot veure una reconstrucci\u00f3 d&#8217;un taller de terrissaire adaptat al pendent del terreny per construir un altell.<\/p>\t\t\t\t\t\t\t\t<\/div>\n\t\t\t\t<\/div>\n\t\t\t\t<div class=\"elementor-element elementor-element-345604eb elementor-widget elementor-widget-image\" data-id=\"345604eb\" data-element_type=\"widget\" data-e-type=\"widget\" data-widget_type=\"image.default\">\n\t\t\t\t<div class=\"elementor-widget-container\">\n\t\t\t\t\t\t\t\t\t\t\t\t\t\t\t<img loading=\"lazy\" decoding=\"async\" width=\"800\" height=\"533\" src=\"https:\/\/www.elturistatranquil.com\/wp-content\/uploads\/F36-Yacimiento-ibero-de-El-Cerro-de-la-Cruz-Almedinilla-1.jpg\" class=\"attachment-large size-large wp-image-9830\" alt=\"\" srcset=\"https:\/\/www.elturistatranquil.com\/wp-content\/uploads\/F36-Yacimiento-ibero-de-El-Cerro-de-la-Cruz-Almedinilla-1.jpg 800w, https:\/\/www.elturistatranquil.com\/wp-content\/uploads\/F36-Yacimiento-ibero-de-El-Cerro-de-la-Cruz-Almedinilla-1-768x512.jpg 768w\" sizes=\"(max-width: 800px) 100vw, 800px\" \/>\t\t\t\t\t\t\t\t\t\t\t\t\t\t\t<\/div>\n\t\t\t\t<\/div>\n\t\t\t\t<div class=\"elementor-element elementor-element-7c2f64ac elementor-widget elementor-widget-image\" data-id=\"7c2f64ac\" data-element_type=\"widget\" data-e-type=\"widget\" data-widget_type=\"image.default\">\n\t\t\t\t<div class=\"elementor-widget-container\">\n\t\t\t\t\t\t\t\t\t\t\t\t<figure class=\"wp-caption\">\n\t\t\t\t\t\t\t\t\t\t<img loading=\"lazy\" decoding=\"async\" width=\"800\" height=\"533\" src=\"https:\/\/www.elturistatranquil.com\/wp-content\/uploads\/F37-Yacimiento-ibero-de-El-Cerro-de-la-Cruz-Almedinilla-1.jpg\" class=\"attachment-large size-large wp-image-9832\" alt=\"\" srcset=\"https:\/\/www.elturistatranquil.com\/wp-content\/uploads\/F37-Yacimiento-ibero-de-El-Cerro-de-la-Cruz-Almedinilla-1.jpg 800w, https:\/\/www.elturistatranquil.com\/wp-content\/uploads\/F37-Yacimiento-ibero-de-El-Cerro-de-la-Cruz-Almedinilla-1-768x512.jpg 768w\" sizes=\"(max-width: 800px) 100vw, 800px\" \/>\t\t\t\t\t\t\t\t\t\t\t<figcaption class=\"widget-image-caption wp-caption-text\">Reconstrucci\u00f3 d'un torn de m\u00e0 (dreta) i un peu (esquerra)<\/figcaption>\n\t\t\t\t\t\t\t\t\t\t<\/figure>\n\t\t\t\t\t\t\t\t\t<\/div>\n\t\t\t\t<\/div>\n\t\t\t\t<div class=\"elementor-element elementor-element-3f33ca93 elementor-widget elementor-widget-text-editor\" data-id=\"3f33ca93\" data-element_type=\"widget\" data-e-type=\"widget\" data-widget_type=\"text-editor.default\">\n\t\t\t\t<div class=\"elementor-widget-container\">\n\t\t\t\t\t\t\t\t\t<p>Van elaborar unes cer\u00e0miques que a El Cerro de la Cruz presenten una de les tipologies m\u00e9s completes per a aquests moments. \u00c9s una cer\u00e0mica t\u00edpica bastetana, de personalitat pr\u00f2pia i gran perfecci\u00f3 t\u00e8cnica.<\/p><p>Destaquen els grans recipients decorats per a emmagatzematge, els diferents tipus d&#8217;\u00e0mfores Iber-p\u00faniques, olles, urnes, tapadores, lluernes, ung\u00fcentaris, gots tulipiformes, gots caliciformes, o els plats de vora tornat.<\/p>\t\t\t\t\t\t\t\t<\/div>\n\t\t\t\t<\/div>\n\t\t\t\t<div class=\"elementor-element elementor-element-5a6e266 elementor-widget elementor-widget-image\" data-id=\"5a6e266\" data-element_type=\"widget\" data-e-type=\"widget\" data-widget_type=\"image.default\">\n\t\t\t\t<div class=\"elementor-widget-container\">\n\t\t\t\t\t\t\t\t\t\t\t\t<figure class=\"wp-caption\">\n\t\t\t\t\t\t\t\t\t\t<img loading=\"lazy\" decoding=\"async\" width=\"424\" height=\"550\" src=\"https:\/\/www.elturistatranquil.com\/wp-content\/uploads\/F38-Museo-Historico-Arqueologico-de-Almedinilla-iberos.jpg\" class=\"attachment-large size-large wp-image-9702\" alt=\"Museo Historico-Arqueologico de Almedinilla iberos\" \/>\t\t\t\t\t\t\t\t\t\t\t<figcaption class=\"widget-image-caption wp-caption-text\">Gran contenidor cer\u00e0mic amb decoraci\u00f3 t\u00edpica bastetana<\/figcaption>\n\t\t\t\t\t\t\t\t\t\t<\/figure>\n\t\t\t\t\t\t\t\t\t<\/div>\n\t\t\t\t<\/div>\n\t\t\t\t<div class=\"elementor-element elementor-element-3af34373 elementor-widget elementor-widget-image\" data-id=\"3af34373\" data-element_type=\"widget\" data-e-type=\"widget\" data-widget_type=\"image.default\">\n\t\t\t\t<div class=\"elementor-widget-container\">\n\t\t\t\t\t\t\t\t\t\t\t\t<figure class=\"wp-caption\">\n\t\t\t\t\t\t\t\t\t\t<img loading=\"lazy\" decoding=\"async\" width=\"800\" height=\"533\" src=\"https:\/\/www.elturistatranquil.com\/wp-content\/uploads\/F39-Museo-Historico-Arqueologico-de-Almedinilla-iberos-1.jpg\" class=\"attachment-large size-large wp-image-9834\" alt=\"\" srcset=\"https:\/\/www.elturistatranquil.com\/wp-content\/uploads\/F39-Museo-Historico-Arqueologico-de-Almedinilla-iberos-1.jpg 800w, https:\/\/www.elturistatranquil.com\/wp-content\/uploads\/F39-Museo-Historico-Arqueologico-de-Almedinilla-iberos-1-768x512.jpg 768w\" sizes=\"(max-width: 800px) 100vw, 800px\" \/>\t\t\t\t\t\t\t\t\t\t\t<figcaption class=\"widget-image-caption wp-caption-text\">\u00c0mfores amb decoraci\u00f3 t\u00edpica bastetana i gran olla<\/figcaption>\n\t\t\t\t\t\t\t\t\t\t<\/figure>\n\t\t\t\t\t\t\t\t\t<\/div>\n\t\t\t\t<\/div>\n\t\t\t\t<div class=\"elementor-element elementor-element-2df26d00 elementor-widget elementor-widget-image\" data-id=\"2df26d00\" data-element_type=\"widget\" data-e-type=\"widget\" data-widget_type=\"image.default\">\n\t\t\t\t<div class=\"elementor-widget-container\">\n\t\t\t\t\t\t\t\t\t\t\t\t<figure class=\"wp-caption\">\n\t\t\t\t\t\t\t\t\t\t<img loading=\"lazy\" decoding=\"async\" width=\"800\" height=\"526\" src=\"https:\/\/www.elturistatranquil.com\/wp-content\/uploads\/F40-Museo-Historico-Arqueologico-de-Almedinilla-iberos-1.jpg\" class=\"attachment-large size-large wp-image-9836\" alt=\"\" srcset=\"https:\/\/www.elturistatranquil.com\/wp-content\/uploads\/F40-Museo-Historico-Arqueologico-de-Almedinilla-iberos-1.jpg 800w, https:\/\/www.elturistatranquil.com\/wp-content\/uploads\/F40-Museo-Historico-Arqueologico-de-Almedinilla-iberos-1-768x505.jpg 768w\" sizes=\"(max-width: 800px) 100vw, 800px\" \/>\t\t\t\t\t\t\t\t\t\t\t<figcaption class=\"widget-image-caption wp-caption-text\">Decoraci\u00f3 t\u00edpica bastetana<\/figcaption>\n\t\t\t\t\t\t\t\t\t\t<\/figure>\n\t\t\t\t\t\t\t\t\t<\/div>\n\t\t\t\t<\/div>\n\t\t\t\t<div class=\"elementor-element elementor-element-3728b26b elementor-widget elementor-widget-image\" data-id=\"3728b26b\" data-element_type=\"widget\" data-e-type=\"widget\" data-widget_type=\"image.default\">\n\t\t\t\t<div class=\"elementor-widget-container\">\n\t\t\t\t\t\t\t\t\t\t\t\t<figure class=\"wp-caption\">\n\t\t\t\t\t\t\t\t\t\t<img loading=\"lazy\" decoding=\"async\" width=\"470\" height=\"400\" src=\"https:\/\/www.elturistatranquil.com\/wp-content\/uploads\/F41-Museo-Historico-Arqueologico-de-Almedinilla-iberos-Embudo-1.jpg\" class=\"attachment-large size-large wp-image-9838\" alt=\"\" \/>\t\t\t\t\t\t\t\t\t\t\t<figcaption class=\"widget-image-caption wp-caption-text\">Embut de cer\u00e0mica<\/figcaption>\n\t\t\t\t\t\t\t\t\t\t<\/figure>\n\t\t\t\t\t\t\t\t\t<\/div>\n\t\t\t\t<\/div>\n\t\t\t\t<div class=\"elementor-element elementor-element-75c530d7 elementor-widget elementor-widget-image\" data-id=\"75c530d7\" data-element_type=\"widget\" data-e-type=\"widget\" data-widget_type=\"image.default\">\n\t\t\t\t<div class=\"elementor-widget-container\">\n\t\t\t\t\t\t\t\t\t\t\t\t<figure class=\"wp-caption\">\n\t\t\t\t\t\t\t\t\t\t<img loading=\"lazy\" decoding=\"async\" width=\"800\" height=\"533\" src=\"https:\/\/www.elturistatranquil.com\/wp-content\/uploads\/F42-Museo-Historico-Arqueologico-de-Almedinilla-iberos-1.jpg\" class=\"attachment-large size-large wp-image-9840\" alt=\"\" srcset=\"https:\/\/www.elturistatranquil.com\/wp-content\/uploads\/F42-Museo-Historico-Arqueologico-de-Almedinilla-iberos-1.jpg 800w, https:\/\/www.elturistatranquil.com\/wp-content\/uploads\/F42-Museo-Historico-Arqueologico-de-Almedinilla-iberos-1-768x512.jpg 768w\" sizes=\"(max-width: 800px) 100vw, 800px\" \/>\t\t\t\t\t\t\t\t\t\t\t<figcaption class=\"widget-image-caption wp-caption-text\">Gots caliciformes per a \u00fas ritual, dom\u00e8stic i com a mesura agr\u00edcola<\/figcaption>\n\t\t\t\t\t\t\t\t\t\t<\/figure>\n\t\t\t\t\t\t\t\t\t<\/div>\n\t\t\t\t<\/div>\n\t\t\t\t<div class=\"elementor-element elementor-element-14f08b66 elementor-widget elementor-widget-image\" data-id=\"14f08b66\" data-element_type=\"widget\" data-e-type=\"widget\" data-widget_type=\"image.default\">\n\t\t\t\t<div class=\"elementor-widget-container\">\n\t\t\t\t\t\t\t\t\t\t\t\t<figure class=\"wp-caption\">\n\t\t\t\t\t\t\t\t\t\t<img loading=\"lazy\" decoding=\"async\" width=\"800\" height=\"384\" src=\"https:\/\/www.elturistatranquil.com\/wp-content\/uploads\/F43-Museo-Historico-Arqueologico-de-Almedinilla-iberos-1.jpg\" class=\"attachment-large size-large wp-image-9842\" alt=\"\" srcset=\"https:\/\/www.elturistatranquil.com\/wp-content\/uploads\/F43-Museo-Historico-Arqueologico-de-Almedinilla-iberos-1.jpg 800w, https:\/\/www.elturistatranquil.com\/wp-content\/uploads\/F43-Museo-Historico-Arqueologico-de-Almedinilla-iberos-1-768x369.jpg 768w\" sizes=\"(max-width: 800px) 100vw, 800px\" \/>\t\t\t\t\t\t\t\t\t\t\t<figcaption class=\"widget-image-caption wp-caption-text\">Ll\u00e0nties per il\u00b7luminaci\u00f3 amb oli d'oliva<\/figcaption>\n\t\t\t\t\t\t\t\t\t\t<\/figure>\n\t\t\t\t\t\t\t\t\t<\/div>\n\t\t\t\t<\/div>\n\t\t\t\t<div class=\"elementor-element elementor-element-d008318 elementor-widget elementor-widget-image\" data-id=\"d008318\" data-element_type=\"widget\" data-e-type=\"widget\" data-widget_type=\"image.default\">\n\t\t\t\t<div class=\"elementor-widget-container\">\n\t\t\t\t\t\t\t\t\t\t\t\t\t\t\t<img loading=\"lazy\" decoding=\"async\" width=\"800\" height=\"458\" src=\"https:\/\/www.elturistatranquil.com\/wp-content\/uploads\/F44-Museo-Historico-Arqueologico-de-Almedinilla-iberos-1.jpg\" class=\"attachment-large size-large wp-image-9844\" alt=\"\" srcset=\"https:\/\/www.elturistatranquil.com\/wp-content\/uploads\/F44-Museo-Historico-Arqueologico-de-Almedinilla-iberos-1.jpg 800w, https:\/\/www.elturistatranquil.com\/wp-content\/uploads\/F44-Museo-Historico-Arqueologico-de-Almedinilla-iberos-1-768x440.jpg 768w\" sizes=\"(max-width: 800px) 100vw, 800px\" \/>\t\t\t\t\t\t\t\t\t\t\t\t\t\t\t<\/div>\n\t\t\t\t<\/div>\n\t\t\t\t<div class=\"elementor-element elementor-element-438f8069 elementor-widget elementor-widget-image\" data-id=\"438f8069\" data-element_type=\"widget\" data-e-type=\"widget\" data-widget_type=\"image.default\">\n\t\t\t\t<div class=\"elementor-widget-container\">\n\t\t\t\t\t\t\t\t\t\t\t\t\t\t\t<img loading=\"lazy\" decoding=\"async\" width=\"800\" height=\"502\" src=\"https:\/\/www.elturistatranquil.com\/wp-content\/uploads\/F45-Museo-Historico-Arqueologico-de-Almedinilla-iberos-1.jpg\" class=\"attachment-large size-large wp-image-9846\" alt=\"\" srcset=\"https:\/\/www.elturistatranquil.com\/wp-content\/uploads\/F45-Museo-Historico-Arqueologico-de-Almedinilla-iberos-1.jpg 800w, https:\/\/www.elturistatranquil.com\/wp-content\/uploads\/F45-Museo-Historico-Arqueologico-de-Almedinilla-iberos-1-768x482.jpg 768w\" sizes=\"(max-width: 800px) 100vw, 800px\" \/>\t\t\t\t\t\t\t\t\t\t\t\t\t\t\t<\/div>\n\t\t\t\t<\/div>\n\t\t\t\t<div class=\"elementor-element elementor-element-472ea04c elementor-widget elementor-widget-image\" data-id=\"472ea04c\" data-element_type=\"widget\" data-e-type=\"widget\" data-widget_type=\"image.default\">\n\t\t\t\t<div class=\"elementor-widget-container\">\n\t\t\t\t\t\t\t\t\t\t\t\t<figure class=\"wp-caption\">\n\t\t\t\t\t\t\t\t\t\t<img loading=\"lazy\" decoding=\"async\" width=\"800\" height=\"533\" src=\"https:\/\/www.elturistatranquil.com\/wp-content\/uploads\/F46-Museo-Historico-Arqueologico-de-Almedinilla-iberos-1.jpg\" class=\"attachment-large size-large wp-image-9848\" alt=\"\" srcset=\"https:\/\/www.elturistatranquil.com\/wp-content\/uploads\/F46-Museo-Historico-Arqueologico-de-Almedinilla-iberos-1.jpg 800w, https:\/\/www.elturistatranquil.com\/wp-content\/uploads\/F46-Museo-Historico-Arqueologico-de-Almedinilla-iberos-1-768x512.jpg 768w\" sizes=\"(max-width: 800px) 100vw, 800px\" \/>\t\t\t\t\t\t\t\t\t\t\t<figcaption class=\"widget-image-caption wp-caption-text\">Tapadora d'\u00e0mfora, atuells i plats de \"vora tornat\"<\/figcaption>\n\t\t\t\t\t\t\t\t\t\t<\/figure>\n\t\t\t\t\t\t\t\t\t<\/div>\n\t\t\t\t<\/div>\n\t\t\t\t<div class=\"elementor-element elementor-element-5872afc3 elementor-widget elementor-widget-heading\" data-id=\"5872afc3\" data-element_type=\"widget\" data-e-type=\"widget\" data-widget_type=\"heading.default\">\n\t\t\t\t<div class=\"elementor-widget-container\">\n\t\t\t\t\t<h4 class=\"elementor-heading-title elementor-size-default\">Metall i armes<\/h4>\t\t\t\t<\/div>\n\t\t\t\t<\/div>\n\t\t\t\t<div class=\"elementor-element elementor-element-6407c2b elementor-widget elementor-widget-text-editor\" data-id=\"6407c2b\" data-element_type=\"widget\" data-e-type=\"widget\" data-widget_type=\"text-editor.default\">\n\t\t\t\t<div class=\"elementor-widget-container\">\n\t\t\t\t\t\t\t\t\t<p>Es destaca que van ser grans mestres en el treball del ferro, sobresortint en la fabricaci\u00f3 d&#8217;eines per al treball del camp i, sobretot, d&#8217;armament, sent famoses a la Mediterr\u00e0nia les seves espases i falcatas realitzades amb gran perfecci\u00f3 t\u00e8cnica i elaborada decoraci\u00f3.<\/p><p>De les restes trobades al jaciment sobresurten pel seu inter\u00e8s les falcates amb niellats de plata, ganivets, soliferro i pintes, datats als segles V i IV aC.<\/p>\t\t\t\t\t\t\t\t<\/div>\n\t\t\t\t<\/div>\n\t\t\t\t<div class=\"elementor-element elementor-element-7d2f4d1f elementor-widget elementor-widget-image\" data-id=\"7d2f4d1f\" data-element_type=\"widget\" data-e-type=\"widget\" data-widget_type=\"image.default\">\n\t\t\t\t<div class=\"elementor-widget-container\">\n\t\t\t\t\t\t\t\t\t\t\t\t<figure class=\"wp-caption\">\n\t\t\t\t\t\t\t\t\t\t<img loading=\"lazy\" decoding=\"async\" width=\"800\" height=\"533\" src=\"https:\/\/www.elturistatranquil.com\/wp-content\/uploads\/F47-Museo-Historico-Arqueologico-de-Almedinilla-iberos-1.jpg\" class=\"attachment-large size-large wp-image-9850\" alt=\"\" srcset=\"https:\/\/www.elturistatranquil.com\/wp-content\/uploads\/F47-Museo-Historico-Arqueologico-de-Almedinilla-iberos-1.jpg 800w, https:\/\/www.elturistatranquil.com\/wp-content\/uploads\/F47-Museo-Historico-Arqueologico-de-Almedinilla-iberos-1-768x512.jpg 768w\" sizes=\"(max-width: 800px) 100vw, 800px\" \/>\t\t\t\t\t\t\t\t\t\t\t<figcaption class=\"widget-image-caption wp-caption-text\">Pics, ganxo i esquella de ferro<\/figcaption>\n\t\t\t\t\t\t\t\t\t\t<\/figure>\n\t\t\t\t\t\t\t\t\t<\/div>\n\t\t\t\t<\/div>\n\t\t\t\t<div class=\"elementor-element elementor-element-71d14d3d elementor-widget elementor-widget-image\" data-id=\"71d14d3d\" data-element_type=\"widget\" data-e-type=\"widget\" data-widget_type=\"image.default\">\n\t\t\t\t<div class=\"elementor-widget-container\">\n\t\t\t\t\t\t\t\t\t\t\t\t\t\t\t<img loading=\"lazy\" decoding=\"async\" width=\"800\" height=\"533\" src=\"https:\/\/www.elturistatranquil.com\/wp-content\/uploads\/F48-Museo-Historico-Arqueologico-de-Almedinilla-iberos-1.jpg\" class=\"attachment-large size-large wp-image-9852\" alt=\"\" srcset=\"https:\/\/www.elturistatranquil.com\/wp-content\/uploads\/F48-Museo-Historico-Arqueologico-de-Almedinilla-iberos-1.jpg 800w, https:\/\/www.elturistatranquil.com\/wp-content\/uploads\/F48-Museo-Historico-Arqueologico-de-Almedinilla-iberos-1-768x512.jpg 768w\" sizes=\"(max-width: 800px) 100vw, 800px\" \/>\t\t\t\t\t\t\t\t\t\t\t\t\t\t\t<\/div>\n\t\t\t\t<\/div>\n\t\t\t\t<div class=\"elementor-element elementor-element-37e1091 elementor-widget elementor-widget-heading\" data-id=\"37e1091\" data-element_type=\"widget\" data-e-type=\"widget\" data-widget_type=\"heading.default\">\n\t\t\t\t<div class=\"elementor-widget-container\">\n\t\t\t\t\t<h4 class=\"elementor-heading-title elementor-size-default\">Orfebreria<\/h4>\t\t\t\t<\/div>\n\t\t\t\t<\/div>\n\t\t\t\t<div class=\"elementor-element elementor-element-728ffb0d elementor-widget elementor-widget-text-editor\" data-id=\"728ffb0d\" data-element_type=\"widget\" data-e-type=\"widget\" data-widget_type=\"text-editor.default\">\n\t\t\t\t<div class=\"elementor-widget-container\">\n\t\t\t\t\t\t\t\t\t<p>Com orfebres van treballar l&#8217;or, la plata, el bronze i les pedres precioses amb gran mestria, destacant en l&#8217;ocupaci\u00f3 del granulat, la filigrana i els damasquinats.<\/p>\t\t\t\t\t\t\t\t<\/div>\n\t\t\t\t<\/div>\n\t\t\t\t<div class=\"elementor-element elementor-element-46f930c2 elementor-widget elementor-widget-image\" data-id=\"46f930c2\" data-element_type=\"widget\" data-e-type=\"widget\" data-widget_type=\"image.default\">\n\t\t\t\t<div class=\"elementor-widget-container\">\n\t\t\t\t\t\t\t\t\t\t\t\t<figure class=\"wp-caption\">\n\t\t\t\t\t\t\t\t\t\t<img loading=\"lazy\" decoding=\"async\" width=\"271\" height=\"350\" src=\"https:\/\/www.elturistatranquil.com\/wp-content\/uploads\/F49-Almedinilla-iberos-1.jpg\" class=\"attachment-large size-large wp-image-9854\" alt=\"\" \/>\t\t\t\t\t\t\t\t\t\t\t<figcaption class=\"widget-image-caption wp-caption-text\">Detall del damasquinatge en plata de la falcata de Almedinilla. Museu Arqueol\u00f2gic Nacional de Madrid<\/figcaption>\n\t\t\t\t\t\t\t\t\t\t<\/figure>\n\t\t\t\t\t\t\t\t\t<\/div>\n\t\t\t\t<\/div>\n\t\t\t\t<div class=\"elementor-element elementor-element-7ffd5eeb elementor-widget elementor-widget-heading\" data-id=\"7ffd5eeb\" data-element_type=\"widget\" data-e-type=\"widget\" data-widget_type=\"heading.default\">\n\t\t\t\t<div class=\"elementor-widget-container\">\n\t\t\t\t\t<h4 class=\"elementor-heading-title elementor-size-default\">Textil<\/h4>\t\t\t\t<\/div>\n\t\t\t\t<\/div>\n\t\t\t\t<div class=\"elementor-element elementor-element-5fc86298 elementor-widget elementor-widget-text-editor\" data-id=\"5fc86298\" data-element_type=\"widget\" data-e-type=\"widget\" data-widget_type=\"text-editor.default\">\n\t\t\t\t<div class=\"elementor-widget-container\">\n\t\t\t\t\t\t\t\t\t<p>Les excavacions arqueol\u00f2giques de El Cerro de la Cruz ens han perm\u00e8s con\u00e8ixer el gran mestratge que com a artesans tenien els ibers.<\/p><p>Les seves llanes i teixits van ser molt apreciats a tota la Mediterr\u00e0nia.<\/p><p>Del proc\u00e9s d&#8217;elaboraci\u00f3 de teixits s&#8217;han trobat al jaciment fusaioles per filar, aix\u00ed com pesos per als telers verticals.<\/p>\t\t\t\t\t\t\t\t<\/div>\n\t\t\t\t<\/div>\n\t\t\t\t<div class=\"elementor-element elementor-element-7a527314 elementor-widget elementor-widget-image\" data-id=\"7a527314\" data-element_type=\"widget\" data-e-type=\"widget\" data-widget_type=\"image.default\">\n\t\t\t\t<div class=\"elementor-widget-container\">\n\t\t\t\t\t\t\t\t\t\t\t\t<figure class=\"wp-caption\">\n\t\t\t\t\t\t\t\t\t\t<img loading=\"lazy\" decoding=\"async\" width=\"366\" height=\"550\" src=\"https:\/\/www.elturistatranquil.com\/wp-content\/uploads\/F50-Museo-Historico-Arqueologico-de-Almedinilla-iberos-1.jpg\" class=\"attachment-large size-large wp-image-9856\" alt=\"\" \/>\t\t\t\t\t\t\t\t\t\t\t<figcaption class=\"widget-image-caption wp-caption-text\">Reconstrucci\u00f3 d'un teler vertical<\/figcaption>\n\t\t\t\t\t\t\t\t\t\t<\/figure>\n\t\t\t\t\t\t\t\t\t<\/div>\n\t\t\t\t<\/div>\n\t\t\t\t<div class=\"elementor-element elementor-element-4920aa9a elementor-widget elementor-widget-menu-anchor\" data-id=\"4920aa9a\" data-element_type=\"widget\" data-e-type=\"widget\" data-widget_type=\"menu-anchor.default\">\n\t\t\t\t<div class=\"elementor-widget-container\">\n\t\t\t\t\t\t\t<div class=\"elementor-menu-anchor\" id=\"b2612\"><\/div>\n\t\t\t\t\t\t<\/div>\n\t\t\t\t<\/div>\n\t\t\t\t<div class=\"elementor-element elementor-element-3fdd9a68 elementor-widget elementor-widget-image\" data-id=\"3fdd9a68\" data-element_type=\"widget\" data-e-type=\"widget\" data-widget_type=\"image.default\">\n\t\t\t\t<div class=\"elementor-widget-container\">\n\t\t\t\t\t\t\t\t\t\t\t\t<figure class=\"wp-caption\">\n\t\t\t\t\t\t\t\t\t\t<img loading=\"lazy\" decoding=\"async\" width=\"800\" height=\"533\" src=\"https:\/\/www.elturistatranquil.com\/wp-content\/uploads\/F51-Museo-Historico-Arqueologico-de-Almedinilla-iberos-1.jpg\" class=\"attachment-large size-large wp-image-9858\" alt=\"\" srcset=\"https:\/\/www.elturistatranquil.com\/wp-content\/uploads\/F51-Museo-Historico-Arqueologico-de-Almedinilla-iberos-1.jpg 800w, https:\/\/www.elturistatranquil.com\/wp-content\/uploads\/F51-Museo-Historico-Arqueologico-de-Almedinilla-iberos-1-768x512.jpg 768w\" sizes=\"(max-width: 800px) 100vw, 800px\" \/>\t\t\t\t\t\t\t\t\t\t\t<figcaption class=\"widget-image-caption wp-caption-text\">1. Peses per a teixir; 2. Fusayolas per filar; 3. Agulla d'os i f\u00edbules; 4. Pedres per agulles; 5. F\u00edbules<\/figcaption>\n\t\t\t\t\t\t\t\t\t\t<\/figure>\n\t\t\t\t\t\t\t\t\t<\/div>\n\t\t\t\t<\/div>\n\t\t\t\t<div class=\"elementor-element elementor-element-756a830 elementor-widget elementor-widget-heading\" data-id=\"756a830\" data-element_type=\"widget\" data-e-type=\"widget\" data-widget_type=\"heading.default\">\n\t\t\t\t<div class=\"elementor-widget-container\">\n\t\t\t\t\t<h3 class=\"elementor-heading-title elementor-size-default\">Comerciants<\/h3>\t\t\t\t<\/div>\n\t\t\t\t<\/div>\n\t\t\t\t<div class=\"elementor-element elementor-element-70659f71 elementor-widget elementor-widget-text-editor\" data-id=\"70659f71\" data-element_type=\"widget\" data-e-type=\"widget\" data-widget_type=\"text-editor.default\">\n\t\t\t\t<div class=\"elementor-widget-container\">\n\t\t\t\t\t\t\t\t\t<p>Com a part de les transaccions comercials dels ibers adopten la moneda al contacte amb les col\u00f2nies que grecs i fenicis tenien a la Pen\u00ednsula Ib\u00e8rica.<\/p><p>El Cerro de la Cruz va estar allunyat de la ruta comercial principal de l&#8217;antiguitat, el Guadalquivir, per\u00f2 des del centre d&#8217;Andalusia i com a zona que connecta l&#8217;interior amb la costa, va haver de procurar al poblat una import\u00e0ncia estrat\u00e8gica.<\/p>\t\t\t\t\t\t\t\t<\/div>\n\t\t\t\t<\/div>\n\t\t\t\t<div class=\"elementor-element elementor-element-6cefd1ef elementor-widget elementor-widget-image\" data-id=\"6cefd1ef\" data-element_type=\"widget\" data-e-type=\"widget\" data-widget_type=\"image.default\">\n\t\t\t\t<div class=\"elementor-widget-container\">\n\t\t\t\t\t\t\t\t\t\t\t\t<figure class=\"wp-caption\">\n\t\t\t\t\t\t\t\t\t\t<img loading=\"lazy\" decoding=\"async\" width=\"800\" height=\"533\" src=\"https:\/\/www.elturistatranquil.com\/wp-content\/uploads\/F52-Yacimiento-ibero-de-El-Cerro-de-la-Cruz-Almedinilla-1.jpg\" class=\"attachment-large size-large wp-image-9860\" alt=\"\" srcset=\"https:\/\/www.elturistatranquil.com\/wp-content\/uploads\/F52-Yacimiento-ibero-de-El-Cerro-de-la-Cruz-Almedinilla-1.jpg 800w, https:\/\/www.elturistatranquil.com\/wp-content\/uploads\/F52-Yacimiento-ibero-de-El-Cerro-de-la-Cruz-Almedinilla-1-768x512.jpg 768w\" sizes=\"(max-width: 800px) 100vw, 800px\" \/>\t\t\t\t\t\t\t\t\t\t\t<figcaption class=\"widget-image-caption wp-caption-text\">Magatzem en una casa<\/figcaption>\n\t\t\t\t\t\t\t\t\t\t<\/figure>\n\t\t\t\t\t\t\t\t\t<\/div>\n\t\t\t\t<\/div>\n\t\t\t\t<div class=\"elementor-element elementor-element-31c8d09d elementor-widget elementor-widget-image\" data-id=\"31c8d09d\" data-element_type=\"widget\" data-e-type=\"widget\" data-widget_type=\"image.default\">\n\t\t\t\t<div class=\"elementor-widget-container\">\n\t\t\t\t\t\t\t\t\t\t\t\t<figure class=\"wp-caption\">\n\t\t\t\t\t\t\t\t\t\t<img loading=\"lazy\" decoding=\"async\" width=\"800\" height=\"533\" src=\"https:\/\/www.elturistatranquil.com\/wp-content\/uploads\/F53-Museo-Historico-Arqueologico-de-Almedinilla-iberos-1.jpg\" class=\"attachment-large size-large wp-image-9862\" alt=\"\" srcset=\"https:\/\/www.elturistatranquil.com\/wp-content\/uploads\/F53-Museo-Historico-Arqueologico-de-Almedinilla-iberos-1.jpg 800w, https:\/\/www.elturistatranquil.com\/wp-content\/uploads\/F53-Museo-Historico-Arqueologico-de-Almedinilla-iberos-1-768x512.jpg 768w\" sizes=\"(max-width: 800px) 100vw, 800px\" \/>\t\t\t\t\t\t\t\t\t\t\t<figcaption class=\"widget-image-caption wp-caption-text\">\u00c0mfores iber-p\u00faniques per al transport<\/figcaption>\n\t\t\t\t\t\t\t\t\t\t<\/figure>\n\t\t\t\t\t\t\t\t\t<\/div>\n\t\t\t\t<\/div>\n\t\t\t\t<div class=\"elementor-element elementor-element-321cc1a2 elementor-widget elementor-widget-menu-anchor\" data-id=\"321cc1a2\" data-element_type=\"widget\" data-e-type=\"widget\" data-widget_type=\"menu-anchor.default\">\n\t\t\t\t<div class=\"elementor-widget-container\">\n\t\t\t\t\t\t\t<div class=\"elementor-menu-anchor\" id=\"b2613\"><\/div>\n\t\t\t\t\t\t<\/div>\n\t\t\t\t<\/div>\n\t\t\t\t<div class=\"elementor-element elementor-element-edfcf46 elementor-widget elementor-widget-image\" data-id=\"edfcf46\" data-element_type=\"widget\" data-e-type=\"widget\" data-widget_type=\"image.default\">\n\t\t\t\t<div class=\"elementor-widget-container\">\n\t\t\t\t\t\t\t\t\t\t\t\t<figure class=\"wp-caption\">\n\t\t\t\t\t\t\t\t\t\t<img loading=\"lazy\" decoding=\"async\" width=\"800\" height=\"413\" src=\"https:\/\/www.elturistatranquil.com\/wp-content\/uploads\/F54-Museo-Historico-Arqueologico-de-Almedinilla-iberos-1.jpg\" class=\"attachment-large size-large wp-image-9864\" alt=\"\" srcset=\"https:\/\/www.elturistatranquil.com\/wp-content\/uploads\/F54-Museo-Historico-Arqueologico-de-Almedinilla-iberos-1.jpg 800w, https:\/\/www.elturistatranquil.com\/wp-content\/uploads\/F54-Museo-Historico-Arqueologico-de-Almedinilla-iberos-1-768x396.jpg 768w\" sizes=\"(max-width: 800px) 100vw, 800px\" \/>\t\t\t\t\t\t\t\t\t\t\t<figcaption class=\"widget-image-caption wp-caption-text\">Productes importats: 1. Comptes de collaret; 2. \u00c0mfora p\u00fanica fen\u00edcia; 3. Copa campan\u00e9ense it\u00e0lica; 4. Askos grec<\/figcaption>\n\t\t\t\t\t\t\t\t\t\t<\/figure>\n\t\t\t\t\t\t\t\t\t<\/div>\n\t\t\t\t<\/div>\n\t\t\t\t<div class=\"elementor-element elementor-element-3b264007 elementor-widget elementor-widget-heading\" data-id=\"3b264007\" data-element_type=\"widget\" data-e-type=\"widget\" data-widget_type=\"heading.default\">\n\t\t\t\t<div class=\"elementor-widget-container\">\n\t\t\t\t\t<h2 class=\"elementor-heading-title elementor-size-default\">Guerrers<\/h2>\t\t\t\t<\/div>\n\t\t\t\t<\/div>\n\t\t\t\t<div class=\"elementor-element elementor-element-641ab704 elementor-widget elementor-widget-text-editor\" data-id=\"641ab704\" data-element_type=\"widget\" data-e-type=\"widget\" data-widget_type=\"text-editor.default\">\n\t\t\t\t<div class=\"elementor-widget-container\">\n\t\t\t\t\t\t\t\t\t<p>Entre l&#8217;armament que utilitzaven els guerrers ib\u00e8rics destaca la falcata, espasa de ferro i fulla corba amb empunyadura desmuntable amb forma d&#8217;animal (cavall, llop, aixeta &#8230;) i decoraci\u00f3 de damasquinats en plata.<\/p><p>Cada empunyadura de falcata tenia la mida de la m\u00e0 del seu amo i a la seva mort es doblava per inutilitzar-la, col\u00b7locant-la al costat de les cendres del difunt.<\/p><p>L&#8217;armament es va recuperar en el transcurs de les excavacions de L. Maraver.<\/p>\t\t\t\t\t\t\t\t<\/div>\n\t\t\t\t<\/div>\n\t\t\t\t<div class=\"elementor-element elementor-element-435fef05 elementor-widget elementor-widget-image\" data-id=\"435fef05\" data-element_type=\"widget\" data-e-type=\"widget\" data-widget_type=\"image.default\">\n\t\t\t\t<div class=\"elementor-widget-container\">\n\t\t\t\t\t\t\t\t\t\t\t\t<figure class=\"wp-caption\">\n\t\t\t\t\t\t\t\t\t\t<img loading=\"lazy\" decoding=\"async\" width=\"800\" height=\"311\" src=\"https:\/\/www.elturistatranquil.com\/wp-content\/uploads\/F55-Museo-Historico-Arqueologico-de-Almedinilla-iberos-1.jpg\" class=\"attachment-large size-large wp-image-9866\" alt=\"\" srcset=\"https:\/\/www.elturistatranquil.com\/wp-content\/uploads\/F55-Museo-Historico-Arqueologico-de-Almedinilla-iberos-1.jpg 800w, https:\/\/www.elturistatranquil.com\/wp-content\/uploads\/F55-Museo-Historico-Arqueologico-de-Almedinilla-iberos-1-768x299.jpg 768w\" sizes=\"(max-width: 800px) 100vw, 800px\" \/>\t\t\t\t\t\t\t\t\t\t\t<figcaption class=\"widget-image-caption wp-caption-text\">Reproducci\u00f3 de la falcata de Almedinilla (al Museu) exposada al Museu Arqueol\u00f2gic Nacional de Madrid<\/figcaption>\n\t\t\t\t\t\t\t\t\t\t<\/figure>\n\t\t\t\t\t\t\t\t\t<\/div>\n\t\t\t\t<\/div>\n\t\t\t\t<div class=\"elementor-element elementor-element-7e5df0b3 elementor-widget elementor-widget-image\" data-id=\"7e5df0b3\" data-element_type=\"widget\" data-e-type=\"widget\" data-widget_type=\"image.default\">\n\t\t\t\t<div class=\"elementor-widget-container\">\n\t\t\t\t\t\t\t\t\t\t\t\t<figure class=\"wp-caption\">\n\t\t\t\t\t\t\t\t\t\t<img loading=\"lazy\" decoding=\"async\" width=\"800\" height=\"533\" src=\"https:\/\/www.elturistatranquil.com\/wp-content\/uploads\/F56-Museo-Historico-Arqueologico-de-Almedinilla-iberos-1.jpg\" class=\"attachment-large size-large wp-image-9868\" alt=\"\" srcset=\"https:\/\/www.elturistatranquil.com\/wp-content\/uploads\/F56-Museo-Historico-Arqueologico-de-Almedinilla-iberos-1.jpg 800w, https:\/\/www.elturistatranquil.com\/wp-content\/uploads\/F56-Museo-Historico-Arqueologico-de-Almedinilla-iberos-1-768x512.jpg 768w\" sizes=\"(max-width: 800px) 100vw, 800px\" \/>\t\t\t\t\t\t\t\t\t\t\t<figcaption class=\"widget-image-caption wp-caption-text\">Armament trobat a El Cerro de la Cruz  <\/figcaption>\n\t\t\t\t\t\t\t\t\t\t<\/figure>\n\t\t\t\t\t\t\t\t\t<\/div>\n\t\t\t\t<\/div>\n\t\t\t\t<div class=\"elementor-element elementor-element-6222213e elementor-widget elementor-widget-image\" data-id=\"6222213e\" data-element_type=\"widget\" data-e-type=\"widget\" data-widget_type=\"image.default\">\n\t\t\t\t<div class=\"elementor-widget-container\">\n\t\t\t\t\t\t\t\t\t\t\t\t<figure class=\"wp-caption\">\n\t\t\t\t\t\t\t\t\t\t<img loading=\"lazy\" decoding=\"async\" width=\"800\" height=\"274\" src=\"https:\/\/www.elturistatranquil.com\/wp-content\/uploads\/F57-Museo-Historico-Arqueologico-de-Almedinilla-iberos-1.jpg\" class=\"attachment-large size-large wp-image-9870\" alt=\"\" srcset=\"https:\/\/www.elturistatranquil.com\/wp-content\/uploads\/F57-Museo-Historico-Arqueologico-de-Almedinilla-iberos-1.jpg 800w, https:\/\/www.elturistatranquil.com\/wp-content\/uploads\/F57-Museo-Historico-Arqueologico-de-Almedinilla-iberos-1-768x263.jpg 768w\" sizes=\"(max-width: 800px) 100vw, 800px\" \/>\t\t\t\t\t\t\t\t\t\t\t<figcaption class=\"widget-image-caption wp-caption-text\">1. Esper\u00f3: 2. Glands de plom per a llan\u00e7ament amb ona; 3. Llan\u00e7a (soliferrum) doblegada; 4. Espasa recta amb restes de funda; 5. Maneta d'escut; 6. Ganivets<\/figcaption>\n\t\t\t\t\t\t\t\t\t\t<\/figure>\n\t\t\t\t\t\t\t\t\t<\/div>\n\t\t\t\t<\/div>\n\t\t\t\t<div class=\"elementor-element elementor-element-4697eb21 elementor-widget elementor-widget-menu-anchor\" data-id=\"4697eb21\" data-element_type=\"widget\" data-e-type=\"widget\" data-widget_type=\"menu-anchor.default\">\n\t\t\t\t<div class=\"elementor-widget-container\">\n\t\t\t\t\t\t\t<div class=\"elementor-menu-anchor\" id=\"b2614\"><\/div>\n\t\t\t\t\t\t<\/div>\n\t\t\t\t<\/div>\n\t\t\t\t<div class=\"elementor-element elementor-element-120fb7e9 elementor-widget elementor-widget-image\" data-id=\"120fb7e9\" data-element_type=\"widget\" data-e-type=\"widget\" data-widget_type=\"image.default\">\n\t\t\t\t<div class=\"elementor-widget-container\">\n\t\t\t\t\t\t\t\t\t\t\t\t<figure class=\"wp-caption\">\n\t\t\t\t\t\t\t\t\t\t<img loading=\"lazy\" decoding=\"async\" width=\"502\" height=\"550\" src=\"https:\/\/www.elturistatranquil.com\/wp-content\/uploads\/F58-Museo-Historico-Arqueologico-de-Almedinilla-escudo-ibero-1.jpg\" class=\"attachment-large size-large wp-image-9872\" alt=\"\" \/>\t\t\t\t\t\t\t\t\t\t\t<figcaption class=\"widget-image-caption wp-caption-text\">Escut de guerrer iber<\/figcaption>\n\t\t\t\t\t\t\t\t\t\t<\/figure>\n\t\t\t\t\t\t\t\t\t<\/div>\n\t\t\t\t<\/div>\n\t\t\t\t<div class=\"elementor-element elementor-element-2e413ea7 elementor-widget elementor-widget-heading\" data-id=\"2e413ea7\" data-element_type=\"widget\" data-e-type=\"widget\" data-widget_type=\"heading.default\">\n\t\t\t\t<div class=\"elementor-widget-container\">\n\t\t\t\t\t<h2 class=\"elementor-heading-title elementor-size-default\">La mort i la religi\u00f3<\/h2>\t\t\t\t<\/div>\n\t\t\t\t<\/div>\n\t\t\t\t<div class=\"elementor-element elementor-element-790b0a4a elementor-widget elementor-widget-menu-anchor\" data-id=\"790b0a4a\" data-element_type=\"widget\" data-e-type=\"widget\" data-widget_type=\"menu-anchor.default\">\n\t\t\t\t<div class=\"elementor-widget-container\">\n\t\t\t\t\t\t\t<div class=\"elementor-menu-anchor\" id=\"b2615\"><\/div>\n\t\t\t\t\t\t<\/div>\n\t\t\t\t<\/div>\n\t\t\t\t<div class=\"elementor-element elementor-element-42b980cb elementor-widget elementor-widget-text-editor\" data-id=\"42b980cb\" data-element_type=\"widget\" data-e-type=\"widget\" data-widget_type=\"text-editor.default\">\n\t\t\t\t<div class=\"elementor-widget-container\">\n\t\t\t\t\t\t\t\t\t<p>A trav\u00e9s de l&#8217;estudi de la iconografia se sap que els ibers veneraven a una s\u00e8rie de divinitats com H\u00e8rcules Melkart, Tanit, Astart\u00e9, D\u00e9meter.<\/p><p>Tamb\u00e9 una deessa que sorgeix d&#8217;una flor, i una altra que alleta, totes dues associades a una au: la mateixa que apareix damasquinada en plata en la falcata de Almedinilla que he presentat en l&#8217;apartat d&#8217;orfebreria.<\/p><p>Les escultures de toros, lleons, llops, cavalls, xais i animals fant\u00e0stics, com l&#8217;aixeta o l&#8217;Esfinx, apareixen sobre tombes amb un car\u00e0cter protector del difunt i propiciatoris d&#8217;una regeneraci\u00f3.<\/p><p>Els ibers tamb\u00e9 posse\u00efen santuaris en coves, generalment vinculades a fonts i brolladors, on s&#8217;han trobat multitud d&#8217;ex-vots (figuretes de bronze, fang o pedra).<\/p><p>Moltes de les coves de la Subb\u00e9tica cordovesa van poder haver estat santuaris ib\u00e8rics com el cas de la cova de la murcielaguina a Priego. Tamb\u00e9 posse\u00efen temples com el documentat a Torreparedones (Castro del R\u00edo).<\/p>\t\t\t\t\t\t\t\t<\/div>\n\t\t\t\t<\/div>\n\t\t\t\t<div class=\"elementor-element elementor-element-6e5d3b04 elementor-widget elementor-widget-heading\" data-id=\"6e5d3b04\" data-element_type=\"widget\" data-e-type=\"widget\" data-widget_type=\"heading.default\">\n\t\t\t\t<div class=\"elementor-widget-container\">\n\t\t\t\t\t<h4 class=\"elementor-heading-title elementor-size-default\">Necr\u00f2polis<\/h4>\t\t\t\t<\/div>\n\t\t\t\t<\/div>\n\t\t\t\t<div class=\"elementor-element elementor-element-6eb23eb8 elementor-widget elementor-widget-menu-anchor\" data-id=\"6eb23eb8\" data-element_type=\"widget\" data-e-type=\"widget\" data-widget_type=\"menu-anchor.default\">\n\t\t\t\t<div class=\"elementor-widget-container\">\n\t\t\t\t\t\t\t<div class=\"elementor-menu-anchor\" id=\"b2616\"><\/div>\n\t\t\t\t\t\t<\/div>\n\t\t\t\t<\/div>\n\t\t\t\t<div class=\"elementor-element elementor-element-426a6daa elementor-widget elementor-widget-text-editor\" data-id=\"426a6daa\" data-element_type=\"widget\" data-e-type=\"widget\" data-widget_type=\"text-editor.default\">\n\t\t\t\t<div class=\"elementor-widget-container\">\n\t\t\t\t\t\t\t\t\t<p>Les necr\u00f2polis ib\u00e8riques de El Cerro de la Cruz i els Collados es van excavar durant els anys de 1866 (L. Maraver i Alfaro) i 1903 (P. Paris i A. Engels). En l&#8217;actualitat es desconeix la seva ubicaci\u00f3 exacta.<\/p><p>En aquestes excavacions es van exhumar 253 tombes d&#8217;incineraci\u00f3, per\u00f2 la informaci\u00f3 que van deixar d&#8217;elles (associaci\u00f3 aixovar-tomba, localitzaci\u00f3 exacta, recollida de restes vegetals i animals, ossos humans, morfologia d&#8217;incineracions &#8230;) va ser escass\u00edssima.<\/p><p>Aix\u00ed mateix, a la necr\u00f2polis de El Cerro de la Cruz es va trobar abundant aixovar b\u00e8l\u00b7lic.<\/p>\t\t\t\t\t\t\t\t<\/div>\n\t\t\t\t<\/div>\n\t\t\t\t<div class=\"elementor-element elementor-element-6aad6cb9 elementor-widget elementor-widget-heading\" data-id=\"6aad6cb9\" data-element_type=\"widget\" data-e-type=\"widget\" data-widget_type=\"heading.default\">\n\t\t\t\t<div class=\"elementor-widget-container\">\n\t\t\t\t\t<h3 class=\"elementor-heading-title elementor-size-default\">Enterraments i tombes<\/h3>\t\t\t\t<\/div>\n\t\t\t\t<\/div>\n\t\t\t\t<div class=\"elementor-element elementor-element-1c1cb032 elementor-widget elementor-widget-text-editor\" data-id=\"1c1cb032\" data-element_type=\"widget\" data-e-type=\"widget\" data-widget_type=\"text-editor.default\">\n\t\t\t\t<div class=\"elementor-widget-container\">\n\t\t\t\t\t\t\t\t\t<p>El ritual m\u00e9s est\u00e8s entre la cultura ibera va ser la cremaci\u00f3 del difunt en pira funer\u00e0ria &#8220;<em>ustrinum<\/em>&#8220;. El difunt era cremat amb les seves vestimentes i un cop redu\u00eft a cendres aquestes s&#8217;introdu\u00efen en urnes de cer\u00e0mica.<\/p><p>La major part de les tombes eren un forat a terra (coberts o no amb lloses de pedra) on es dipositaven les urnes i els aixovars.<\/p>\t\t\t\t\t\t\t\t<\/div>\n\t\t\t\t<\/div>\n\t\t\t\t<div class=\"elementor-element elementor-element-52354f2e elementor-widget elementor-widget-image\" data-id=\"52354f2e\" data-element_type=\"widget\" data-e-type=\"widget\" data-widget_type=\"image.default\">\n\t\t\t\t<div class=\"elementor-widget-container\">\n\t\t\t\t\t\t\t\t\t\t\t\t<figure class=\"wp-caption\">\n\t\t\t\t\t\t\t\t\t\t<img loading=\"lazy\" decoding=\"async\" width=\"800\" height=\"533\" src=\"https:\/\/www.elturistatranquil.com\/wp-content\/uploads\/F59-Museo-Historico-Arqueologico-de-Almedinilla-iberos-1.jpg\" class=\"attachment-large size-large wp-image-9874\" alt=\"\" srcset=\"https:\/\/www.elturistatranquil.com\/wp-content\/uploads\/F59-Museo-Historico-Arqueologico-de-Almedinilla-iberos-1.jpg 800w, https:\/\/www.elturistatranquil.com\/wp-content\/uploads\/F59-Museo-Historico-Arqueologico-de-Almedinilla-iberos-1-768x512.jpg 768w\" sizes=\"(max-width: 800px) 100vw, 800px\" \/>\t\t\t\t\t\t\t\t\t\t\t<figcaption class=\"widget-image-caption wp-caption-text\">Mostra d'una tomba al Museu<\/figcaption>\n\t\t\t\t\t\t\t\t\t\t<\/figure>\n\t\t\t\t\t\t\t\t\t<\/div>\n\t\t\t\t<\/div>\n\t\t\t\t<div class=\"elementor-element elementor-element-475a39ae elementor-widget elementor-widget-text-editor\" data-id=\"475a39ae\" data-element_type=\"widget\" data-e-type=\"widget\" data-widget_type=\"text-editor.default\">\n\t\t\t\t<div class=\"elementor-widget-container\">\n\t\t\t\t\t\t\t\t\t<p>Dins de l&#8217;urna, i m\u00e9s freq\u00fcentment al voltant d&#8217;ella, es deixaven els aixovars (espases, llances, objectes dom\u00e8stics &#8230;), aix\u00ed com els recipients (plats, gots &#8230;) amb les ofrenes d&#8217;aliments.<\/p>\t\t\t\t\t\t\t\t<\/div>\n\t\t\t\t<\/div>\n\t\t\t\t<div class=\"elementor-element elementor-element-281138bc elementor-widget elementor-widget-image\" data-id=\"281138bc\" data-element_type=\"widget\" data-e-type=\"widget\" data-widget_type=\"image.default\">\n\t\t\t\t<div class=\"elementor-widget-container\">\n\t\t\t\t\t\t\t\t\t\t\t\t<figure class=\"wp-caption\">\n\t\t\t\t\t\t\t\t\t\t<img loading=\"lazy\" decoding=\"async\" width=\"800\" height=\"533\" src=\"https:\/\/www.elturistatranquil.com\/wp-content\/uploads\/F60-Museo-Historico-Arqueologico-de-Almedinilla-iberos-1.jpg\" class=\"attachment-large size-large wp-image-9876\" alt=\"\" srcset=\"https:\/\/www.elturistatranquil.com\/wp-content\/uploads\/F60-Museo-Historico-Arqueologico-de-Almedinilla-iberos-1.jpg 800w, https:\/\/www.elturistatranquil.com\/wp-content\/uploads\/F60-Museo-Historico-Arqueologico-de-Almedinilla-iberos-1-768x512.jpg 768w\" sizes=\"(max-width: 800px) 100vw, 800px\" \/>\t\t\t\t\t\t\t\t\t\t\t<figcaption class=\"widget-image-caption wp-caption-text\">Representaci\u00f3 de l'interior d'una tomba amb l'aixovar del difunt<\/figcaption>\n\t\t\t\t\t\t\t\t\t\t<\/figure>\n\t\t\t\t\t\t\t\t\t<\/div>\n\t\t\t\t<\/div>\n\t\t\t\t<div class=\"elementor-element elementor-element-7e736316 elementor-widget elementor-widget-image\" data-id=\"7e736316\" data-element_type=\"widget\" data-e-type=\"widget\" data-widget_type=\"image.default\">\n\t\t\t\t<div class=\"elementor-widget-container\">\n\t\t\t\t\t\t\t\t\t\t\t\t<figure class=\"wp-caption\">\n\t\t\t\t\t\t\t\t\t\t<img loading=\"lazy\" decoding=\"async\" width=\"800\" height=\"481\" src=\"https:\/\/www.elturistatranquil.com\/wp-content\/uploads\/F61-Museo-Historico-Arqueologico-de-Almedinilla-iberos-1.jpg\" class=\"attachment-large size-large wp-image-9878\" alt=\"\" srcset=\"https:\/\/www.elturistatranquil.com\/wp-content\/uploads\/F61-Museo-Historico-Arqueologico-de-Almedinilla-iberos-1.jpg 800w, https:\/\/www.elturistatranquil.com\/wp-content\/uploads\/F61-Museo-Historico-Arqueologico-de-Almedinilla-iberos-1-768x462.jpg 768w\" sizes=\"(max-width: 800px) 100vw, 800px\" \/>\t\t\t\t\t\t\t\t\t\t\t<figcaption class=\"widget-image-caption wp-caption-text\">Aixovar d'una tomba. 1. Urna per a la contenci\u00f3 de les cendres del difunt; 2. Plats per contenir aliments d'ofrena al difunt; 3. Ung\u00fcentari; 4. Soliferrum doblegada; 5. Punta de llan\u00e7a; 6. Punta de fletxa<\/figcaption>\n\t\t\t\t\t\t\t\t\t\t<\/figure>\n\t\t\t\t\t\t\t\t\t<\/div>\n\t\t\t\t<\/div>\n\t\t\t\t<div class=\"elementor-element elementor-element-3297c070 elementor-widget elementor-widget-menu-anchor\" data-id=\"3297c070\" data-element_type=\"widget\" data-e-type=\"widget\" data-widget_type=\"menu-anchor.default\">\n\t\t\t\t<div class=\"elementor-widget-container\">\n\t\t\t\t\t\t\t<div class=\"elementor-menu-anchor\" id=\"b2617\"><\/div>\n\t\t\t\t\t\t<\/div>\n\t\t\t\t<\/div>\n\t\t\t\t<div class=\"elementor-element elementor-element-3b7745ec elementor-widget elementor-widget-text-editor\" data-id=\"3b7745ec\" data-element_type=\"widget\" data-e-type=\"widget\" data-widget_type=\"text-editor.default\">\n\t\t\t\t<div class=\"elementor-widget-container\">\n\t\t\t\t\t\t\t\t\t<p>Van ser freq\u00fcents els banquets funeraris amb libacions (segurament de vi o llet amb mel) en honor del difunt &#8220;<em>simposia<\/em>&#8221; on la vaixella emprada s&#8217;acabava destruint i situant en un forat &#8220;<em>silicernium<\/em>&#8220;, com a dip\u00f2sit votiu, al costat de la tomba.<\/p><p>A aquests banquets es podien associar combats rituals i sacrificis.<\/p><p>La inhumaci\u00f3 es reservava nom\u00e9s per a alguns nens, sota els habitatges en els poblats.<\/p><p>Les expressions funer\u00e0ries ib\u00e8riques s\u00f3n fruit d&#8217;una aristocr\u00e0cia que es fa enterrar amb rics aixovars, expressant els seus privilegis fins a la mort.<\/p><p>Aquest costum es va estenent a la resta de la societat i per aix\u00f2 l&#8217;estudi del m\u00f3n funerari permet con\u00e8ixer millor les caracter\u00edstiques de la societat ib\u00e8rica en vida.<\/p>\t\t\t\t\t\t\t\t<\/div>\n\t\t\t\t<\/div>\n\t\t\t\t<div class=\"elementor-element elementor-element-7ecb570c elementor-widget elementor-widget-heading\" data-id=\"7ecb570c\" data-element_type=\"widget\" data-e-type=\"widget\" data-widget_type=\"heading.default\">\n\t\t\t\t<div class=\"elementor-widget-container\">\n\t\t\t\t\t<h2 class=\"elementor-heading-title elementor-size-default\">Guerra i destrucci\u00f3<\/h2>\t\t\t\t<\/div>\n\t\t\t\t<\/div>\n\t\t\t\t<div class=\"elementor-element elementor-element-a5823d7 elementor-widget elementor-widget-text-editor\" data-id=\"a5823d7\" data-element_type=\"widget\" data-e-type=\"widget\" data-widget_type=\"text-editor.default\">\n\t\t\t\t<div class=\"elementor-widget-container\">\n\t\t\t\t\t\t\t\t\t<p>Com he assenyalat al principi, dels indicis obtinguts en les excavacions es dedueix que l&#8217;assentament de El Cerro de la Cruz va patir una violenta destrucci\u00f3.<\/p><p>Durant les excavacions arqueol\u00f2giques es va documentar un estrat cendr\u00f3s que cobreix tot el jaciment i que respon a un incendi violent datat a finals del segle I aC.<\/p><p>El fet d&#8217;haver quedat tot el material sepultat (sense que existissin rebusques posteriors) i el que no es torn\u00e9s edificar en el mateix lloc, ha fet pensar que l&#8217;incendi es va deure a un atac violent relacionat amb la consolidaci\u00f3 del poder de Roma a la zona, possiblement en relaci\u00f3 amb les guerres lusitanes i les revoltes de Viriato contra Roma.<\/p>\t\t\t\t\t\t\t\t<\/div>\n\t\t\t\t<\/div>\n\t\t\t\t<div class=\"elementor-element elementor-element-2610abf1 elementor-widget elementor-widget-image\" data-id=\"2610abf1\" data-element_type=\"widget\" data-e-type=\"widget\" data-widget_type=\"image.default\">\n\t\t\t\t<div class=\"elementor-widget-container\">\n\t\t\t\t\t\t\t\t\t\t\t\t<figure class=\"wp-caption\">\n\t\t\t\t\t\t\t\t\t\t<img loading=\"lazy\" decoding=\"async\" width=\"800\" height=\"324\" src=\"https:\/\/www.elturistatranquil.com\/wp-content\/uploads\/F62-Museo-Historico-Arqueologico-de-Almedinilla-iberos-1.jpg\" class=\"attachment-large size-large wp-image-9880\" alt=\"\" srcset=\"https:\/\/www.elturistatranquil.com\/wp-content\/uploads\/F62-Museo-Historico-Arqueologico-de-Almedinilla-iberos-1.jpg 800w, https:\/\/www.elturistatranquil.com\/wp-content\/uploads\/F62-Museo-Historico-Arqueologico-de-Almedinilla-iberos-1-768x311.jpg 768w\" sizes=\"(max-width: 800px) 100vw, 800px\" \/>\t\t\t\t\t\t\t\t\t\t\t<figcaption class=\"widget-image-caption wp-caption-text\">Diferents materials de El Cerro de la Cruz amb empremtes de l'incendi<\/figcaption>\n\t\t\t\t\t\t\t\t\t\t<\/figure>\n\t\t\t\t\t\t\t\t\t<\/div>\n\t\t\t\t<\/div>\n\t\t\t\t<div class=\"elementor-element elementor-element-4254beb2 elementor-widget elementor-widget-menu-anchor\" data-id=\"4254beb2\" data-element_type=\"widget\" data-e-type=\"widget\" data-widget_type=\"menu-anchor.default\">\n\t\t\t\t<div class=\"elementor-widget-container\">\n\t\t\t\t\t\t\t<div class=\"elementor-menu-anchor\" id=\"b2618\"><\/div>\n\t\t\t\t\t\t<\/div>\n\t\t\t\t<\/div>\n\t\t\t\t<div class=\"elementor-element elementor-element-6275161e elementor-widget elementor-widget-text-editor\" data-id=\"6275161e\" data-element_type=\"widget\" data-e-type=\"widget\" data-widget_type=\"text-editor.default\">\n\t\t\t\t<div class=\"elementor-widget-container\">\n\t\t\t\t\t\t\t\t\t<p>Aix\u00f2 ha perm\u00e8s en els \u00faltims anys d&#8217;investigaci\u00f3 documentar restes humanes al nivell d&#8217;incendi i altres esteses al carrer del poblat amb empremtes de mort violenta, el que corrobora aquesta interpretaci\u00f3.<\/p>\t\t\t\t\t\t\t\t<\/div>\n\t\t\t\t<\/div>\n\t\t\t\t<div class=\"elementor-element elementor-element-7d720e62 elementor-widget elementor-widget-heading\" data-id=\"7d720e62\" data-element_type=\"widget\" data-e-type=\"widget\" data-widget_type=\"heading.default\">\n\t\t\t\t<div class=\"elementor-widget-container\">\n\t\t\t\t\t<h2 class=\"elementor-heading-title elementor-size-default\">Fi de la visita<\/h2>\t\t\t\t<\/div>\n\t\t\t\t<\/div>\n\t\t\t\t<div class=\"elementor-element elementor-element-2e236e51 elementor-widget elementor-widget-menu-anchor\" data-id=\"2e236e51\" data-element_type=\"widget\" data-e-type=\"widget\" data-widget_type=\"menu-anchor.default\">\n\t\t\t\t<div class=\"elementor-widget-container\">\n\t\t\t\t\t\t\t<div class=\"elementor-menu-anchor\" id=\"b2619\"><\/div>\n\t\t\t\t\t\t<\/div>\n\t\t\t\t<\/div>\n\t\t\t\t<div class=\"elementor-element elementor-element-27597366 elementor-widget elementor-widget-text-editor\" data-id=\"27597366\" data-element_type=\"widget\" data-e-type=\"widget\" data-widget_type=\"text-editor.default\">\n\t\t\t\t<div class=\"elementor-widget-container\">\n\t\t\t\t\t\t\t\t\t<p>L&#8217;exist\u00e8ncia d&#8217;un assentament iber a El Cerro de la Cruz es documenta acad\u00e8micament des de mitjan segle XIX. El tipus de praxi arqueol\u00f2gica d&#8217;aquella \u00e8poca, m\u00e9s interessada en el col\u00b7leccionisme muse\u00edstic que en la interpretaci\u00f3 global dels jaciments va fer perdre molta informaci\u00f3, a l&#8217;extrem que no es coneix exactament quina va ser la localitzaci\u00f3 de la necr\u00f2polis.<\/p><p>Alhora, la manca de protecci\u00f3 del patrimoni d&#8217;aquells moments va permetre que molts dels objectes trobats es dispersessin pel m\u00f3n, que actualment impossibilita la seva catalogaci\u00f3.<\/p><p>El que actualment \u00e9s encomiable \u00e9s l&#8217;esfor\u00e7 que fa l&#8217;Ajuntament de Almedinilla per protegir i potenciar el seu patrimoni.<\/p><p>Patrimoni que val la pena ser admirat <em>in situ<\/em> i en la instal\u00b7laci\u00f3 muse\u00edstica que el potencia.<\/p>\t\t\t\t\t\t\t\t<\/div>\n\t\t\t\t<\/div>\n\t\t\t\t<div class=\"elementor-element elementor-element-656e95c2 elementor-widget elementor-widget-heading\" data-id=\"656e95c2\" data-element_type=\"widget\" data-e-type=\"widget\" data-widget_type=\"heading.default\">\n\t\t\t\t<div class=\"elementor-widget-container\">\n\t\t\t\t\t<h2 class=\"elementor-heading-title elementor-size-default\">Bases d\u2019informaci\u00f3<\/h2>\t\t\t\t<\/div>\n\t\t\t\t<\/div>\n\t\t\t\t<div class=\"elementor-element elementor-element-498aa96c elementor-widget elementor-widget-text-editor\" data-id=\"498aa96c\" data-element_type=\"widget\" data-e-type=\"widget\" data-widget_type=\"text-editor.default\">\n\t\t\t\t<div class=\"elementor-widget-container\">\n\t\t\t\t\t\t\t\t\t<p><strong>Webs<\/strong><\/p><p><strong>Poblat iber de El Cerro de la Cruz<\/strong><\/p><p><a href=\"http:\/\/www.iaph.es\/patrimonio-inmueble-andalucia\/resumen.do?id=i6614\" target=\"_blank\" rel=\"noopener\">Poblado ibero de El Cerro de la Cruz. Patrimonio<\/a><\/p><p><a href=\"https:\/\/www.almedinilla.es\/somos\/patrimonio\/cultura\/poblado_ibero_cerro_de_la_cruz\" target=\"_blank\" rel=\"noopener\">Poblado ibero de El Cerro de la Cruz. Ayuntamiento<\/a><\/p><p><a href=\"https:\/\/es.wikipedia.org\/wiki\/Poblado_ib%C3%A9rico_del_Cerro_de_la_Cruz\" target=\"_blank\" rel=\"noopener\">Poblado ibero de El Cerro de la Cruz. Wikipedia<\/a><\/p>\t\t\t\t\t\t\t\t<\/div>\n\t\t\t\t<\/div>\n\t\t\t\t<div class=\"elementor-element elementor-element-4bf161bb elementor-widget elementor-widget-text-editor\" data-id=\"4bf161bb\" data-element_type=\"widget\" data-e-type=\"widget\" data-widget_type=\"text-editor.default\">\n\t\t\t\t<div class=\"elementor-widget-container\">\n\t\t\t\t\t\t\t\t\t<p><strong>Museo Hist\u00f3rico-Arqueol\u00f3gico de Almedinilla<\/strong><\/p><p><a href=\"https:\/\/www.almedinilla.es\/sites\/default\/files\/2-guia_final.pdf_museo_historico_0.pdf\" target=\"_blank\" rel=\"noopener\">Museo Hist\u00f3rico-Arqueol\u00f3gico de Almedinilla<\/a><\/p><p><a href=\"https:\/\/www.almedinilla.es\/contenido\/museo-historico-arqueologico\" target=\"_blank\" rel=\"noopener\">Museo Hist\u00f3rico-Arqueol\u00f3gico. Ayuntamiento<\/a><\/p><p><a href=\"https:\/\/www.almedinilla.es\/somos\/patrimonio\/cultura\/museo_historico__arqueologico\" target=\"_blank\" rel=\"noopener\">Museo Hist\u00f3rico-Arqueol\u00f3gico. Ayuntamiento<\/a><\/p>\t\t\t\t\t\t\t\t<\/div>\n\t\t\t\t<\/div>\n\t\t\t\t<div class=\"elementor-element elementor-element-554a1276 elementor-widget elementor-widget-text-editor\" data-id=\"554a1276\" data-element_type=\"widget\" data-e-type=\"widget\" data-widget_type=\"text-editor.default\">\n\t\t\t\t<div class=\"elementor-widget-container\">\n\t\t\t\t\t\t\t\t\t<p><strong>Web Academic<\/strong><\/p><p>F. Quesada Sanz. <a href=\"https:\/\/helvia.uco.es\/handle\/10396\/2671\" target=\"_blank\" rel=\"noopener\"><em>Notas sobre el armamento ib\u00e9rico de Almedinilla<\/em><\/a><\/p><p>D. Vaquerizo Gil, F. Quesada Sanz, J.F. Murillo Redondo. <a href=\"https:\/\/helvia.uco.es\/handle\/10396\/2659\" target=\"_blank\" rel=\"noopener\"><em>La cer\u00e1mica ib\u00e9rica del &#8220;Cerro de la Cruz&#8221; (Almedinilla, C\u00f3rdoba)<\/em><\/a><\/p><p>F. Quesada Sanz, E. Kavanagh de Prado, M. Lanz Dom\u00ednguez. <a href=\"https:\/\/idus.us.es\/xmlui\/handle\/11441\/18427\" target=\"_blank\" rel=\"noopener\"><em>Los molinos del yacimiento del Cerro de la Cruz (Almedinilla, C\u00f3rdoba): clasificaci\u00f3n y an\u00e1lisis de los ejemplares de \u00e9poca ib\u00e9rica y emiral<\/em><\/a><\/p>\t\t\t\t\t\t\t\t<\/div>\n\t\t\t\t<\/div>\n\t\t\t\t<div class=\"elementor-element elementor-element-13cc0510 elementor-widget elementor-widget-text-editor\" data-id=\"13cc0510\" data-element_type=\"widget\" data-e-type=\"widget\" data-widget_type=\"text-editor.default\">\n\t\t\t\t<div class=\"elementor-widget-container\">\n\t\t\t\t\t\t\t\t\t<p style=\"text-align: right;\">Enlla\u00e7 amb el\u00a0<em>Post:\u00a0<\/em><a href=\"https:\/\/www.elturistatranquil.com\/ca\/la-era-almedinilla-la-subbetica\/\" target=\"_blank\" rel=\"noopener\"><strong>La Era. Almedinilla, La Subb\u00e8tica<\/strong><\/a><\/p>\t\t\t\t\t\t\t\t<\/div>\n\t\t\t\t<\/div>\n\t\t\t\t<div class=\"elementor-element elementor-element-ac0e0fb elementor-widget elementor-widget-text-editor\" data-id=\"ac0e0fb\" data-element_type=\"widget\" data-e-type=\"widget\" data-widget_type=\"text-editor.default\">\n\t\t\t\t<div class=\"elementor-widget-container\">\n\t\t\t\t\t\t\t\t\t<p style=\"text-align: right;\">Enlla\u00e7 amb el\u00a0<em>Post<\/em>:\u00a0<a href=\"https:\/\/www.elturistatranquil.com\/ca\/almedinilla\/\" target=\"_blank\" rel=\"noopener\"><strong>Almedinilla<\/strong><\/a><\/p>\t\t\t\t\t\t\t\t<\/div>\n\t\t\t\t<\/div>\n\t\t\t\t\t<\/div>\n\t\t<\/div>\n\t\t\t\t\t<\/div>\n\t\t<\/section>\n\t\t\t\t<\/div>\n\t\t","protected":false},"excerpt":{"rendered":"<p>La important pres\u00e8ncia ibera a la B\u00e8tica presenta un extraordinari exemple en el Poblat iber de El Cerro de la Cruz a Almedinilla (C\u00f2rdova). Poblat iber de El Cerro de &#8230; <a title=\"Poblat iber de El Cerro de la Cruz (C\u00f2rdova)\" class=\"read-more\" href=\"https:\/\/www.elturistatranquil.com\/ca\/poblat-iber-de-el-cerro-de-la-cruz\/\" aria-label=\"M\u00e9s informaci\u00f3 sobre Poblat iber de El Cerro de la Cruz (C\u00f2rdova)\">[ &#8230; ]<\/a><\/p>\n","protected":false},"author":1,"featured_media":9625,"comment_status":"open","ping_status":"closed","sticky":false,"template":"","format":"standard","meta":{"footnotes":""},"categories":[158,83,86,87,92,97,103,107],"tags":[],"class_list":["post-9758","post","type-post","status-publish","format-standard","has-post-thumbnail","hentry","category-cordova","category-historia-ca","category-islamic","category-joies-al-territori","category-museus","category-preroma","category-roma","category-segle-xx-xxi","infinite-scroll-item","generate-columns","tablet-grid-50","mobile-grid-100","grid-parent","grid-50","no-featured-image-padding"],"yoast_head":"<!-- This site is optimized with the Yoast SEO plugin v27.4 - https:\/\/yoast.com\/product\/yoast-seo-wordpress\/ -->\n<title>Poblat iber de El Cerro de la Cruz (C\u00f2rdova) - El turista tranquil<\/title>\n<meta name=\"description\" content=\"La important pres\u00e8ncia ibera a la B\u00e8tica presenta un extraordinari exemple en el Poblat iber de El Cerro de la Cruz a Almedinilla (C\u00f2rdova).\" \/>\n<meta name=\"robots\" content=\"index, follow, max-snippet:-1, max-image-preview:large, max-video-preview:-1\" \/>\n<link rel=\"canonical\" href=\"https:\/\/www.elturistatranquil.com\/ca\/poblat-iber-de-el-cerro-de-la-cruz\/\" \/>\n<meta property=\"og:locale\" content=\"ca_ES\" \/>\n<meta property=\"og:type\" content=\"article\" \/>\n<meta property=\"og:title\" content=\"Poblat iber de El Cerro de la Cruz (C\u00f2rdova) - El turista tranquil\" \/>\n<meta property=\"og:description\" content=\"La important pres\u00e8ncia ibera a la B\u00e8tica presenta un extraordinari exemple en el Poblat iber de El Cerro de la Cruz a Almedinilla (C\u00f2rdova).\" \/>\n<meta property=\"og:url\" content=\"https:\/\/www.elturistatranquil.com\/ca\/poblat-iber-de-el-cerro-de-la-cruz\/\" \/>\n<meta property=\"og:site_name\" content=\"El turista tranquil\" \/>\n<meta property=\"article:publisher\" content=\"https:\/\/www.facebook.com\/elturistatranquilo\/\" \/>\n<meta property=\"article:published_time\" content=\"2018-11-24T09:15:28+00:00\" \/>\n<meta property=\"article:modified_time\" content=\"2025-08-04T17:40:16+00:00\" \/>\n<meta property=\"og:image\" content=\"https:\/\/www.elturistatranquil.com\/wp-content\/uploads\/F01-Cer\u00e1mica-bastetana-Almedinilla.jpg\" \/>\n\t<meta property=\"og:image:width\" content=\"800\" \/>\n\t<meta property=\"og:image:height\" content=\"534\" \/>\n\t<meta property=\"og:image:type\" content=\"image\/jpeg\" \/>\n<meta name=\"author\" content=\"admin\" \/>\n<meta name=\"twitter:card\" content=\"summary_large_image\" \/>\n<meta name=\"twitter:label1\" content=\"Escrit per\" \/>\n\t<meta name=\"twitter:data1\" content=\"admin\" \/>\n\t<meta name=\"twitter:label2\" content=\"Temps estimat de lectura\" \/>\n\t<meta name=\"twitter:data2\" content=\"19 minuts\" \/>\n<script type=\"application\/ld+json\" class=\"yoast-schema-graph\">{\"@context\":\"https:\\\/\\\/schema.org\",\"@graph\":[{\"@type\":\"Article\",\"@id\":\"https:\\\/\\\/www.elturistatranquil.com\\\/ca\\\/poblat-iber-de-el-cerro-de-la-cruz\\\/#article\",\"isPartOf\":{\"@id\":\"https:\\\/\\\/www.elturistatranquil.com\\\/ca\\\/poblat-iber-de-el-cerro-de-la-cruz\\\/\"},\"author\":{\"name\":\"admin\",\"@id\":\"https:\\\/\\\/www.elturistatranquil.com\\\/ca\\\/#\\\/schema\\\/person\\\/16f607c3079b96ed0c530a52e6b58bb5\"},\"headline\":\"Poblat iber de El Cerro de la Cruz (C\u00f2rdova)\",\"datePublished\":\"2018-11-24T09:15:28+00:00\",\"dateModified\":\"2025-08-04T17:40:16+00:00\",\"mainEntityOfPage\":{\"@id\":\"https:\\\/\\\/www.elturistatranquil.com\\\/ca\\\/poblat-iber-de-el-cerro-de-la-cruz\\\/\"},\"wordCount\":3906,\"commentCount\":0,\"image\":{\"@id\":\"https:\\\/\\\/www.elturistatranquil.com\\\/ca\\\/poblat-iber-de-el-cerro-de-la-cruz\\\/#primaryimage\"},\"thumbnailUrl\":\"https:\\\/\\\/www.elturistatranquil.com\\\/wp-content\\\/uploads\\\/F01-Cer\u00e1mica-bastetana-Almedinilla.jpg\",\"articleSection\":[\"C\u00f2rdova\",\"Hist\u00f2ria\",\"Isl\u00e0mic\",\"Joies al territori\",\"Museus\",\"Prerom\u00e0\",\"Rom\u00e0\",\"Segle XX-XXI\"],\"inLanguage\":\"ca\",\"potentialAction\":[{\"@type\":\"CommentAction\",\"name\":\"Comment\",\"target\":[\"https:\\\/\\\/www.elturistatranquil.com\\\/ca\\\/poblat-iber-de-el-cerro-de-la-cruz\\\/#respond\"]}]},{\"@type\":\"WebPage\",\"@id\":\"https:\\\/\\\/www.elturistatranquil.com\\\/ca\\\/poblat-iber-de-el-cerro-de-la-cruz\\\/\",\"url\":\"https:\\\/\\\/www.elturistatranquil.com\\\/ca\\\/poblat-iber-de-el-cerro-de-la-cruz\\\/\",\"name\":\"Poblat iber de El Cerro de la Cruz (C\u00f2rdova) - El turista tranquil\",\"isPartOf\":{\"@id\":\"https:\\\/\\\/www.elturistatranquil.com\\\/ca\\\/#website\"},\"primaryImageOfPage\":{\"@id\":\"https:\\\/\\\/www.elturistatranquil.com\\\/ca\\\/poblat-iber-de-el-cerro-de-la-cruz\\\/#primaryimage\"},\"image\":{\"@id\":\"https:\\\/\\\/www.elturistatranquil.com\\\/ca\\\/poblat-iber-de-el-cerro-de-la-cruz\\\/#primaryimage\"},\"thumbnailUrl\":\"https:\\\/\\\/www.elturistatranquil.com\\\/wp-content\\\/uploads\\\/F01-Cer\u00e1mica-bastetana-Almedinilla.jpg\",\"datePublished\":\"2018-11-24T09:15:28+00:00\",\"dateModified\":\"2025-08-04T17:40:16+00:00\",\"author\":{\"@id\":\"https:\\\/\\\/www.elturistatranquil.com\\\/ca\\\/#\\\/schema\\\/person\\\/16f607c3079b96ed0c530a52e6b58bb5\"},\"description\":\"La important pres\u00e8ncia ibera a la B\u00e8tica presenta un extraordinari exemple en el Poblat iber de El Cerro de la Cruz a Almedinilla (C\u00f2rdova).\",\"breadcrumb\":{\"@id\":\"https:\\\/\\\/www.elturistatranquil.com\\\/ca\\\/poblat-iber-de-el-cerro-de-la-cruz\\\/#breadcrumb\"},\"inLanguage\":\"ca\",\"potentialAction\":[{\"@type\":\"ReadAction\",\"target\":[\"https:\\\/\\\/www.elturistatranquil.com\\\/ca\\\/poblat-iber-de-el-cerro-de-la-cruz\\\/\"]}]},{\"@type\":\"ImageObject\",\"inLanguage\":\"ca\",\"@id\":\"https:\\\/\\\/www.elturistatranquil.com\\\/ca\\\/poblat-iber-de-el-cerro-de-la-cruz\\\/#primaryimage\",\"url\":\"https:\\\/\\\/www.elturistatranquil.com\\\/wp-content\\\/uploads\\\/F01-Cer\u00e1mica-bastetana-Almedinilla.jpg\",\"contentUrl\":\"https:\\\/\\\/www.elturistatranquil.com\\\/wp-content\\\/uploads\\\/F01-Cer\u00e1mica-bastetana-Almedinilla.jpg\",\"width\":800,\"height\":534,\"caption\":\"Cer\u00e1mica bastetana Almedinilla\"},{\"@type\":\"BreadcrumbList\",\"@id\":\"https:\\\/\\\/www.elturistatranquil.com\\\/ca\\\/poblat-iber-de-el-cerro-de-la-cruz\\\/#breadcrumb\",\"itemListElement\":[{\"@type\":\"ListItem\",\"position\":1,\"name\":\"Portada\",\"item\":\"https:\\\/\\\/www.elturistatranquil.com\\\/ca\\\/\"},{\"@type\":\"ListItem\",\"position\":2,\"name\":\"Poblat iber de El Cerro de la Cruz (C\u00f2rdova)\"}]},{\"@type\":\"WebSite\",\"@id\":\"https:\\\/\\\/www.elturistatranquil.com\\\/ca\\\/#website\",\"url\":\"https:\\\/\\\/www.elturistatranquil.com\\\/ca\\\/\",\"name\":\"El turista tranquil\",\"description\":\"Blog de viatges\",\"potentialAction\":[{\"@type\":\"SearchAction\",\"target\":{\"@type\":\"EntryPoint\",\"urlTemplate\":\"https:\\\/\\\/www.elturistatranquil.com\\\/ca\\\/?s={search_term_string}\"},\"query-input\":{\"@type\":\"PropertyValueSpecification\",\"valueRequired\":true,\"valueName\":\"search_term_string\"}}],\"inLanguage\":\"ca\"},{\"@type\":\"Person\",\"@id\":\"https:\\\/\\\/www.elturistatranquil.com\\\/ca\\\/#\\\/schema\\\/person\\\/16f607c3079b96ed0c530a52e6b58bb5\",\"name\":\"admin\",\"image\":{\"@type\":\"ImageObject\",\"inLanguage\":\"ca\",\"@id\":\"https:\\\/\\\/secure.gravatar.com\\\/avatar\\\/1fbaf22aee75fcbb29a2f97b107f95d25d3a19b7c3416105be10269872673e8d?s=96&d=mm&r=g\",\"url\":\"https:\\\/\\\/secure.gravatar.com\\\/avatar\\\/1fbaf22aee75fcbb29a2f97b107f95d25d3a19b7c3416105be10269872673e8d?s=96&d=mm&r=g\",\"contentUrl\":\"https:\\\/\\\/secure.gravatar.com\\\/avatar\\\/1fbaf22aee75fcbb29a2f97b107f95d25d3a19b7c3416105be10269872673e8d?s=96&d=mm&r=g\",\"caption\":\"admin\"}}]}<\/script>\n<!-- \/ Yoast SEO plugin. -->","yoast_head_json":{"title":"Poblat iber de El Cerro de la Cruz (C\u00f2rdova) - El turista tranquil","description":"La important pres\u00e8ncia ibera a la B\u00e8tica presenta un extraordinari exemple en el Poblat iber de El Cerro de la Cruz a Almedinilla (C\u00f2rdova).","robots":{"index":"index","follow":"follow","max-snippet":"max-snippet:-1","max-image-preview":"max-image-preview:large","max-video-preview":"max-video-preview:-1"},"canonical":"https:\/\/www.elturistatranquil.com\/ca\/poblat-iber-de-el-cerro-de-la-cruz\/","og_locale":"ca_ES","og_type":"article","og_title":"Poblat iber de El Cerro de la Cruz (C\u00f2rdova) - El turista tranquil","og_description":"La important pres\u00e8ncia ibera a la B\u00e8tica presenta un extraordinari exemple en el Poblat iber de El Cerro de la Cruz a Almedinilla (C\u00f2rdova).","og_url":"https:\/\/www.elturistatranquil.com\/ca\/poblat-iber-de-el-cerro-de-la-cruz\/","og_site_name":"El turista tranquil","article_publisher":"https:\/\/www.facebook.com\/elturistatranquilo\/","article_published_time":"2018-11-24T09:15:28+00:00","article_modified_time":"2025-08-04T17:40:16+00:00","og_image":[{"width":800,"height":534,"url":"https:\/\/www.elturistatranquil.com\/wp-content\/uploads\/F01-Cer\u00e1mica-bastetana-Almedinilla.jpg","type":"image\/jpeg"}],"author":"admin","twitter_card":"summary_large_image","twitter_misc":{"Escrit per":"admin","Temps estimat de lectura":"19 minuts"},"schema":{"@context":"https:\/\/schema.org","@graph":[{"@type":"Article","@id":"https:\/\/www.elturistatranquil.com\/ca\/poblat-iber-de-el-cerro-de-la-cruz\/#article","isPartOf":{"@id":"https:\/\/www.elturistatranquil.com\/ca\/poblat-iber-de-el-cerro-de-la-cruz\/"},"author":{"name":"admin","@id":"https:\/\/www.elturistatranquil.com\/ca\/#\/schema\/person\/16f607c3079b96ed0c530a52e6b58bb5"},"headline":"Poblat iber de El Cerro de la Cruz (C\u00f2rdova)","datePublished":"2018-11-24T09:15:28+00:00","dateModified":"2025-08-04T17:40:16+00:00","mainEntityOfPage":{"@id":"https:\/\/www.elturistatranquil.com\/ca\/poblat-iber-de-el-cerro-de-la-cruz\/"},"wordCount":3906,"commentCount":0,"image":{"@id":"https:\/\/www.elturistatranquil.com\/ca\/poblat-iber-de-el-cerro-de-la-cruz\/#primaryimage"},"thumbnailUrl":"https:\/\/www.elturistatranquil.com\/wp-content\/uploads\/F01-Cer\u00e1mica-bastetana-Almedinilla.jpg","articleSection":["C\u00f2rdova","Hist\u00f2ria","Isl\u00e0mic","Joies al territori","Museus","Prerom\u00e0","Rom\u00e0","Segle XX-XXI"],"inLanguage":"ca","potentialAction":[{"@type":"CommentAction","name":"Comment","target":["https:\/\/www.elturistatranquil.com\/ca\/poblat-iber-de-el-cerro-de-la-cruz\/#respond"]}]},{"@type":"WebPage","@id":"https:\/\/www.elturistatranquil.com\/ca\/poblat-iber-de-el-cerro-de-la-cruz\/","url":"https:\/\/www.elturistatranquil.com\/ca\/poblat-iber-de-el-cerro-de-la-cruz\/","name":"Poblat iber de El Cerro de la Cruz (C\u00f2rdova) - El turista tranquil","isPartOf":{"@id":"https:\/\/www.elturistatranquil.com\/ca\/#website"},"primaryImageOfPage":{"@id":"https:\/\/www.elturistatranquil.com\/ca\/poblat-iber-de-el-cerro-de-la-cruz\/#primaryimage"},"image":{"@id":"https:\/\/www.elturistatranquil.com\/ca\/poblat-iber-de-el-cerro-de-la-cruz\/#primaryimage"},"thumbnailUrl":"https:\/\/www.elturistatranquil.com\/wp-content\/uploads\/F01-Cer\u00e1mica-bastetana-Almedinilla.jpg","datePublished":"2018-11-24T09:15:28+00:00","dateModified":"2025-08-04T17:40:16+00:00","author":{"@id":"https:\/\/www.elturistatranquil.com\/ca\/#\/schema\/person\/16f607c3079b96ed0c530a52e6b58bb5"},"description":"La important pres\u00e8ncia ibera a la B\u00e8tica presenta un extraordinari exemple en el Poblat iber de El Cerro de la Cruz a Almedinilla (C\u00f2rdova).","breadcrumb":{"@id":"https:\/\/www.elturistatranquil.com\/ca\/poblat-iber-de-el-cerro-de-la-cruz\/#breadcrumb"},"inLanguage":"ca","potentialAction":[{"@type":"ReadAction","target":["https:\/\/www.elturistatranquil.com\/ca\/poblat-iber-de-el-cerro-de-la-cruz\/"]}]},{"@type":"ImageObject","inLanguage":"ca","@id":"https:\/\/www.elturistatranquil.com\/ca\/poblat-iber-de-el-cerro-de-la-cruz\/#primaryimage","url":"https:\/\/www.elturistatranquil.com\/wp-content\/uploads\/F01-Cer\u00e1mica-bastetana-Almedinilla.jpg","contentUrl":"https:\/\/www.elturistatranquil.com\/wp-content\/uploads\/F01-Cer\u00e1mica-bastetana-Almedinilla.jpg","width":800,"height":534,"caption":"Cer\u00e1mica bastetana Almedinilla"},{"@type":"BreadcrumbList","@id":"https:\/\/www.elturistatranquil.com\/ca\/poblat-iber-de-el-cerro-de-la-cruz\/#breadcrumb","itemListElement":[{"@type":"ListItem","position":1,"name":"Portada","item":"https:\/\/www.elturistatranquil.com\/ca\/"},{"@type":"ListItem","position":2,"name":"Poblat iber de El Cerro de la Cruz (C\u00f2rdova)"}]},{"@type":"WebSite","@id":"https:\/\/www.elturistatranquil.com\/ca\/#website","url":"https:\/\/www.elturistatranquil.com\/ca\/","name":"El turista tranquil","description":"Blog de viatges","potentialAction":[{"@type":"SearchAction","target":{"@type":"EntryPoint","urlTemplate":"https:\/\/www.elturistatranquil.com\/ca\/?s={search_term_string}"},"query-input":{"@type":"PropertyValueSpecification","valueRequired":true,"valueName":"search_term_string"}}],"inLanguage":"ca"},{"@type":"Person","@id":"https:\/\/www.elturistatranquil.com\/ca\/#\/schema\/person\/16f607c3079b96ed0c530a52e6b58bb5","name":"admin","image":{"@type":"ImageObject","inLanguage":"ca","@id":"https:\/\/secure.gravatar.com\/avatar\/1fbaf22aee75fcbb29a2f97b107f95d25d3a19b7c3416105be10269872673e8d?s=96&d=mm&r=g","url":"https:\/\/secure.gravatar.com\/avatar\/1fbaf22aee75fcbb29a2f97b107f95d25d3a19b7c3416105be10269872673e8d?s=96&d=mm&r=g","contentUrl":"https:\/\/secure.gravatar.com\/avatar\/1fbaf22aee75fcbb29a2f97b107f95d25d3a19b7c3416105be10269872673e8d?s=96&d=mm&r=g","caption":"admin"}}]}},"_links":{"self":[{"href":"https:\/\/www.elturistatranquil.com\/ca\/wp-json\/wp\/v2\/posts\/9758","targetHints":{"allow":["GET"]}}],"collection":[{"href":"https:\/\/www.elturistatranquil.com\/ca\/wp-json\/wp\/v2\/posts"}],"about":[{"href":"https:\/\/www.elturistatranquil.com\/ca\/wp-json\/wp\/v2\/types\/post"}],"author":[{"embeddable":true,"href":"https:\/\/www.elturistatranquil.com\/ca\/wp-json\/wp\/v2\/users\/1"}],"replies":[{"embeddable":true,"href":"https:\/\/www.elturistatranquil.com\/ca\/wp-json\/wp\/v2\/comments?post=9758"}],"version-history":[{"count":1,"href":"https:\/\/www.elturistatranquil.com\/ca\/wp-json\/wp\/v2\/posts\/9758\/revisions"}],"predecessor-version":[{"id":60786,"href":"https:\/\/www.elturistatranquil.com\/ca\/wp-json\/wp\/v2\/posts\/9758\/revisions\/60786"}],"wp:featuredmedia":[{"embeddable":true,"href":"https:\/\/www.elturistatranquil.com\/ca\/wp-json\/wp\/v2\/media\/9625"}],"wp:attachment":[{"href":"https:\/\/www.elturistatranquil.com\/ca\/wp-json\/wp\/v2\/media?parent=9758"}],"wp:term":[{"taxonomy":"category","embeddable":true,"href":"https:\/\/www.elturistatranquil.com\/ca\/wp-json\/wp\/v2\/categories?post=9758"},{"taxonomy":"post_tag","embeddable":true,"href":"https:\/\/www.elturistatranquil.com\/ca\/wp-json\/wp\/v2\/tags?post=9758"}],"curies":[{"name":"wp","href":"https:\/\/api.w.org\/{rel}","templated":true}]}}