{"id":9919,"date":"2018-03-09T13:00:17","date_gmt":"2018-03-09T12:00:17","guid":{"rendered":"https:\/\/www.elturistatranquil.com\/?p=9919"},"modified":"2021-05-19T10:16:42","modified_gmt":"2021-05-19T08:16:42","slug":"esglesia-de-santa-maria-de-barbera-del-valles-la-romanica","status":"publish","type":"post","link":"https:\/\/www.elturistatranquil.com\/ca\/esglesia-de-santa-maria-de-barbera-del-valles-la-romanica\/","title":{"rendered":"Esgl\u00e9sia de Santa Maria de Barber\u00e0 del Vall\u00e8s: La Rom\u00e0nica (Barcelona)"},"content":{"rendered":"\t\t<div data-elementor-type=\"wp-post\" data-elementor-id=\"9919\" class=\"elementor elementor-9919 elementor-1231\" data-elementor-post-type=\"post\">\n\t\t\t\t\t\t<section class=\"elementor-section elementor-top-section elementor-element elementor-element-6e47f16d elementor-section-boxed elementor-section-height-default elementor-section-height-default\" data-id=\"6e47f16d\" data-element_type=\"section\" data-e-type=\"section\">\n\t\t\t\t\t\t<div class=\"elementor-container elementor-column-gap-default\">\n\t\t\t\t\t<div class=\"elementor-column elementor-col-100 elementor-top-column elementor-element elementor-element-2a6df012\" data-id=\"2a6df012\" data-element_type=\"column\" data-e-type=\"column\">\n\t\t\t<div class=\"elementor-widget-wrap elementor-element-populated\">\n\t\t\t\t\t\t<section class=\"elementor-section elementor-inner-section elementor-element elementor-element-43a04cc4 elementor-section-content-middle elementor-section-boxed elementor-section-height-default elementor-section-height-default\" data-id=\"43a04cc4\" data-element_type=\"section\" data-e-type=\"section\">\n\t\t\t\t\t\t<div class=\"elementor-container elementor-column-gap-default\">\n\t\t\t\t\t<div class=\"elementor-column elementor-col-100 elementor-inner-column elementor-element elementor-element-159dccc3\" data-id=\"159dccc3\" data-element_type=\"column\" data-e-type=\"column\">\n\t\t\t<div class=\"elementor-widget-wrap elementor-element-populated\">\n\t\t\t\t\t\t<div class=\"elementor-element elementor-element-1d4b8434 elementor-widget elementor-widget-text-editor\" data-id=\"1d4b8434\" data-element_type=\"widget\" data-e-type=\"widget\" data-widget_type=\"text-editor.default\">\n\t\t\t\t<div class=\"elementor-widget-container\">\n\t\t\t\t\t\t\t\t\t<p>L&#8217;<em>Esgl\u00e9sia de Santa Maria de Barber\u00e0<\/em> (Barcelona) \u00e9s una joia rom\u00e0nica en un entorn urb\u00e0. En ella es troba un dels pocs exemples de pintures murals <em>in situ<\/em> del rom\u00e0nic catal\u00e0.<\/p>\t\t\t\t\t\t\t\t<\/div>\n\t\t\t\t<\/div>\n\t\t\t\t\t<\/div>\n\t\t<\/div>\n\t\t\t\t\t<\/div>\n\t\t<\/section>\n\t\t\t\t<div class=\"elementor-element elementor-element-184349fc elementor-widget elementor-widget-heading\" data-id=\"184349fc\" data-element_type=\"widget\" data-e-type=\"widget\" data-widget_type=\"heading.default\">\n\t\t\t\t<div class=\"elementor-widget-container\">\n\t\t\t\t\t<h1 class=\"elementor-heading-title elementor-size-default\">Esgl\u00e9sia de Santa Maria de Barber\u00e0 del Vall\u00e8s: La Rom\u00e0nica<\/h1>\t\t\t\t<\/div>\n\t\t\t\t<\/div>\n\t\t\t\t\t<\/div>\n\t\t<\/div>\n\t\t\t\t\t<\/div>\n\t\t<\/section>\n\t\t\t\t<section class=\"elementor-section elementor-top-section elementor-element elementor-element-45acb534 elementor-section-boxed elementor-section-height-default elementor-section-height-default\" data-id=\"45acb534\" data-element_type=\"section\" data-e-type=\"section\">\n\t\t\t\t\t\t<div class=\"elementor-container elementor-column-gap-default\">\n\t\t\t\t\t<div class=\"elementor-column elementor-col-100 elementor-top-column elementor-element elementor-element-6ac80c06\" data-id=\"6ac80c06\" data-element_type=\"column\" data-e-type=\"column\">\n\t\t\t<div class=\"elementor-widget-wrap elementor-element-populated\">\n\t\t\t\t\t\t<div class=\"elementor-element elementor-element-d955e4e elementor-widget elementor-widget-image\" data-id=\"d955e4e\" data-element_type=\"widget\" data-e-type=\"widget\" data-widget_type=\"image.default\">\n\t\t\t\t<div class=\"elementor-widget-container\">\n\t\t\t\t\t\t\t\t\t\t\t\t\t\t\t<img fetchpriority=\"high\" decoding=\"async\" width=\"800\" height=\"534\" src=\"https:\/\/www.elturistatranquil.com\/wp-content\/uploads\/F01-Iglesia-romanica-de-Santa-Maria-de-Barbera-del-Valles.jpg\" class=\"attachment-large size-large wp-image-35592\" alt=\"Iglesia-rom\u00e1nica-de-Santa-Mar\u00eda-de-Barber\u00e0-del-Vall\u00e8s\" srcset=\"https:\/\/www.elturistatranquil.com\/wp-content\/uploads\/F01-Iglesia-romanica-de-Santa-Maria-de-Barbera-del-Valles.jpg 800w, https:\/\/www.elturistatranquil.com\/wp-content\/uploads\/F01-Iglesia-romanica-de-Santa-Maria-de-Barbera-del-Valles-339x226.jpg 339w, https:\/\/www.elturistatranquil.com\/wp-content\/uploads\/F01-Iglesia-romanica-de-Santa-Maria-de-Barbera-del-Valles-768x513.jpg 768w\" sizes=\"(max-width: 800px) 100vw, 800px\" \/>\t\t\t\t\t\t\t\t\t\t\t\t\t\t\t<\/div>\n\t\t\t\t<\/div>\n\t\t\t\t<div class=\"elementor-element elementor-element-402d681c elementor-widget elementor-widget-spacer\" data-id=\"402d681c\" data-element_type=\"widget\" data-e-type=\"widget\" data-widget_type=\"spacer.default\">\n\t\t\t\t<div class=\"elementor-widget-container\">\n\t\t\t\t\t\t\t<div class=\"elementor-spacer\">\n\t\t\t<div class=\"elementor-spacer-inner\"><\/div>\n\t\t<\/div>\n\t\t\t\t\t\t<\/div>\n\t\t\t\t<\/div>\n\t\t\t\t<div class=\"elementor-element elementor-element-29e7aca5 elementor-widget elementor-widget-heading\" data-id=\"29e7aca5\" data-element_type=\"widget\" data-e-type=\"widget\" data-widget_type=\"heading.default\">\n\t\t\t\t<div class=\"elementor-widget-container\">\n\t\t\t\t\t<h2 class=\"elementor-heading-title elementor-size-default\">Esgl\u00e9sia de Santa Maria de Barber\u00e0 del Vall\u00e8s: La Rom\u00e0nica. Vall\u00e8s Occidental. Barcelona\n<\/h2>\t\t\t\t<\/div>\n\t\t\t\t<\/div>\n\t\t\t\t<section class=\"elementor-section elementor-inner-section elementor-element elementor-element-727b324d elementor-section-boxed elementor-section-height-default elementor-section-height-default\" data-id=\"727b324d\" data-element_type=\"section\" data-e-type=\"section\" data-settings=\"{&quot;background_background&quot;:&quot;classic&quot;}\">\n\t\t\t\t\t\t<div class=\"elementor-container elementor-column-gap-default\">\n\t\t\t\t\t<div class=\"elementor-column elementor-col-100 elementor-inner-column elementor-element elementor-element-64c39cbc\" data-id=\"64c39cbc\" data-element_type=\"column\" data-e-type=\"column\">\n\t\t\t<div class=\"elementor-widget-wrap elementor-element-populated\">\n\t\t\t\t\t\t<div class=\"elementor-element elementor-element-2ee5dbf3 elementor-widget elementor-widget-text-editor\" data-id=\"2ee5dbf3\" data-element_type=\"widget\" data-e-type=\"widget\" data-widget_type=\"text-editor.default\">\n\t\t\t\t<div class=\"elementor-widget-container\">\n\t\t\t\t\t\t\t\t\t<p>Ronda\u00a0Santa Maria\u00a0s\/n 08210, Barber\u00e0 del Vall\u00e8s, Vall\u00e8s Occidental,\u00a0 Barcelona<\/p>\t\t\t\t\t\t\t\t<\/div>\n\t\t\t\t<\/div>\n\t\t\t\t<div class=\"elementor-element elementor-element-b8c8ee5 elementor-widget elementor-widget-text-editor\" data-id=\"b8c8ee5\" data-element_type=\"widget\" data-e-type=\"widget\" data-widget_type=\"text-editor.default\">\n\t\t\t\t<div class=\"elementor-widget-container\">\n\t\t\t\t\t\t\t\t\t<p>Tel\u00e8fon: +34 93 711 2101<\/p>\t\t\t\t\t\t\t\t<\/div>\n\t\t\t\t<\/div>\n\t\t\t\t<div class=\"elementor-element elementor-element-47b4260 elementor-widget elementor-widget-text-editor\" data-id=\"47b4260\" data-element_type=\"widget\" data-e-type=\"widget\" data-widget_type=\"text-editor.default\">\n\t\t\t\t<div class=\"elementor-widget-container\">\n\t\t\t\t\t\t\t\t\t<p>Coordenades: 41\u00b031\u203237\u2033N 2\u00b007\u203236\u2033E.<\/p>\t\t\t\t\t\t\t\t<\/div>\n\t\t\t\t<\/div>\n\t\t\t\t\t<\/div>\n\t\t<\/div>\n\t\t\t\t\t<\/div>\n\t\t<\/section>\n\t\t\t\t<div class=\"elementor-element elementor-element-6d1e9702 elementor-widget elementor-widget-image\" data-id=\"6d1e9702\" data-element_type=\"widget\" data-e-type=\"widget\" data-widget_type=\"image.default\">\n\t\t\t\t<div class=\"elementor-widget-container\">\n\t\t\t\t\t\t\t\t\t\t\t\t<figure class=\"wp-caption\">\n\t\t\t\t\t\t\t\t\t\t<img decoding=\"async\" width=\"768\" height=\"512\" src=\"https:\/\/www.elturistatranquil.com\/wp-content\/uploads\/0c-Mapa-de-localitzacio-Google-maps-2021-05-19.jpg\" class=\"attachment-medium_large size-medium_large wp-image-35585\" alt=\"Mapa de localitzaci\u00f3 (Google maps 2021-05-19)\" srcset=\"https:\/\/www.elturistatranquil.com\/wp-content\/uploads\/0c-Mapa-de-localitzacio-Google-maps-2021-05-19.jpg 768w, https:\/\/www.elturistatranquil.com\/wp-content\/uploads\/0c-Mapa-de-localitzacio-Google-maps-2021-05-19-339x226.jpg 339w\" sizes=\"(max-width: 768px) 100vw, 768px\" \/>\t\t\t\t\t\t\t\t\t\t\t<figcaption class=\"widget-image-caption wp-caption-text\">Mapa de localitzaci\u00f3 (Google maps 2021-05-19)<\/figcaption>\n\t\t\t\t\t\t\t\t\t\t<\/figure>\n\t\t\t\t\t\t\t\t\t<\/div>\n\t\t\t\t<\/div>\n\t\t\t\t<section class=\"elementor-section elementor-inner-section elementor-element elementor-element-783eef21 elementor-section-boxed elementor-section-height-default elementor-section-height-default\" data-id=\"783eef21\" data-element_type=\"section\" data-e-type=\"section\" data-settings=\"{&quot;background_background&quot;:&quot;classic&quot;}\">\n\t\t\t\t\t\t<div class=\"elementor-container elementor-column-gap-default\">\n\t\t\t\t\t<div class=\"elementor-column elementor-col-100 elementor-inner-column elementor-element elementor-element-58d649a\" data-id=\"58d649a\" data-element_type=\"column\" data-e-type=\"column\">\n\t\t\t<div class=\"elementor-widget-wrap elementor-element-populated\">\n\t\t\t\t\t\t<div class=\"elementor-element elementor-element-7c16ee79 elementor-widget elementor-widget-text-editor\" data-id=\"7c16ee79\" data-element_type=\"widget\" data-e-type=\"widget\" data-widget_type=\"text-editor.default\">\n\t\t\t\t<div class=\"elementor-widget-container\">\n\t\t\t\t\t\t\t\t\t<h6><strong>\u00cdndex<\/strong><\/h6>\t\t\t\t\t\t\t\t<\/div>\n\t\t\t\t<\/div>\n\t\t\t\t<div class=\"elementor-element elementor-element-35b2e97 elementor-widget elementor-widget-text-editor\" data-id=\"35b2e97\" data-element_type=\"widget\" data-e-type=\"widget\" data-widget_type=\"text-editor.default\">\n\t\t\t\t<div class=\"elementor-widget-container\">\n\t\t\t\t\t\t\t\t\t<p><a href=\"https:\/\/www.elturistatranquil.com\/ca\/esglesia-de-santa-maria-de-barbera-del-valles\/#b0101\">Esgl\u00e9sia de Santa Maria de Barber\u00e0 del Vall\u00e9s<\/a><\/p>\t\t\t\t\t\t\t\t<\/div>\n\t\t\t\t<\/div>\n\t\t\t\t<div class=\"elementor-element elementor-element-f80c18b elementor-widget elementor-widget-text-editor\" data-id=\"f80c18b\" data-element_type=\"widget\" data-e-type=\"widget\" data-widget_type=\"text-editor.default\">\n\t\t\t\t<div class=\"elementor-widget-container\">\n\t\t\t\t\t\t\t\t\t<p style=\"padding-left: 30px;\"><a href=\"https:\/\/www.elturistatranquil.com\/ca\/esglesia-de-santa-maria-de-barbera-del-valles\/#b0102\">Noticies hist\u00f2tiques<\/a><\/p>\t\t\t\t\t\t\t\t<\/div>\n\t\t\t\t<\/div>\n\t\t\t\t<div class=\"elementor-element elementor-element-0085cc2 elementor-widget elementor-widget-text-editor\" data-id=\"0085cc2\" data-element_type=\"widget\" data-e-type=\"widget\" data-widget_type=\"text-editor.default\">\n\t\t\t\t<div class=\"elementor-widget-container\">\n\t\t\t\t\t\t\t\t\t<p style=\"padding-left: 30px;\"><a href=\"https:\/\/www.elturistatranquil.com\/ca\/esglesia-de-santa-maria-de-barbera-del-valles\/#b0103\">L&#8217;edifici<\/a><\/p>\t\t\t\t\t\t\t\t<\/div>\n\t\t\t\t<\/div>\n\t\t\t\t<div class=\"elementor-element elementor-element-d26a7d8 elementor-widget elementor-widget-text-editor\" data-id=\"d26a7d8\" data-element_type=\"widget\" data-e-type=\"widget\" data-widget_type=\"text-editor.default\">\n\t\t\t\t<div class=\"elementor-widget-container\">\n\t\t\t\t\t\t\t\t\t<p style=\"padding-left: 30px;\"><a href=\"https:\/\/www.elturistatranquil.com\/ca\/esglesia-de-santa-maria-de-barbera-del-valles\/#b0104\">Pintures murals<\/a><\/p>\t\t\t\t\t\t\t\t<\/div>\n\t\t\t\t<\/div>\n\t\t\t\t<div class=\"elementor-element elementor-element-f8347e7 elementor-widget elementor-widget-text-editor\" data-id=\"f8347e7\" data-element_type=\"widget\" data-e-type=\"widget\" data-widget_type=\"text-editor.default\">\n\t\t\t\t<div class=\"elementor-widget-container\">\n\t\t\t\t\t\t\t\t\t<p style=\"padding-left: 30px;\"><a href=\"https:\/\/www.elturistatranquil.com\/ca\/esglesia-de-santa-maria-de-barbera-del-valles\/#b0105\">Visita<\/a><\/p>\t\t\t\t\t\t\t\t<\/div>\n\t\t\t\t<\/div>\n\t\t\t\t<div class=\"elementor-element elementor-element-517615d elementor-widget elementor-widget-text-editor\" data-id=\"517615d\" data-element_type=\"widget\" data-e-type=\"widget\" data-widget_type=\"text-editor.default\">\n\t\t\t\t<div class=\"elementor-widget-container\">\n\t\t\t\t\t\t\t\t\t<p style=\"padding-left: 30px;\"><a href=\"https:\/\/www.elturistatranquil.com\/ca\/esglesia-de-santa-maria-de-barbera-del-valles\/#b0106\">Bases d&#8217;informaci\u00f3<\/a><\/p>\t\t\t\t\t\t\t\t<\/div>\n\t\t\t\t<\/div>\n\t\t\t\t<div class=\"elementor-element elementor-element-cdbe850 elementor-widget elementor-widget-text-editor\" data-id=\"cdbe850\" data-element_type=\"widget\" data-e-type=\"widget\" data-widget_type=\"text-editor.default\">\n\t\t\t\t<div class=\"elementor-widget-container\">\n\t\t\t\t\t\t\t\t\t<p><a href=\"https:\/\/www.elturistatranquil.com\/ca\/esglesia-de-santa-maria-de-barbera-del-valles\/#b0107\">Als voltants. Esgl\u00e9sia de Sant Pau de Riu-sec (Sabadell)<\/a><\/p>\t\t\t\t\t\t\t\t<\/div>\n\t\t\t\t<\/div>\n\t\t\t\t\t<\/div>\n\t\t<\/div>\n\t\t\t\t\t<\/div>\n\t\t<\/section>\n\t\t\t\t<div class=\"elementor-element elementor-element-13484ebe elementor-widget elementor-widget-menu-anchor\" data-id=\"13484ebe\" data-element_type=\"widget\" data-e-type=\"widget\" data-widget_type=\"menu-anchor.default\">\n\t\t\t\t<div class=\"elementor-widget-container\">\n\t\t\t\t\t\t\t<div class=\"elementor-menu-anchor\" id=\"b0101\"><\/div>\n\t\t\t\t\t\t<\/div>\n\t\t\t\t<\/div>\n\t\t\t\t<div class=\"elementor-element elementor-element-56f534ca elementor-widget elementor-widget-spacer\" data-id=\"56f534ca\" data-element_type=\"widget\" data-e-type=\"widget\" data-widget_type=\"spacer.default\">\n\t\t\t\t<div class=\"elementor-widget-container\">\n\t\t\t\t\t\t\t<div class=\"elementor-spacer\">\n\t\t\t<div class=\"elementor-spacer-inner\"><\/div>\n\t\t<\/div>\n\t\t\t\t\t\t<\/div>\n\t\t\t\t<\/div>\n\t\t\t\t<div class=\"elementor-element elementor-element-2f1da87b elementor-widget elementor-widget-heading\" data-id=\"2f1da87b\" data-element_type=\"widget\" data-e-type=\"widget\" data-widget_type=\"heading.default\">\n\t\t\t\t<div class=\"elementor-widget-container\">\n\t\t\t\t\t<h2 class=\"elementor-heading-title elementor-size-default\">Esgl\u00e9sia de Santa Maria de Barber\u00e0 del Vall\u00e8s<\/h2>\t\t\t\t<\/div>\n\t\t\t\t<\/div>\n\t\t\t\t<div class=\"elementor-element elementor-element-eb16ca1 elementor-widget elementor-widget-menu-anchor\" data-id=\"eb16ca1\" data-element_type=\"widget\" data-e-type=\"widget\" data-widget_type=\"menu-anchor.default\">\n\t\t\t\t<div class=\"elementor-widget-container\">\n\t\t\t\t\t\t\t<div class=\"elementor-menu-anchor\" id=\"b0102\"><\/div>\n\t\t\t\t\t\t<\/div>\n\t\t\t\t<\/div>\n\t\t\t\t<div class=\"elementor-element elementor-element-21579aa elementor-widget elementor-widget-text-editor\" data-id=\"21579aa\" data-element_type=\"widget\" data-e-type=\"widget\" data-widget_type=\"text-editor.default\">\n\t\t\t\t<div class=\"elementor-widget-container\">\n\t\t\t\t\t\t\t\t\t<p>A Santa Maria de Barber\u00e0, en un entorn urb\u00e0 i al marge dret del riu Ripoll, es troba situada aquesta esgl\u00e9sia rom\u00e0nica del segle XI, molt ben conservada, amb la caracter\u00edstica de que \u00e9s una de les poques a Catalunya que conserva <em>in situ<\/em> els frescos rom\u00e0nics originals. Est\u00e0 catalogada com a B\u00e9 d\u2019inter\u00e8s cultural (16 de setembre de 1997).<\/p><p>En la descripci\u00f3 seg\u00fcent seguirem b\u00e0sicament la informaci\u00f3 continguda a la web de <a href=\"http:\/\/invarquit.cultura.gencat.cat\/Cerca\/FitxaGeneral?index=10&amp;consulta=MSUxK2JhcmJlcmEgdmFsbGVzJTIrLTEl&amp;codi=1004\" target=\"_blank\" rel=\"noopener\">Patrimoni de la Generalitat de Catalunya<\/a>.\u00a0<\/p>\t\t\t\t\t\t\t\t<\/div>\n\t\t\t\t<\/div>\n\t\t\t\t<div class=\"elementor-element elementor-element-12ad71a elementor-widget elementor-widget-heading\" data-id=\"12ad71a\" data-element_type=\"widget\" data-e-type=\"widget\" data-widget_type=\"heading.default\">\n\t\t\t\t<div class=\"elementor-widget-container\">\n\t\t\t\t\t<h3 class=\"elementor-heading-title elementor-size-default\">Not\u00edcies hist\u00f2riques<\/h3>\t\t\t\t<\/div>\n\t\t\t\t<\/div>\n\t\t\t\t<div class=\"elementor-element elementor-element-328ff6c elementor-widget elementor-widget-text-editor\" data-id=\"328ff6c\" data-element_type=\"widget\" data-e-type=\"widget\" data-widget_type=\"text-editor.default\">\n\t\t\t\t<div class=\"elementor-widget-container\">\n\t\t\t\t\t\t\t\t\t<p>El lloc de Barber\u00e0 del Vall\u00e8s \u00e9s documentat des de l&#8217;any 986 i el castell des del 1005. El 1006, s&#8217;esmenten les esgl\u00e9sies de Barber\u00e0, una de les quals devia ser la que preced\u00ed l&#8217;actual esgl\u00e9sia rom\u00e0nica de Santa Maria, que fou constru\u00efda la segona meitat del segle XI (el 1067 i el 1074 hi ha not\u00edcia de deixes per a l&#8217;obra de l&#8217;esgl\u00e9sia) i consagrada sota l&#8217;episcopat de Sant Oleguer (1116-1137). El 1143 devia ser parr\u00f2quia ja que n&#8217;era sufrag\u00e0nia la del castell. El mateix any pass\u00e0 a jurisdicci\u00f3 de l&#8217;orde del Temple. Posteriorment, les not\u00edcies s\u00f3n escasses. L&#8217;any 1919, Mn. Manuel Trens, director del Museu Dioces\u00e0 de Barcelona, i Mn. Josep M. Esteve, rector de Santa Maria, posaren a descobert les pintures que recobreixen els absis. Despr\u00e9s de la Guerra Civil tant les pintures com l&#8217;esgl\u00e9sia foren restaurades amb l&#8217;ajut del Servei de Conservaci\u00f3 de Monuments de la Diputaci\u00f3 de Barcelona.<\/p><p>L&#8217;any 2007 si va realitzar una intervenci\u00f3 arqueol\u00f2gica preventiva i es van detectar restes arqueol\u00f2giques de diverses \u00e8poques (possible romana, medieval, moderna i contempor\u00e0nia). En dos casos s&#8217;han detectat restes \u00f2ssies que aparentment semblen d&#8217;\u00e8poca romana ja que s&#8217;hi van trobar teules que realitzen funci\u00f3 de coberta o cista, en tombes orientades d&#8217;est a oest, tot i que no s&#8217;hi localitzen materials que aportin una cronologia precisa. Pel que fa a les restes d&#8217;\u00e8poca medieval, s&#8217;han localitzat els fonaments de l&#8217;esgl\u00e9sia, i les restes reaprofitades d&#8217;un <em>opus signinum<\/em> adherit com a material constructiu, fet que fa pensar que l&#8217;esgl\u00e9sia podria estar empla\u00e7ada al damunt d&#8217;algun altre conjunt religi\u00f3s anterior, d&#8217;\u00e8poca paleocristiana o visig\u00f2tica. La resta d&#8217;estructures pertanyen a diverses construccions abandonades entre finals del segle XIX i mitjans del XX, que s&#8217;adossaven a l&#8217;esgl\u00e9sia<\/p>\t\t\t\t\t\t\t\t<\/div>\n\t\t\t\t<\/div>\n\t\t\t\t<div class=\"elementor-element elementor-element-451f82c elementor-widget elementor-widget-menu-anchor\" data-id=\"451f82c\" data-element_type=\"widget\" data-e-type=\"widget\" data-widget_type=\"menu-anchor.default\">\n\t\t\t\t<div class=\"elementor-widget-container\">\n\t\t\t\t\t\t\t<div class=\"elementor-menu-anchor\" id=\"b0103\"><\/div>\n\t\t\t\t\t\t<\/div>\n\t\t\t\t<\/div>\n\t\t\t\t<div class=\"elementor-element elementor-element-985b119 elementor-widget elementor-widget-heading\" data-id=\"985b119\" data-element_type=\"widget\" data-e-type=\"widget\" data-widget_type=\"heading.default\">\n\t\t\t\t<div class=\"elementor-widget-container\">\n\t\t\t\t\t<h3 class=\"elementor-heading-title elementor-size-default\">L\u2019edifici<\/h3>\t\t\t\t<\/div>\n\t\t\t\t<\/div>\n\t\t\t\t<div class=\"elementor-element elementor-element-b9c75c1 elementor-widget elementor-widget-text-editor\" data-id=\"b9c75c1\" data-element_type=\"widget\" data-e-type=\"widget\" data-widget_type=\"text-editor.default\">\n\t\t\t\t<div class=\"elementor-widget-container\">\n\t\t\t\t\t\t\t\t\t<p>El edificio es una construcci\u00f3n rom\u00e1nica de planta de cruz latina con una sola nave cubierta con b\u00f3veda de ca\u00f1\u00f3n ligeramente apuntada y tres \u00e1bsides orientados a levante cubiertos con b\u00f3veda de cuarto de esfera. Los muros son de sillares de piedra bicolores bien escuadrados y de un tama\u00f1o medio. Tienen como \u00fanico elemento decorativo las bandas lombardas y los arcos ciegos al sector de la cabecera.<\/p>\t\t\t\t\t\t\t\t<\/div>\n\t\t\t\t<\/div>\n\t\t\t\t<div class=\"elementor-element elementor-element-453cb64 elementor-widget elementor-widget-image\" data-id=\"453cb64\" data-element_type=\"widget\" data-e-type=\"widget\" data-widget_type=\"image.default\">\n\t\t\t\t<div class=\"elementor-widget-container\">\n\t\t\t\t\t\t\t\t\t\t\t\t<figure class=\"wp-caption\">\n\t\t\t\t\t\t\t\t\t\t<img decoding=\"async\" width=\"800\" height=\"401\" src=\"https:\/\/www.elturistatranquil.com\/wp-content\/uploads\/F03-Planta-Santa-Maria-de-Barber\u00e0-3.jpg\" class=\"attachment-large size-large wp-image-9901\" alt=\"Planta Santa Maria de Barber\u00e0\" srcset=\"https:\/\/www.elturistatranquil.com\/wp-content\/uploads\/F03-Planta-Santa-Maria-de-Barber\u00e0-3.jpg 800w, https:\/\/www.elturistatranquil.com\/wp-content\/uploads\/F03-Planta-Santa-Maria-de-Barber\u00e0-3-768x385.jpg 768w\" sizes=\"(max-width: 800px) 100vw, 800px\" \/>\t\t\t\t\t\t\t\t\t\t\t<figcaption class=\"widget-image-caption wp-caption-text\"><\/figcaption>\n\t\t\t\t\t\t\t\t\t\t<\/figure>\n\t\t\t\t\t\t\t\t\t<\/div>\n\t\t\t\t<\/div>\n\t\t\t\t<div class=\"elementor-element elementor-element-c24709b elementor-widget elementor-widget-image\" data-id=\"c24709b\" data-element_type=\"widget\" data-e-type=\"widget\" data-widget_type=\"image.default\">\n\t\t\t\t<div class=\"elementor-widget-container\">\n\t\t\t\t\t\t\t\t\t\t\t\t<figure class=\"wp-caption\">\n\t\t\t\t\t\t\t\t\t\t<img loading=\"lazy\" decoding=\"async\" width=\"450\" height=\"600\" src=\"https:\/\/www.elturistatranquil.com\/wp-content\/uploads\/F03-Iglesia-rom\u00e1nica-de-Santa-Mar\u00eda-de-Barber\u00e0-del-Vall\u00e8s-1.jpg\" class=\"attachment-large size-large wp-image-1824\" alt=\"\" \/>\t\t\t\t\t\t\t\t\t\t\t<figcaption class=\"widget-image-caption wp-caption-text\">Nau i absis central (El rectangle blanc \u00e9s una pantalla per fer-hi projeccions durant la celebraci\u00f3 de la missa)<\/figcaption>\n\t\t\t\t\t\t\t\t\t\t<\/figure>\n\t\t\t\t\t\t\t\t\t<\/div>\n\t\t\t\t<\/div>\n\t\t\t\t<div class=\"elementor-element elementor-element-61f08c14 elementor-widget elementor-widget-image\" data-id=\"61f08c14\" data-element_type=\"widget\" data-e-type=\"widget\" data-widget_type=\"image.default\">\n\t\t\t\t<div class=\"elementor-widget-container\">\n\t\t\t\t\t\t\t\t\t\t\t\t<figure class=\"wp-caption\">\n\t\t\t\t\t\t\t\t\t\t<img loading=\"lazy\" decoding=\"async\" width=\"450\" height=\"600\" src=\"https:\/\/www.elturistatranquil.com\/wp-content\/uploads\/F04-Iglesia-rom\u00e1nica-de-Santa-Mar\u00eda-de-Barber\u00e0-del-Vall\u00e8s-1.jpg\" class=\"attachment-large size-large wp-image-1825\" alt=\"\" \/>\t\t\t\t\t\t\t\t\t\t\t<figcaption class=\"widget-image-caption wp-caption-text\"><\/figcaption>\n\t\t\t\t\t\t\t\t\t\t<\/figure>\n\t\t\t\t\t\t\t\t\t<\/div>\n\t\t\t\t<\/div>\n\t\t\t\t<div class=\"elementor-element elementor-element-27c6284 elementor-widget elementor-widget-image\" data-id=\"27c6284\" data-element_type=\"widget\" data-e-type=\"widget\" data-widget_type=\"image.default\">\n\t\t\t\t<div class=\"elementor-widget-container\">\n\t\t\t\t\t\t\t\t\t\t\t\t\t\t\t<img loading=\"lazy\" decoding=\"async\" width=\"800\" height=\"600\" src=\"https:\/\/www.elturistatranquil.com\/wp-content\/uploads\/F05-Iglesia-rom\u00e1nica-de-Santa-Mar\u00eda-de-Barber\u00e0-del-Vall\u00e8s.jpg\" class=\"attachment-large size-large wp-image-1826\" alt=\"\" srcset=\"https:\/\/www.elturistatranquil.com\/wp-content\/uploads\/F05-Iglesia-rom\u00e1nica-de-Santa-Mar\u00eda-de-Barber\u00e0-del-Vall\u00e8s.jpg 800w, https:\/\/www.elturistatranquil.com\/wp-content\/uploads\/F05-Iglesia-rom\u00e1nica-de-Santa-Mar\u00eda-de-Barber\u00e0-del-Vall\u00e8s-768x576.jpg 768w\" sizes=\"(max-width: 800px) 100vw, 800px\" \/>\t\t\t\t\t\t\t\t\t\t\t\t\t\t\t<\/div>\n\t\t\t\t<\/div>\n\t\t\t\t<div class=\"elementor-element elementor-element-6ac86c1 elementor-widget elementor-widget-image\" data-id=\"6ac86c1\" data-element_type=\"widget\" data-e-type=\"widget\" data-widget_type=\"image.default\">\n\t\t\t\t<div class=\"elementor-widget-container\">\n\t\t\t\t\t\t\t\t\t\t\t\t<figure class=\"wp-caption\">\n\t\t\t\t\t\t\t\t\t\t<img loading=\"lazy\" decoding=\"async\" width=\"800\" height=\"600\" src=\"https:\/\/www.elturistatranquil.com\/wp-content\/uploads\/F06-Iglesia-rom\u00e1nica-de-Santa-Mar\u00eda-de-Barber\u00e0-del-Vall\u00e8s.jpg\" class=\"attachment-large size-large wp-image-1827\" alt=\"\" srcset=\"https:\/\/www.elturistatranquil.com\/wp-content\/uploads\/F06-Iglesia-rom\u00e1nica-de-Santa-Mar\u00eda-de-Barber\u00e0-del-Vall\u00e8s.jpg 800w, https:\/\/www.elturistatranquil.com\/wp-content\/uploads\/F06-Iglesia-rom\u00e1nica-de-Santa-Mar\u00eda-de-Barber\u00e0-del-Vall\u00e8s-768x576.jpg 768w\" sizes=\"(max-width: 800px) 100vw, 800px\" \/>\t\t\t\t\t\t\t\t\t\t\t<figcaption class=\"widget-image-caption wp-caption-text\">Bandes llombardes als absis<\/figcaption>\n\t\t\t\t\t\t\t\t\t\t<\/figure>\n\t\t\t\t\t\t\t\t\t<\/div>\n\t\t\t\t<\/div>\n\t\t\t\t<div class=\"elementor-element elementor-element-63c202e7 elementor-widget elementor-widget-text-editor\" data-id=\"63c202e7\" data-element_type=\"widget\" data-e-type=\"widget\" data-widget_type=\"text-editor.default\">\n\t\t\t\t<div class=\"elementor-widget-container\">\n\t\t\t\t\t\t\t\t\t<p>Sobre el bra\u00e7 nord del transsepte s&#8217;aixeca el campanar de base rectangular dividit en dos cossos, l&#8217;inferior est\u00e0 ornamentat amb arcs cecs i bandes llombardes, sense cap obertura i rematat amb un fris de dents de serra. El cos superior t\u00e9 espitlleres a mitja al\u00e7ada i finestres dobles al capdamunt, est\u00e0 rematat amb una teulada piramidal.<\/p>\t\t\t\t\t\t\t\t<\/div>\n\t\t\t\t<\/div>\n\t\t\t\t<div class=\"elementor-element elementor-element-589ff9b7 elementor-widget elementor-widget-image\" data-id=\"589ff9b7\" data-element_type=\"widget\" data-e-type=\"widget\" data-widget_type=\"image.default\">\n\t\t\t\t<div class=\"elementor-widget-container\">\n\t\t\t\t\t\t\t\t\t\t\t\t<figure class=\"wp-caption\">\n\t\t\t\t\t\t\t\t\t\t<img loading=\"lazy\" decoding=\"async\" width=\"450\" height=\"600\" src=\"https:\/\/www.elturistatranquil.com\/wp-content\/uploads\/F07-Iglesia-rom\u00e1nica-de-Santa-Mar\u00eda-de-Barber\u00e0-del-Vall\u00e8s-1.jpg\" class=\"attachment-large size-large wp-image-1828\" alt=\"\" \/>\t\t\t\t\t\t\t\t\t\t\t<figcaption class=\"widget-image-caption wp-caption-text\"><\/figcaption>\n\t\t\t\t\t\t\t\t\t\t<\/figure>\n\t\t\t\t\t\t\t\t\t<\/div>\n\t\t\t\t<\/div>\n\t\t\t\t<div class=\"elementor-element elementor-element-124e7f9e elementor-widget elementor-widget-text-editor\" data-id=\"124e7f9e\" data-element_type=\"widget\" data-e-type=\"widget\" data-widget_type=\"text-editor.default\">\n\t\t\t\t<div class=\"elementor-widget-container\">\n\t\t\t\t\t\t\t\t\t<p>\u00a0La porta d&#8217;acc\u00e9s, situada al mur de ponent, \u00e9s un doble arc de petites dovelles. Podria no ser la portada original.<\/p>\t\t\t\t\t\t\t\t<\/div>\n\t\t\t\t<\/div>\n\t\t\t\t<div class=\"elementor-element elementor-element-2a91c99a elementor-widget elementor-widget-menu-anchor\" data-id=\"2a91c99a\" data-element_type=\"widget\" data-e-type=\"widget\" data-widget_type=\"menu-anchor.default\">\n\t\t\t\t<div class=\"elementor-widget-container\">\n\t\t\t\t\t\t\t<div class=\"elementor-menu-anchor\" id=\"b0104\"><\/div>\n\t\t\t\t\t\t<\/div>\n\t\t\t\t<\/div>\n\t\t\t\t<div class=\"elementor-element elementor-element-48d3f95 elementor-widget elementor-widget-image\" data-id=\"48d3f95\" data-element_type=\"widget\" data-e-type=\"widget\" data-widget_type=\"image.default\">\n\t\t\t\t<div class=\"elementor-widget-container\">\n\t\t\t\t\t\t\t\t\t\t\t\t<figure class=\"wp-caption\">\n\t\t\t\t\t\t\t\t\t\t<img loading=\"lazy\" decoding=\"async\" width=\"450\" height=\"600\" src=\"https:\/\/www.elturistatranquil.com\/wp-content\/uploads\/F08-Iglesia-rom\u00e1nica-de-Santa-Mar\u00eda-de-Barber\u00e0-del-Vall\u00e8s-1.jpg\" class=\"attachment-large size-large wp-image-1829\" alt=\"\" \/>\t\t\t\t\t\t\t\t\t\t\t<figcaption class=\"widget-image-caption wp-caption-text\"><\/figcaption>\n\t\t\t\t\t\t\t\t\t\t<\/figure>\n\t\t\t\t\t\t\t\t\t<\/div>\n\t\t\t\t<\/div>\n\t\t\t\t<div class=\"elementor-element elementor-element-2efb2fa7 elementor-widget elementor-widget-heading\" data-id=\"2efb2fa7\" data-element_type=\"widget\" data-e-type=\"widget\" data-widget_type=\"heading.default\">\n\t\t\t\t<div class=\"elementor-widget-container\">\n\t\t\t\t\t<h3 class=\"elementor-heading-title elementor-size-default\">Pintures murals<\/h3>\t\t\t\t<\/div>\n\t\t\t\t<\/div>\n\t\t\t\t<div class=\"elementor-element elementor-element-19674032 elementor-widget elementor-widget-text-editor\" data-id=\"19674032\" data-element_type=\"widget\" data-e-type=\"widget\" data-widget_type=\"text-editor.default\">\n\t\t\t\t<div class=\"elementor-widget-container\">\n\t\t\t\t\t\t\t\t\t<p>Al seu interior es poden admirar una de les millors mostres de pintura mural del rom\u00e0nic catal\u00e0 conservades <em>in situ<\/em>. Es van descobrir l\u2019any 1919, darrera del retaule que cobria la totalitat de l\u2019absis central i s\u00f3n atribu\u00efdes al <em>Mestre de Cardona.<\/em><\/p>\t\t\t\t\t\t\t\t<\/div>\n\t\t\t\t<\/div>\n\t\t\t\t<div class=\"elementor-element elementor-element-2aad50a0 elementor-widget elementor-widget-image\" data-id=\"2aad50a0\" data-element_type=\"widget\" data-e-type=\"widget\" data-widget_type=\"image.default\">\n\t\t\t\t<div class=\"elementor-widget-container\">\n\t\t\t\t\t\t\t\t\t\t\t\t<figure class=\"wp-caption\">\n\t\t\t\t\t\t\t\t\t\t<img loading=\"lazy\" decoding=\"async\" width=\"800\" height=\"533\" src=\"https:\/\/www.elturistatranquil.com\/wp-content\/uploads\/F09-Iglesia-rom\u00e1nica-de-Santa-Mar\u00eda-de-Barber\u00e0-del-Vall\u00e8s.jpg\" class=\"attachment-large size-large wp-image-1830\" alt=\"\" srcset=\"https:\/\/www.elturistatranquil.com\/wp-content\/uploads\/F09-Iglesia-rom\u00e1nica-de-Santa-Mar\u00eda-de-Barber\u00e0-del-Vall\u00e8s.jpg 800w, https:\/\/www.elturistatranquil.com\/wp-content\/uploads\/F09-Iglesia-rom\u00e1nica-de-Santa-Mar\u00eda-de-Barber\u00e0-del-Vall\u00e8s-768x512.jpg 768w\" sizes=\"(max-width: 800px) 100vw, 800px\" \/>\t\t\t\t\t\t\t\t\t\t\t<figcaption class=\"widget-image-caption wp-caption-text\">El tres absis (El rectangle blanc \u00e9s una pantalla per fer-hi projeccions durant la celebraci\u00f3 de la missa)<\/figcaption>\n\t\t\t\t\t\t\t\t\t\t<\/figure>\n\t\t\t\t\t\t\t\t\t<\/div>\n\t\t\t\t<\/div>\n\t\t\t\t<div class=\"elementor-element elementor-element-17cbe7a2 elementor-widget elementor-widget-text-editor\" data-id=\"17cbe7a2\" data-element_type=\"widget\" data-e-type=\"widget\" data-widget_type=\"text-editor.default\">\n\t\t\t\t<div class=\"elementor-widget-container\">\n\t\t\t\t\t\t\t\t\t<p>A l&#8217;absis central hi ha Crist en Majestat dins la mandorla, rodejat del tetramorfos; al de l\u2019esquerra trobem un cicle de la troballa i l&#8217;exaltaci\u00f3 de la Santa Creu. A l&#8217;absis de la dreta s&#8217;hi representa la vida dels sants Pere i Pau. El programa es completa amb escenes b\u00edbliques i altres motius vegetals. \u00c9s un dels pocs exemples on els tres absis conserven prou elements com per fer-nos una idea del que fou en \u00e8poca del rom\u00e0nic la iconografia de la cap\u00e7alera d&#8217;un edifici religi\u00f3s.<\/p>\t\t\t\t\t\t\t\t<\/div>\n\t\t\t\t<\/div>\n\t\t\t\t<div class=\"elementor-element elementor-element-6d4ea72d elementor-widget elementor-widget-image\" data-id=\"6d4ea72d\" data-element_type=\"widget\" data-e-type=\"widget\" data-widget_type=\"image.default\">\n\t\t\t\t<div class=\"elementor-widget-container\">\n\t\t\t\t\t\t\t\t\t\t\t\t<figure class=\"wp-caption\">\n\t\t\t\t\t\t\t\t\t\t<img loading=\"lazy\" decoding=\"async\" width=\"800\" height=\"468\" src=\"https:\/\/www.elturistatranquil.com\/wp-content\/uploads\/F10-Iglesia-rom\u00e1nica-de-Santa-Mar\u00eda-de-Barber\u00e0-del-Vall\u00e8s.jpg\" class=\"attachment-large size-large wp-image-1831\" alt=\"\" srcset=\"https:\/\/www.elturistatranquil.com\/wp-content\/uploads\/F10-Iglesia-rom\u00e1nica-de-Santa-Mar\u00eda-de-Barber\u00e0-del-Vall\u00e8s.jpg 800w, https:\/\/www.elturistatranquil.com\/wp-content\/uploads\/F10-Iglesia-rom\u00e1nica-de-Santa-Mar\u00eda-de-Barber\u00e0-del-Vall\u00e8s-768x449.jpg 768w\" sizes=\"(max-width: 800px) 100vw, 800px\" \/>\t\t\t\t\t\t\t\t\t\t\t<figcaption class=\"widget-image-caption wp-caption-text\"><\/figcaption>\n\t\t\t\t\t\t\t\t\t\t<\/figure>\n\t\t\t\t\t\t\t\t\t<\/div>\n\t\t\t\t<\/div>\n\t\t\t\t<div class=\"elementor-element elementor-element-a0bb82b elementor-widget elementor-widget-text-editor\" data-id=\"a0bb82b\" data-element_type=\"widget\" data-e-type=\"widget\" data-widget_type=\"text-editor.default\">\n\t\t\t\t<div class=\"elementor-widget-container\">\n\t\t\t\t\t\t\t\t\t<p>Absis de l&#8217;esquerra, de l&#8217;evangeli.<\/p>\t\t\t\t\t\t\t\t<\/div>\n\t\t\t\t<\/div>\n\t\t\t\t<div class=\"elementor-element elementor-element-e876cc3 elementor-widget elementor-widget-image\" data-id=\"e876cc3\" data-element_type=\"widget\" data-e-type=\"widget\" data-widget_type=\"image.default\">\n\t\t\t\t<div class=\"elementor-widget-container\">\n\t\t\t\t\t\t\t\t\t\t\t\t<figure class=\"wp-caption\">\n\t\t\t\t\t\t\t\t\t\t<img loading=\"lazy\" decoding=\"async\" width=\"800\" height=\"600\" src=\"https:\/\/www.elturistatranquil.com\/wp-content\/uploads\/F11-Iglesia-rom\u00e1nica-de-Santa-Mar\u00eda-de-Barber\u00e0-del-Vall\u00e8s.jpg\" class=\"attachment-large size-large wp-image-1832\" alt=\"\" srcset=\"https:\/\/www.elturistatranquil.com\/wp-content\/uploads\/F11-Iglesia-rom\u00e1nica-de-Santa-Mar\u00eda-de-Barber\u00e0-del-Vall\u00e8s.jpg 800w, https:\/\/www.elturistatranquil.com\/wp-content\/uploads\/F11-Iglesia-rom\u00e1nica-de-Santa-Mar\u00eda-de-Barber\u00e0-del-Vall\u00e8s-768x576.jpg 768w\" sizes=\"(max-width: 800px) 100vw, 800px\" \/>\t\t\t\t\t\t\t\t\t\t\t<figcaption class=\"widget-image-caption wp-caption-text\"><\/figcaption>\n\t\t\t\t\t\t\t\t\t\t<\/figure>\n\t\t\t\t\t\t\t\t\t<\/div>\n\t\t\t\t<\/div>\n\t\t\t\t<div class=\"elementor-element elementor-element-ca2bca6 elementor-widget elementor-widget-text-editor\" data-id=\"ca2bca6\" data-element_type=\"widget\" data-e-type=\"widget\" data-widget_type=\"text-editor.default\">\n\t\t\t\t<div class=\"elementor-widget-container\">\n\t\t\t\t\t\t\t\t\t<p>Absis central.<\/p>\t\t\t\t\t\t\t\t<\/div>\n\t\t\t\t<\/div>\n\t\t\t\t<div class=\"elementor-element elementor-element-3e13579 elementor-widget elementor-widget-image\" data-id=\"3e13579\" data-element_type=\"widget\" data-e-type=\"widget\" data-widget_type=\"image.default\">\n\t\t\t\t<div class=\"elementor-widget-container\">\n\t\t\t\t\t\t\t\t\t\t\t\t\t\t\t<img loading=\"lazy\" decoding=\"async\" width=\"800\" height=\"600\" src=\"https:\/\/www.elturistatranquil.com\/wp-content\/uploads\/F12-Iglesia-rom\u00e1nica-de-Santa-Mar\u00eda-de-Barber\u00e0-del-Vall\u00e8s.jpg\" class=\"attachment-large size-large wp-image-1833\" alt=\"\" srcset=\"https:\/\/www.elturistatranquil.com\/wp-content\/uploads\/F12-Iglesia-rom\u00e1nica-de-Santa-Mar\u00eda-de-Barber\u00e0-del-Vall\u00e8s.jpg 800w, https:\/\/www.elturistatranquil.com\/wp-content\/uploads\/F12-Iglesia-rom\u00e1nica-de-Santa-Mar\u00eda-de-Barber\u00e0-del-Vall\u00e8s-768x576.jpg 768w\" sizes=\"(max-width: 800px) 100vw, 800px\" \/>\t\t\t\t\t\t\t\t\t\t\t\t\t\t\t<\/div>\n\t\t\t\t<\/div>\n\t\t\t\t<div class=\"elementor-element elementor-element-dc7350f elementor-widget elementor-widget-image\" data-id=\"dc7350f\" data-element_type=\"widget\" data-e-type=\"widget\" data-widget_type=\"image.default\">\n\t\t\t\t<div class=\"elementor-widget-container\">\n\t\t\t\t\t\t\t\t\t\t\t\t<figure class=\"wp-caption\">\n\t\t\t\t\t\t\t\t\t\t<img loading=\"lazy\" decoding=\"async\" width=\"800\" height=\"600\" src=\"https:\/\/www.elturistatranquil.com\/wp-content\/uploads\/F13-Iglesia-rom\u00e1nica-de-Santa-Mar\u00eda-de-Barber\u00e0-del-Vall\u00e8s.jpg\" class=\"attachment-large size-large wp-image-1834\" alt=\"\" srcset=\"https:\/\/www.elturistatranquil.com\/wp-content\/uploads\/F13-Iglesia-rom\u00e1nica-de-Santa-Mar\u00eda-de-Barber\u00e0-del-Vall\u00e8s.jpg 800w, https:\/\/www.elturistatranquil.com\/wp-content\/uploads\/F13-Iglesia-rom\u00e1nica-de-Santa-Mar\u00eda-de-Barber\u00e0-del-Vall\u00e8s-768x576.jpg 768w\" sizes=\"(max-width: 800px) 100vw, 800px\" \/>\t\t\t\t\t\t\t\t\t\t\t<figcaption class=\"widget-image-caption wp-caption-text\"><\/figcaption>\n\t\t\t\t\t\t\t\t\t\t<\/figure>\n\t\t\t\t\t\t\t\t\t<\/div>\n\t\t\t\t<\/div>\n\t\t\t\t<div class=\"elementor-element elementor-element-aaac1cc elementor-widget elementor-widget-image\" data-id=\"aaac1cc\" data-element_type=\"widget\" data-e-type=\"widget\" data-widget_type=\"image.default\">\n\t\t\t\t<div class=\"elementor-widget-container\">\n\t\t\t\t\t\t\t\t\t\t\t\t\t\t\t<img loading=\"lazy\" decoding=\"async\" width=\"800\" height=\"600\" src=\"https:\/\/www.elturistatranquil.com\/wp-content\/uploads\/F14-Iglesia-rom\u00e1nica-de-Santa-Mar\u00eda-de-Barber\u00e0-del-Vall\u00e8s.jpg\" class=\"attachment-large size-large wp-image-1835\" alt=\"\" srcset=\"https:\/\/www.elturistatranquil.com\/wp-content\/uploads\/F14-Iglesia-rom\u00e1nica-de-Santa-Mar\u00eda-de-Barber\u00e0-del-Vall\u00e8s.jpg 800w, https:\/\/www.elturistatranquil.com\/wp-content\/uploads\/F14-Iglesia-rom\u00e1nica-de-Santa-Mar\u00eda-de-Barber\u00e0-del-Vall\u00e8s-768x576.jpg 768w\" sizes=\"(max-width: 800px) 100vw, 800px\" \/>\t\t\t\t\t\t\t\t\t\t\t\t\t\t\t<\/div>\n\t\t\t\t<\/div>\n\t\t\t\t<div class=\"elementor-element elementor-element-04f0e4b elementor-widget elementor-widget-text-editor\" data-id=\"04f0e4b\" data-element_type=\"widget\" data-e-type=\"widget\" data-widget_type=\"text-editor.default\">\n\t\t\t\t<div class=\"elementor-widget-container\">\n\t\t\t\t\t\t\t\t\t<p>Absis de la dreta, de l&#8217;ep\u00edstola.<\/p>\t\t\t\t\t\t\t\t<\/div>\n\t\t\t\t<\/div>\n\t\t\t\t<div class=\"elementor-element elementor-element-83dfd9f elementor-widget elementor-widget-image\" data-id=\"83dfd9f\" data-element_type=\"widget\" data-e-type=\"widget\" data-widget_type=\"image.default\">\n\t\t\t\t<div class=\"elementor-widget-container\">\n\t\t\t\t\t\t\t\t\t\t\t\t\t\t\t<img loading=\"lazy\" decoding=\"async\" width=\"800\" height=\"600\" src=\"https:\/\/www.elturistatranquil.com\/wp-content\/uploads\/F15-Iglesia-rom\u00e1nica-de-Santa-Mar\u00eda-de-Barber\u00e0-del-Vall\u00e8s.jpg\" class=\"attachment-large size-large wp-image-1836\" alt=\"\" srcset=\"https:\/\/www.elturistatranquil.com\/wp-content\/uploads\/F15-Iglesia-rom\u00e1nica-de-Santa-Mar\u00eda-de-Barber\u00e0-del-Vall\u00e8s.jpg 800w, https:\/\/www.elturistatranquil.com\/wp-content\/uploads\/F15-Iglesia-rom\u00e1nica-de-Santa-Mar\u00eda-de-Barber\u00e0-del-Vall\u00e8s-768x576.jpg 768w\" sizes=\"(max-width: 800px) 100vw, 800px\" \/>\t\t\t\t\t\t\t\t\t\t\t\t\t\t\t<\/div>\n\t\t\t\t<\/div>\n\t\t\t\t<div class=\"elementor-element elementor-element-ccfad4b elementor-widget elementor-widget-image\" data-id=\"ccfad4b\" data-element_type=\"widget\" data-e-type=\"widget\" data-widget_type=\"image.default\">\n\t\t\t\t<div class=\"elementor-widget-container\">\n\t\t\t\t\t\t\t\t\t\t\t\t\t\t\t<img loading=\"lazy\" decoding=\"async\" width=\"800\" height=\"600\" src=\"https:\/\/www.elturistatranquil.com\/wp-content\/uploads\/F16-Iglesia-rom\u00e1nica-de-Santa-Mar\u00eda-de-Barber\u00e0-del-Vall\u00e8s.jpg\" class=\"attachment-large size-large wp-image-1837\" alt=\"\" srcset=\"https:\/\/www.elturistatranquil.com\/wp-content\/uploads\/F16-Iglesia-rom\u00e1nica-de-Santa-Mar\u00eda-de-Barber\u00e0-del-Vall\u00e8s.jpg 800w, https:\/\/www.elturistatranquil.com\/wp-content\/uploads\/F16-Iglesia-rom\u00e1nica-de-Santa-Mar\u00eda-de-Barber\u00e0-del-Vall\u00e8s-768x576.jpg 768w\" sizes=\"(max-width: 800px) 100vw, 800px\" \/>\t\t\t\t\t\t\t\t\t\t\t\t\t\t\t<\/div>\n\t\t\t\t<\/div>\n\t\t\t\t<div class=\"elementor-element elementor-element-6a123e6 elementor-widget elementor-widget-menu-anchor\" data-id=\"6a123e6\" data-element_type=\"widget\" data-e-type=\"widget\" data-widget_type=\"menu-anchor.default\">\n\t\t\t\t<div class=\"elementor-widget-container\">\n\t\t\t\t\t\t\t<div class=\"elementor-menu-anchor\" id=\"b0105\"><\/div>\n\t\t\t\t\t\t<\/div>\n\t\t\t\t<\/div>\n\t\t\t\t<div class=\"elementor-element elementor-element-dbd5dfc elementor-widget elementor-widget-image\" data-id=\"dbd5dfc\" data-element_type=\"widget\" data-e-type=\"widget\" data-widget_type=\"image.default\">\n\t\t\t\t<div class=\"elementor-widget-container\">\n\t\t\t\t\t\t\t\t\t\t\t\t<figure class=\"wp-caption\">\n\t\t\t\t\t\t\t\t\t\t<img loading=\"lazy\" decoding=\"async\" width=\"800\" height=\"600\" src=\"https:\/\/www.elturistatranquil.com\/wp-content\/uploads\/F17-Iglesia-rom\u00e1nica-de-Santa-Mar\u00eda-de-Barber\u00e0-del-Vall\u00e8s.jpg\" class=\"attachment-large size-large wp-image-1838\" alt=\"\" srcset=\"https:\/\/www.elturistatranquil.com\/wp-content\/uploads\/F17-Iglesia-rom\u00e1nica-de-Santa-Mar\u00eda-de-Barber\u00e0-del-Vall\u00e8s.jpg 800w, https:\/\/www.elturistatranquil.com\/wp-content\/uploads\/F17-Iglesia-rom\u00e1nica-de-Santa-Mar\u00eda-de-Barber\u00e0-del-Vall\u00e8s-768x576.jpg 768w\" sizes=\"(max-width: 800px) 100vw, 800px\" \/>\t\t\t\t\t\t\t\t\t\t\t<figcaption class=\"widget-image-caption wp-caption-text\"><\/figcaption>\n\t\t\t\t\t\t\t\t\t\t<\/figure>\n\t\t\t\t\t\t\t\t\t<\/div>\n\t\t\t\t<\/div>\n\t\t\t\t<div class=\"elementor-element elementor-element-7417df7 elementor-widget elementor-widget-heading\" data-id=\"7417df7\" data-element_type=\"widget\" data-e-type=\"widget\" data-widget_type=\"heading.default\">\n\t\t\t\t<div class=\"elementor-widget-container\">\n\t\t\t\t\t<h3 class=\"elementor-heading-title elementor-size-default\">Visita<\/h3>\t\t\t\t<\/div>\n\t\t\t\t<\/div>\n\t\t\t\t<div class=\"elementor-element elementor-element-100ad6c4 elementor-widget elementor-widget-menu-anchor\" data-id=\"100ad6c4\" data-element_type=\"widget\" data-e-type=\"widget\" data-widget_type=\"menu-anchor.default\">\n\t\t\t\t<div class=\"elementor-widget-container\">\n\t\t\t\t\t\t\t<div class=\"elementor-menu-anchor\" id=\"b0106\"><\/div>\n\t\t\t\t\t\t<\/div>\n\t\t\t\t<\/div>\n\t\t\t\t<div class=\"elementor-element elementor-element-91ed33b elementor-widget elementor-widget-text-editor\" data-id=\"91ed33b\" data-element_type=\"widget\" data-e-type=\"widget\" data-widget_type=\"text-editor.default\">\n\t\t\t\t<div class=\"elementor-widget-container\">\n\t\t\t\t\t\t\t\t\t<p>El diumenges al mat\u00ed si fa missa i una estona abans, a partir de les 11h acostuma a estar oberta per visitar-se. La resta de dies per visitar-la cal posar-se en contacte amb la parr\u00f2quia, que ofereixen la possibilitat de fixar un dia i una hora concrets per tal d&#8217;obrir-ne les portes i poder gaudir de l&#8217;interior de l&#8217;esgl\u00e9sia.<\/p>\t\t\t\t\t\t\t\t<\/div>\n\t\t\t\t<\/div>\n\t\t\t\t<div class=\"elementor-element elementor-element-ad964a3 elementor-widget elementor-widget-heading\" data-id=\"ad964a3\" data-element_type=\"widget\" data-e-type=\"widget\" data-widget_type=\"heading.default\">\n\t\t\t\t<div class=\"elementor-widget-container\">\n\t\t\t\t\t<h3 class=\"elementor-heading-title elementor-size-default\">Bases d\u2019informaci\u00f3<\/h3>\t\t\t\t<\/div>\n\t\t\t\t<\/div>\n\t\t\t\t<div class=\"elementor-element elementor-element-50f55082 elementor-widget elementor-widget-text-editor\" data-id=\"50f55082\" data-element_type=\"widget\" data-e-type=\"widget\" data-widget_type=\"text-editor.default\">\n\t\t\t\t<div class=\"elementor-widget-container\">\n\t\t\t\t\t\t\t\t\t<p><strong>Webs<\/strong><\/p><p><a href=\"https:\/\/ca.wikipedia.org\/wiki\/Santa_Maria_de_Barber%C3%A0\" target=\"_blank\" rel=\"noopener\">wikipeida<\/a><\/p><p><a href=\"http:\/\/invarquit.cultura.gencat.cat\/Cerca\/FitxaGeneral?index=10&amp;consulta=MSUxK2JhcmJlcmEgdmFsbGVzJTIrLTEl&amp;codi=1004\" target=\"_blank\" rel=\"noopener\">Patrimoni de Catalunya<\/a><\/p><p><a href=\"https:\/\/sortidesambgracia.com\/2014\/02\/04\/esglesia-romanica-de-santa-maria-barbera-del-valles\/\" target=\"_blank\" rel=\"noopener\">sortidesambgracia<\/a><\/p><p><a href=\"http:\/\/www.poblesdecatalunya.cat\/element.php?e=2766\" target=\"_blank\" rel=\"noopener\">poblesdecatalunya<\/a><\/p>\t\t\t\t\t\t\t\t<\/div>\n\t\t\t\t<\/div>\n\t\t\t\t<div class=\"elementor-element elementor-element-3f287f3f elementor-widget elementor-widget-menu-anchor\" data-id=\"3f287f3f\" data-element_type=\"widget\" data-e-type=\"widget\" data-widget_type=\"menu-anchor.default\">\n\t\t\t\t<div class=\"elementor-widget-container\">\n\t\t\t\t\t\t\t<div class=\"elementor-menu-anchor\" id=\"b0107\"><\/div>\n\t\t\t\t\t\t<\/div>\n\t\t\t\t<\/div>\n\t\t\t\t<div class=\"elementor-element elementor-element-b9900e8 elementor-widget elementor-widget-text-editor\" data-id=\"b9900e8\" data-element_type=\"widget\" data-e-type=\"widget\" data-widget_type=\"text-editor.default\">\n\t\t\t\t<div class=\"elementor-widget-container\">\n\t\t\t\t\t\t\t\t\t<p><strong>Web academic<\/strong><\/p><p>Text d\u2019inter\u00e8s per seguir el proc\u00e9s d\u2019intervenci\u00f3 en la restauraci\u00f3 amb fotografies interessants : Bel\u00e9n Onecha P\u00e9rez, Alicia Dotor Navarro, Jos\u00e9 Luis Gonz\u00e1lez Moreno-Navarro, <a href=\"https:\/\/riunet.upv.es\/bitstream\/handle\/10251\/93723\/4580-32894-1-PB.pdf?sequence=1\" target=\"_blank\" rel=\"noopener\"><em>Restauraci\u00f3n de Santa Maria de Barber\u00e0 del Vall\u00e8s. Las cicatrices tambi\u00e9n son historias<\/em><\/a> (text en castell\u00e0 i angl\u00e8s)<\/p>\t\t\t\t\t\t\t\t<\/div>\n\t\t\t\t<\/div>\n\t\t\t\t<div class=\"elementor-element elementor-element-43984afb elementor-widget elementor-widget-heading\" data-id=\"43984afb\" data-element_type=\"widget\" data-e-type=\"widget\" data-widget_type=\"heading.default\">\n\t\t\t\t<div class=\"elementor-widget-container\">\n\t\t\t\t\t<h2 class=\"elementor-heading-title elementor-size-default\">Als voltants. Esgl\u00e9sia de Sant Pau de Riu-sec (Sabadell)<\/h2>\t\t\t\t<\/div>\n\t\t\t\t<\/div>\n\t\t\t\t<div class=\"elementor-element elementor-element-24be731d elementor-widget elementor-widget-text-editor\" data-id=\"24be731d\" data-element_type=\"widget\" data-e-type=\"widget\" data-widget_type=\"text-editor.default\">\n\t\t\t\t<div class=\"elementor-widget-container\">\n\t\t\t\t\t\t\t\t\t<p>A uns 5 km es pot visitar una altre esgl\u00e9sia rom\u00e0nica poc coneguda. Es tracta de l\u2019esgl\u00e9sia de Sant Pau de Riusec de Sabadell, situada a <em>Sabadell Parc Empresarial<\/em>.<\/p><p>Est\u00e0 catalogada com a <em>B\u00e9 Cultural d\u2019Inter\u00e8s Local<\/em>. Es d\u2019estil rom\u00e0nic, i fou consagrada l\u2019any 1054. Adossat i ha un gran edifici que correspon a la rectoria de 1798.<\/p><p>No \u00e9s possible acostar-s`hi, per\u00f2 des de l\u2019exterior de la tanca que l\u2019envolta es visualitza perfectament en tot el seu per\u00edmetre.<\/p>\t\t\t\t\t\t\t\t<\/div>\n\t\t\t\t<\/div>\n\t\t\t\t<div class=\"elementor-element elementor-element-21190b53 elementor-widget elementor-widget-image\" data-id=\"21190b53\" data-element_type=\"widget\" data-e-type=\"widget\" data-widget_type=\"image.default\">\n\t\t\t\t<div class=\"elementor-widget-container\">\n\t\t\t\t\t\t\t\t\t\t\t\t<figure class=\"wp-caption\">\n\t\t\t\t\t\t\t\t\t\t<img loading=\"lazy\" decoding=\"async\" width=\"800\" height=\"533\" src=\"https:\/\/www.elturistatranquil.com\/wp-content\/uploads\/F18-18-02-11-St-Pau-de-Riu-sec_3130F.jpg\" class=\"attachment-large size-large wp-image-1839\" alt=\"\" srcset=\"https:\/\/www.elturistatranquil.com\/wp-content\/uploads\/F18-18-02-11-St-Pau-de-Riu-sec_3130F.jpg 800w, https:\/\/www.elturistatranquil.com\/wp-content\/uploads\/F18-18-02-11-St-Pau-de-Riu-sec_3130F-768x512.jpg 768w\" sizes=\"(max-width: 800px) 100vw, 800px\" \/>\t\t\t\t\t\t\t\t\t\t\t<figcaption class=\"widget-image-caption wp-caption-text\">Esgl\u00e9sia de Sant Pau de Riu-sec amb la rectoria adossada<\/figcaption>\n\t\t\t\t\t\t\t\t\t\t<\/figure>\n\t\t\t\t\t\t\t\t\t<\/div>\n\t\t\t\t<\/div>\n\t\t\t\t<div class=\"elementor-element elementor-element-275a4de3 elementor-widget elementor-widget-image\" data-id=\"275a4de3\" data-element_type=\"widget\" data-e-type=\"widget\" data-widget_type=\"image.default\">\n\t\t\t\t<div class=\"elementor-widget-container\">\n\t\t\t\t\t\t\t\t\t\t\t\t<figure class=\"wp-caption\">\n\t\t\t\t\t\t\t\t\t\t<img loading=\"lazy\" decoding=\"async\" width=\"800\" height=\"533\" src=\"https:\/\/www.elturistatranquil.com\/wp-content\/uploads\/F19-18-02-11-St-Pau-de-Riu-sec_3138F.jpg\" class=\"attachment-large size-large wp-image-1840\" alt=\"\" srcset=\"https:\/\/www.elturistatranquil.com\/wp-content\/uploads\/F19-18-02-11-St-Pau-de-Riu-sec_3138F.jpg 800w, https:\/\/www.elturistatranquil.com\/wp-content\/uploads\/F19-18-02-11-St-Pau-de-Riu-sec_3138F-768x512.jpg 768w\" sizes=\"(max-width: 800px) 100vw, 800px\" \/>\t\t\t\t\t\t\t\t\t\t\t<figcaption class=\"widget-image-caption wp-caption-text\">Absis i campanar de l\u2019Esgl\u00e9sia de Sant Pau de Riu-sec<\/figcaption>\n\t\t\t\t\t\t\t\t\t\t<\/figure>\n\t\t\t\t\t\t\t\t\t<\/div>\n\t\t\t\t<\/div>\n\t\t\t\t<div class=\"elementor-element elementor-element-2b813e7c elementor-widget elementor-widget-text-editor\" data-id=\"2b813e7c\" data-element_type=\"widget\" data-e-type=\"widget\" data-widget_type=\"text-editor.default\">\n\t\t\t\t<div class=\"elementor-widget-container\">\n\t\t\t\t\t\t\t\t\t<p>Consultar a <a href=\"https:\/\/ca.wikipedia.org\/wiki\/Sant_Pau_de_Riu-sec\" target=\"_blank\" rel=\"noopener\">wikipedia<\/a>.<\/p>\t\t\t\t\t\t\t\t<\/div>\n\t\t\t\t<\/div>\n\t\t\t\t\t<\/div>\n\t\t<\/div>\n\t\t\t\t\t<\/div>\n\t\t<\/section>\n\t\t\t\t<section class=\"elementor-section elementor-top-section elementor-element elementor-element-36b0ae2 elementor-section-boxed elementor-section-height-default elementor-section-height-default\" data-id=\"36b0ae2\" data-element_type=\"section\" data-e-type=\"section\">\n\t\t\t\t\t\t<div class=\"elementor-container elementor-column-gap-default\">\n\t\t\t\t\t<div class=\"elementor-column elementor-col-100 elementor-top-column elementor-element elementor-element-2b43f7cd\" data-id=\"2b43f7cd\" data-element_type=\"column\" data-e-type=\"column\">\n\t\t\t<div class=\"elementor-widget-wrap\">\n\t\t\t\t\t\t\t<\/div>\n\t\t<\/div>\n\t\t\t\t\t<\/div>\n\t\t<\/section>\n\t\t\t\t<section class=\"elementor-section elementor-top-section elementor-element elementor-element-61203814 elementor-section-boxed elementor-section-height-default elementor-section-height-default\" data-id=\"61203814\" data-element_type=\"section\" data-e-type=\"section\">\n\t\t\t\t\t\t<div class=\"elementor-container elementor-column-gap-default\">\n\t\t\t\t\t<div class=\"elementor-column elementor-col-100 elementor-top-column elementor-element elementor-element-ba3ccc6\" data-id=\"ba3ccc6\" data-element_type=\"column\" data-e-type=\"column\">\n\t\t\t<div class=\"elementor-widget-wrap elementor-element-populated\">\n\t\t\t\t\t\t<div class=\"elementor-element elementor-element-5e072af5 elementor-share-buttons--view-icon elementor-share-buttons--skin-minimal elementor-share-buttons--shape-circle elementor-grid-0 elementor-share-buttons--color-official elementor-widget elementor-widget-global elementor-global-398 elementor-widget-share-buttons\" data-id=\"5e072af5\" data-element_type=\"widget\" data-e-type=\"widget\" data-widget_type=\"share-buttons.default\">\n\t\t\t\t<div class=\"elementor-widget-container\">\n\t\t\t\t\t\t\t<div class=\"elementor-grid\" role=\"list\">\n\t\t\t\t\t\t\t\t<div class=\"elementor-grid-item\" role=\"listitem\">\n\t\t\t\t\t\t<div class=\"elementor-share-btn elementor-share-btn_facebook\" role=\"button\" tabindex=\"0\" aria-label=\"Compartici\u00f3 en facebook\">\n\t\t\t\t\t\t\t\t\t\t\t\t\t\t\t<span class=\"elementor-share-btn__icon\">\n\t\t\t\t\t\t\t\t<i class=\"fab fa-facebook\" aria-hidden=\"true\"><\/i>\t\t\t\t\t\t\t<\/span>\n\t\t\t\t\t\t\t\t\t\t\t\t\t\t\t\t\t\t\t\t<\/div>\n\t\t\t\t\t<\/div>\n\t\t\t\t\t\t\t\t\t<div class=\"elementor-grid-item\" role=\"listitem\">\n\t\t\t\t\t\t<div class=\"elementor-share-btn elementor-share-btn_twitter\" role=\"button\" tabindex=\"0\" aria-label=\"Compartici\u00f3 en twitter\">\n\t\t\t\t\t\t\t\t\t\t\t\t\t\t\t<span class=\"elementor-share-btn__icon\">\n\t\t\t\t\t\t\t\t<i class=\"fab fa-twitter\" aria-hidden=\"true\"><\/i>\t\t\t\t\t\t\t<\/span>\n\t\t\t\t\t\t\t\t\t\t\t\t\t\t\t\t\t\t\t\t<\/div>\n\t\t\t\t\t<\/div>\n\t\t\t\t\t\t\t\t\t<div class=\"elementor-grid-item\" role=\"listitem\">\n\t\t\t\t\t\t<div class=\"elementor-share-btn elementor-share-btn_pinterest\" role=\"button\" tabindex=\"0\" aria-label=\"Compartici\u00f3 en pinterest\">\n\t\t\t\t\t\t\t\t\t\t\t\t\t\t\t<span class=\"elementor-share-btn__icon\">\n\t\t\t\t\t\t\t\t<i class=\"fab fa-pinterest\" aria-hidden=\"true\"><\/i>\t\t\t\t\t\t\t<\/span>\n\t\t\t\t\t\t\t\t\t\t\t\t\t\t\t\t\t\t\t\t<\/div>\n\t\t\t\t\t<\/div>\n\t\t\t\t\t\t\t\t\t<div class=\"elementor-grid-item\" role=\"listitem\">\n\t\t\t\t\t\t<div class=\"elementor-share-btn elementor-share-btn_whatsapp\" role=\"button\" tabindex=\"0\" aria-label=\"Compartici\u00f3 en whatsapp\">\n\t\t\t\t\t\t\t\t\t\t\t\t\t\t\t<span class=\"elementor-share-btn__icon\">\n\t\t\t\t\t\t\t\t<i class=\"fab fa-whatsapp\" aria-hidden=\"true\"><\/i>\t\t\t\t\t\t\t<\/span>\n\t\t\t\t\t\t\t\t\t\t\t\t\t\t\t\t\t\t\t\t<\/div>\n\t\t\t\t\t<\/div>\n\t\t\t\t\t\t\t\t\t<div class=\"elementor-grid-item\" role=\"listitem\">\n\t\t\t\t\t\t<div class=\"elementor-share-btn elementor-share-btn_email\" role=\"button\" tabindex=\"0\" aria-label=\"Compartici\u00f3 en email\">\n\t\t\t\t\t\t\t\t\t\t\t\t\t\t\t<span class=\"elementor-share-btn__icon\">\n\t\t\t\t\t\t\t\t<i class=\"fas fa-envelope\" aria-hidden=\"true\"><\/i>\t\t\t\t\t\t\t<\/span>\n\t\t\t\t\t\t\t\t\t\t\t\t\t\t\t\t\t\t\t\t<\/div>\n\t\t\t\t\t<\/div>\n\t\t\t\t\t\t<\/div>\n\t\t\t\t\t\t<\/div>\n\t\t\t\t<\/div>\n\t\t\t\t\t<\/div>\n\t\t<\/div>\n\t\t\t\t\t<\/div>\n\t\t<\/section>\n\t\t\t\t<\/div>\n\t\t","protected":false},"excerpt":{"rendered":"<p>L&#8217;Esgl\u00e9sia de Santa Maria de Barber\u00e0 (Barcelona) \u00e9s una joia rom\u00e0nica en un entorn urb\u00e0. En ella es troba un dels pocs exemples de pintures murals in situ del rom\u00e0nic &#8230; <a title=\"Esgl\u00e9sia de Santa Maria de Barber\u00e0 del Vall\u00e8s: La Rom\u00e0nica (Barcelona)\" class=\"read-more\" href=\"https:\/\/www.elturistatranquil.com\/ca\/esglesia-de-santa-maria-de-barbera-del-valles-la-romanica\/\" aria-label=\"M\u00e9s informaci\u00f3 sobre Esgl\u00e9sia de Santa Maria de Barber\u00e0 del Vall\u00e8s: La Rom\u00e0nica (Barcelona)\">[ &#8230; ]<\/a><\/p>\n","protected":false},"author":1,"featured_media":35592,"comment_status":"open","ping_status":"closed","sticky":false,"template":"","format":"standard","meta":{"footnotes":""},"categories":[72,73,87,104],"tags":[],"class_list":["post-9919","post","type-post","status-publish","format-standard","has-post-thumbnail","hentry","category-arquitectura-religiosa-ca","category-barcelona-ca","category-joies-al-territori","category-preromanic-ca","infinite-scroll-item","generate-columns","tablet-grid-50","mobile-grid-100","grid-parent","grid-50","no-featured-image-padding"],"yoast_head":"<!-- This site is optimized with the Yoast SEO plugin v27.4 - https:\/\/yoast.com\/product\/yoast-seo-wordpress\/ -->\n<title>Esgl\u00e9sia de Santa Maria de Barber\u00e0 del Vall\u00e8s: La Rom\u00e0nica (Barcelona) - El turista tranquil<\/title>\n<meta name=\"description\" content=\"L&#039;Esgl\u00e9sia de Santa Maria de Barber\u00e0 (Barcelona) \u00e9s una joia rom\u00e0nica en un entorn urb\u00e0. En ella es troba un dels pocs exemples de pintures murals in situ del rom\u00e0nic catal\u00e0.\" \/>\n<meta name=\"robots\" content=\"index, follow, max-snippet:-1, max-image-preview:large, max-video-preview:-1\" \/>\n<link rel=\"canonical\" href=\"https:\/\/www.elturistatranquil.com\/ca\/esglesia-de-santa-maria-de-barbera-del-valles-la-romanica\/\" \/>\n<meta property=\"og:locale\" content=\"ca_ES\" \/>\n<meta property=\"og:type\" content=\"article\" \/>\n<meta property=\"og:title\" content=\"Esgl\u00e9sia de Santa Maria de Barber\u00e0 del Vall\u00e8s: La Rom\u00e0nica (Barcelona) - El turista tranquil\" \/>\n<meta property=\"og:description\" content=\"L&#039;Esgl\u00e9sia de Santa Maria de Barber\u00e0 (Barcelona) \u00e9s una joia rom\u00e0nica en un entorn urb\u00e0. En ella es troba un dels pocs exemples de pintures murals in situ del rom\u00e0nic catal\u00e0.\" \/>\n<meta property=\"og:url\" content=\"https:\/\/www.elturistatranquil.com\/ca\/esglesia-de-santa-maria-de-barbera-del-valles-la-romanica\/\" \/>\n<meta property=\"og:site_name\" content=\"El turista tranquil\" \/>\n<meta property=\"article:publisher\" content=\"https:\/\/www.facebook.com\/elturistatranquilo\/\" \/>\n<meta property=\"article:published_time\" content=\"2018-03-09T12:00:17+00:00\" \/>\n<meta property=\"article:modified_time\" content=\"2021-05-19T08:16:42+00:00\" \/>\n<meta property=\"og:image\" content=\"https:\/\/www.elturistatranquil.com\/wp-content\/uploads\/F01-Iglesia-romanica-de-Santa-Maria-de-Barbera-del-Valles.jpg\" \/>\n\t<meta property=\"og:image:width\" content=\"800\" \/>\n\t<meta property=\"og:image:height\" content=\"534\" \/>\n\t<meta property=\"og:image:type\" content=\"image\/jpeg\" \/>\n<meta name=\"author\" content=\"admin\" \/>\n<meta name=\"twitter:card\" content=\"summary_large_image\" \/>\n<meta name=\"twitter:label1\" content=\"Escrit per\" \/>\n\t<meta name=\"twitter:data1\" content=\"admin\" \/>\n\t<meta name=\"twitter:label2\" content=\"Temps estimat de lectura\" \/>\n\t<meta name=\"twitter:data2\" content=\"9 minuts\" \/>\n<script type=\"application\/ld+json\" class=\"yoast-schema-graph\">{\"@context\":\"https:\\\/\\\/schema.org\",\"@graph\":[{\"@type\":\"Article\",\"@id\":\"https:\\\/\\\/www.elturistatranquil.com\\\/ca\\\/esglesia-de-santa-maria-de-barbera-del-valles-la-romanica\\\/#article\",\"isPartOf\":{\"@id\":\"https:\\\/\\\/www.elturistatranquil.com\\\/ca\\\/esglesia-de-santa-maria-de-barbera-del-valles-la-romanica\\\/\"},\"author\":{\"name\":\"admin\",\"@id\":\"https:\\\/\\\/www.elturistatranquil.com\\\/ca\\\/#\\\/schema\\\/person\\\/16f607c3079b96ed0c530a52e6b58bb5\"},\"headline\":\"Esgl\u00e9sia de Santa Maria de Barber\u00e0 del Vall\u00e8s: La Rom\u00e0nica (Barcelona)\",\"datePublished\":\"2018-03-09T12:00:17+00:00\",\"dateModified\":\"2021-05-19T08:16:42+00:00\",\"mainEntityOfPage\":{\"@id\":\"https:\\\/\\\/www.elturistatranquil.com\\\/ca\\\/esglesia-de-santa-maria-de-barbera-del-valles-la-romanica\\\/\"},\"wordCount\":1194,\"commentCount\":0,\"image\":{\"@id\":\"https:\\\/\\\/www.elturistatranquil.com\\\/ca\\\/esglesia-de-santa-maria-de-barbera-del-valles-la-romanica\\\/#primaryimage\"},\"thumbnailUrl\":\"https:\\\/\\\/www.elturistatranquil.com\\\/wp-content\\\/uploads\\\/F01-Iglesia-romanica-de-Santa-Maria-de-Barbera-del-Valles.jpg\",\"articleSection\":[\"Arquitectura religiosa\",\"Barcelona\",\"Joies al territori\",\"Rom\u00e0nic\"],\"inLanguage\":\"ca\",\"potentialAction\":[{\"@type\":\"CommentAction\",\"name\":\"Comment\",\"target\":[\"https:\\\/\\\/www.elturistatranquil.com\\\/ca\\\/esglesia-de-santa-maria-de-barbera-del-valles-la-romanica\\\/#respond\"]}]},{\"@type\":\"WebPage\",\"@id\":\"https:\\\/\\\/www.elturistatranquil.com\\\/ca\\\/esglesia-de-santa-maria-de-barbera-del-valles-la-romanica\\\/\",\"url\":\"https:\\\/\\\/www.elturistatranquil.com\\\/ca\\\/esglesia-de-santa-maria-de-barbera-del-valles-la-romanica\\\/\",\"name\":\"Esgl\u00e9sia de Santa Maria de Barber\u00e0 del Vall\u00e8s: La Rom\u00e0nica (Barcelona) - El turista tranquil\",\"isPartOf\":{\"@id\":\"https:\\\/\\\/www.elturistatranquil.com\\\/ca\\\/#website\"},\"primaryImageOfPage\":{\"@id\":\"https:\\\/\\\/www.elturistatranquil.com\\\/ca\\\/esglesia-de-santa-maria-de-barbera-del-valles-la-romanica\\\/#primaryimage\"},\"image\":{\"@id\":\"https:\\\/\\\/www.elturistatranquil.com\\\/ca\\\/esglesia-de-santa-maria-de-barbera-del-valles-la-romanica\\\/#primaryimage\"},\"thumbnailUrl\":\"https:\\\/\\\/www.elturistatranquil.com\\\/wp-content\\\/uploads\\\/F01-Iglesia-romanica-de-Santa-Maria-de-Barbera-del-Valles.jpg\",\"datePublished\":\"2018-03-09T12:00:17+00:00\",\"dateModified\":\"2021-05-19T08:16:42+00:00\",\"author\":{\"@id\":\"https:\\\/\\\/www.elturistatranquil.com\\\/ca\\\/#\\\/schema\\\/person\\\/16f607c3079b96ed0c530a52e6b58bb5\"},\"description\":\"L'Esgl\u00e9sia de Santa Maria de Barber\u00e0 (Barcelona) \u00e9s una joia rom\u00e0nica en un entorn urb\u00e0. En ella es troba un dels pocs exemples de pintures murals in situ del rom\u00e0nic catal\u00e0.\",\"breadcrumb\":{\"@id\":\"https:\\\/\\\/www.elturistatranquil.com\\\/ca\\\/esglesia-de-santa-maria-de-barbera-del-valles-la-romanica\\\/#breadcrumb\"},\"inLanguage\":\"ca\",\"potentialAction\":[{\"@type\":\"ReadAction\",\"target\":[\"https:\\\/\\\/www.elturistatranquil.com\\\/ca\\\/esglesia-de-santa-maria-de-barbera-del-valles-la-romanica\\\/\"]}]},{\"@type\":\"ImageObject\",\"inLanguage\":\"ca\",\"@id\":\"https:\\\/\\\/www.elturistatranquil.com\\\/ca\\\/esglesia-de-santa-maria-de-barbera-del-valles-la-romanica\\\/#primaryimage\",\"url\":\"https:\\\/\\\/www.elturistatranquil.com\\\/wp-content\\\/uploads\\\/F01-Iglesia-romanica-de-Santa-Maria-de-Barbera-del-Valles.jpg\",\"contentUrl\":\"https:\\\/\\\/www.elturistatranquil.com\\\/wp-content\\\/uploads\\\/F01-Iglesia-romanica-de-Santa-Maria-de-Barbera-del-Valles.jpg\",\"width\":800,\"height\":534,\"caption\":\"Iglesia-rom\u00e1nica-de-Santa-Mar\u00eda-de-Barber\u00e0-del-Vall\u00e8s\"},{\"@type\":\"BreadcrumbList\",\"@id\":\"https:\\\/\\\/www.elturistatranquil.com\\\/ca\\\/esglesia-de-santa-maria-de-barbera-del-valles-la-romanica\\\/#breadcrumb\",\"itemListElement\":[{\"@type\":\"ListItem\",\"position\":1,\"name\":\"Portada\",\"item\":\"https:\\\/\\\/www.elturistatranquil.com\\\/ca\\\/\"},{\"@type\":\"ListItem\",\"position\":2,\"name\":\"Esgl\u00e9sia de Santa Maria de Barber\u00e0 del Vall\u00e8s: La Rom\u00e0nica (Barcelona)\"}]},{\"@type\":\"WebSite\",\"@id\":\"https:\\\/\\\/www.elturistatranquil.com\\\/ca\\\/#website\",\"url\":\"https:\\\/\\\/www.elturistatranquil.com\\\/ca\\\/\",\"name\":\"El turista tranquil\",\"description\":\"Blog de viatges\",\"potentialAction\":[{\"@type\":\"SearchAction\",\"target\":{\"@type\":\"EntryPoint\",\"urlTemplate\":\"https:\\\/\\\/www.elturistatranquil.com\\\/ca\\\/?s={search_term_string}\"},\"query-input\":{\"@type\":\"PropertyValueSpecification\",\"valueRequired\":true,\"valueName\":\"search_term_string\"}}],\"inLanguage\":\"ca\"},{\"@type\":\"Person\",\"@id\":\"https:\\\/\\\/www.elturistatranquil.com\\\/ca\\\/#\\\/schema\\\/person\\\/16f607c3079b96ed0c530a52e6b58bb5\",\"name\":\"admin\",\"image\":{\"@type\":\"ImageObject\",\"inLanguage\":\"ca\",\"@id\":\"https:\\\/\\\/secure.gravatar.com\\\/avatar\\\/1fbaf22aee75fcbb29a2f97b107f95d25d3a19b7c3416105be10269872673e8d?s=96&d=mm&r=g\",\"url\":\"https:\\\/\\\/secure.gravatar.com\\\/avatar\\\/1fbaf22aee75fcbb29a2f97b107f95d25d3a19b7c3416105be10269872673e8d?s=96&d=mm&r=g\",\"contentUrl\":\"https:\\\/\\\/secure.gravatar.com\\\/avatar\\\/1fbaf22aee75fcbb29a2f97b107f95d25d3a19b7c3416105be10269872673e8d?s=96&d=mm&r=g\",\"caption\":\"admin\"}}]}<\/script>\n<!-- \/ Yoast SEO plugin. -->","yoast_head_json":{"title":"Esgl\u00e9sia de Santa Maria de Barber\u00e0 del Vall\u00e8s: La Rom\u00e0nica (Barcelona) - El turista tranquil","description":"L'Esgl\u00e9sia de Santa Maria de Barber\u00e0 (Barcelona) \u00e9s una joia rom\u00e0nica en un entorn urb\u00e0. En ella es troba un dels pocs exemples de pintures murals in situ del rom\u00e0nic catal\u00e0.","robots":{"index":"index","follow":"follow","max-snippet":"max-snippet:-1","max-image-preview":"max-image-preview:large","max-video-preview":"max-video-preview:-1"},"canonical":"https:\/\/www.elturistatranquil.com\/ca\/esglesia-de-santa-maria-de-barbera-del-valles-la-romanica\/","og_locale":"ca_ES","og_type":"article","og_title":"Esgl\u00e9sia de Santa Maria de Barber\u00e0 del Vall\u00e8s: La Rom\u00e0nica (Barcelona) - El turista tranquil","og_description":"L'Esgl\u00e9sia de Santa Maria de Barber\u00e0 (Barcelona) \u00e9s una joia rom\u00e0nica en un entorn urb\u00e0. En ella es troba un dels pocs exemples de pintures murals in situ del rom\u00e0nic catal\u00e0.","og_url":"https:\/\/www.elturistatranquil.com\/ca\/esglesia-de-santa-maria-de-barbera-del-valles-la-romanica\/","og_site_name":"El turista tranquil","article_publisher":"https:\/\/www.facebook.com\/elturistatranquilo\/","article_published_time":"2018-03-09T12:00:17+00:00","article_modified_time":"2021-05-19T08:16:42+00:00","og_image":[{"width":800,"height":534,"url":"https:\/\/www.elturistatranquil.com\/wp-content\/uploads\/F01-Iglesia-romanica-de-Santa-Maria-de-Barbera-del-Valles.jpg","type":"image\/jpeg"}],"author":"admin","twitter_card":"summary_large_image","twitter_misc":{"Escrit per":"admin","Temps estimat de lectura":"9 minuts"},"schema":{"@context":"https:\/\/schema.org","@graph":[{"@type":"Article","@id":"https:\/\/www.elturistatranquil.com\/ca\/esglesia-de-santa-maria-de-barbera-del-valles-la-romanica\/#article","isPartOf":{"@id":"https:\/\/www.elturistatranquil.com\/ca\/esglesia-de-santa-maria-de-barbera-del-valles-la-romanica\/"},"author":{"name":"admin","@id":"https:\/\/www.elturistatranquil.com\/ca\/#\/schema\/person\/16f607c3079b96ed0c530a52e6b58bb5"},"headline":"Esgl\u00e9sia de Santa Maria de Barber\u00e0 del Vall\u00e8s: La Rom\u00e0nica (Barcelona)","datePublished":"2018-03-09T12:00:17+00:00","dateModified":"2021-05-19T08:16:42+00:00","mainEntityOfPage":{"@id":"https:\/\/www.elturistatranquil.com\/ca\/esglesia-de-santa-maria-de-barbera-del-valles-la-romanica\/"},"wordCount":1194,"commentCount":0,"image":{"@id":"https:\/\/www.elturistatranquil.com\/ca\/esglesia-de-santa-maria-de-barbera-del-valles-la-romanica\/#primaryimage"},"thumbnailUrl":"https:\/\/www.elturistatranquil.com\/wp-content\/uploads\/F01-Iglesia-romanica-de-Santa-Maria-de-Barbera-del-Valles.jpg","articleSection":["Arquitectura religiosa","Barcelona","Joies al territori","Rom\u00e0nic"],"inLanguage":"ca","potentialAction":[{"@type":"CommentAction","name":"Comment","target":["https:\/\/www.elturistatranquil.com\/ca\/esglesia-de-santa-maria-de-barbera-del-valles-la-romanica\/#respond"]}]},{"@type":"WebPage","@id":"https:\/\/www.elturistatranquil.com\/ca\/esglesia-de-santa-maria-de-barbera-del-valles-la-romanica\/","url":"https:\/\/www.elturistatranquil.com\/ca\/esglesia-de-santa-maria-de-barbera-del-valles-la-romanica\/","name":"Esgl\u00e9sia de Santa Maria de Barber\u00e0 del Vall\u00e8s: La Rom\u00e0nica (Barcelona) - El turista tranquil","isPartOf":{"@id":"https:\/\/www.elturistatranquil.com\/ca\/#website"},"primaryImageOfPage":{"@id":"https:\/\/www.elturistatranquil.com\/ca\/esglesia-de-santa-maria-de-barbera-del-valles-la-romanica\/#primaryimage"},"image":{"@id":"https:\/\/www.elturistatranquil.com\/ca\/esglesia-de-santa-maria-de-barbera-del-valles-la-romanica\/#primaryimage"},"thumbnailUrl":"https:\/\/www.elturistatranquil.com\/wp-content\/uploads\/F01-Iglesia-romanica-de-Santa-Maria-de-Barbera-del-Valles.jpg","datePublished":"2018-03-09T12:00:17+00:00","dateModified":"2021-05-19T08:16:42+00:00","author":{"@id":"https:\/\/www.elturistatranquil.com\/ca\/#\/schema\/person\/16f607c3079b96ed0c530a52e6b58bb5"},"description":"L'Esgl\u00e9sia de Santa Maria de Barber\u00e0 (Barcelona) \u00e9s una joia rom\u00e0nica en un entorn urb\u00e0. En ella es troba un dels pocs exemples de pintures murals in situ del rom\u00e0nic catal\u00e0.","breadcrumb":{"@id":"https:\/\/www.elturistatranquil.com\/ca\/esglesia-de-santa-maria-de-barbera-del-valles-la-romanica\/#breadcrumb"},"inLanguage":"ca","potentialAction":[{"@type":"ReadAction","target":["https:\/\/www.elturistatranquil.com\/ca\/esglesia-de-santa-maria-de-barbera-del-valles-la-romanica\/"]}]},{"@type":"ImageObject","inLanguage":"ca","@id":"https:\/\/www.elturistatranquil.com\/ca\/esglesia-de-santa-maria-de-barbera-del-valles-la-romanica\/#primaryimage","url":"https:\/\/www.elturistatranquil.com\/wp-content\/uploads\/F01-Iglesia-romanica-de-Santa-Maria-de-Barbera-del-Valles.jpg","contentUrl":"https:\/\/www.elturistatranquil.com\/wp-content\/uploads\/F01-Iglesia-romanica-de-Santa-Maria-de-Barbera-del-Valles.jpg","width":800,"height":534,"caption":"Iglesia-rom\u00e1nica-de-Santa-Mar\u00eda-de-Barber\u00e0-del-Vall\u00e8s"},{"@type":"BreadcrumbList","@id":"https:\/\/www.elturistatranquil.com\/ca\/esglesia-de-santa-maria-de-barbera-del-valles-la-romanica\/#breadcrumb","itemListElement":[{"@type":"ListItem","position":1,"name":"Portada","item":"https:\/\/www.elturistatranquil.com\/ca\/"},{"@type":"ListItem","position":2,"name":"Esgl\u00e9sia de Santa Maria de Barber\u00e0 del Vall\u00e8s: La Rom\u00e0nica (Barcelona)"}]},{"@type":"WebSite","@id":"https:\/\/www.elturistatranquil.com\/ca\/#website","url":"https:\/\/www.elturistatranquil.com\/ca\/","name":"El turista tranquil","description":"Blog de viatges","potentialAction":[{"@type":"SearchAction","target":{"@type":"EntryPoint","urlTemplate":"https:\/\/www.elturistatranquil.com\/ca\/?s={search_term_string}"},"query-input":{"@type":"PropertyValueSpecification","valueRequired":true,"valueName":"search_term_string"}}],"inLanguage":"ca"},{"@type":"Person","@id":"https:\/\/www.elturistatranquil.com\/ca\/#\/schema\/person\/16f607c3079b96ed0c530a52e6b58bb5","name":"admin","image":{"@type":"ImageObject","inLanguage":"ca","@id":"https:\/\/secure.gravatar.com\/avatar\/1fbaf22aee75fcbb29a2f97b107f95d25d3a19b7c3416105be10269872673e8d?s=96&d=mm&r=g","url":"https:\/\/secure.gravatar.com\/avatar\/1fbaf22aee75fcbb29a2f97b107f95d25d3a19b7c3416105be10269872673e8d?s=96&d=mm&r=g","contentUrl":"https:\/\/secure.gravatar.com\/avatar\/1fbaf22aee75fcbb29a2f97b107f95d25d3a19b7c3416105be10269872673e8d?s=96&d=mm&r=g","caption":"admin"}}]}},"_links":{"self":[{"href":"https:\/\/www.elturistatranquil.com\/ca\/wp-json\/wp\/v2\/posts\/9919","targetHints":{"allow":["GET"]}}],"collection":[{"href":"https:\/\/www.elturistatranquil.com\/ca\/wp-json\/wp\/v2\/posts"}],"about":[{"href":"https:\/\/www.elturistatranquil.com\/ca\/wp-json\/wp\/v2\/types\/post"}],"author":[{"embeddable":true,"href":"https:\/\/www.elturistatranquil.com\/ca\/wp-json\/wp\/v2\/users\/1"}],"replies":[{"embeddable":true,"href":"https:\/\/www.elturistatranquil.com\/ca\/wp-json\/wp\/v2\/comments?post=9919"}],"version-history":[{"count":5,"href":"https:\/\/www.elturistatranquil.com\/ca\/wp-json\/wp\/v2\/posts\/9919\/revisions"}],"predecessor-version":[{"id":35623,"href":"https:\/\/www.elturistatranquil.com\/ca\/wp-json\/wp\/v2\/posts\/9919\/revisions\/35623"}],"wp:featuredmedia":[{"embeddable":true,"href":"https:\/\/www.elturistatranquil.com\/ca\/wp-json\/wp\/v2\/media\/35592"}],"wp:attachment":[{"href":"https:\/\/www.elturistatranquil.com\/ca\/wp-json\/wp\/v2\/media?parent=9919"}],"wp:term":[{"taxonomy":"category","embeddable":true,"href":"https:\/\/www.elturistatranquil.com\/ca\/wp-json\/wp\/v2\/categories?post=9919"},{"taxonomy":"post_tag","embeddable":true,"href":"https:\/\/www.elturistatranquil.com\/ca\/wp-json\/wp\/v2\/tags?post=9919"}],"curies":[{"name":"wp","href":"https:\/\/api.w.org\/{rel}","templated":true}]}}